{"id":28030,"date":"2018-09-20T10:05:05","date_gmt":"2018-09-20T13:05:05","guid":{"rendered":"http:\/\/blogdoeloiltoncajuhy.com.br\/site\/?p=28030"},"modified":"2018-09-20T10:06:50","modified_gmt":"2018-09-20T13:06:50","slug":"gestores-poderao-pagar-professores-com-precatorios-do-extinto-fundef-diz-deputado","status":"publish","type":"post","link":"https:\/\/blogdoeloiltoncajuhy.com.br\/site\/gestores-poderao-pagar-professores-com-precatorios-do-extinto-fundef-diz-deputado\/","title":{"rendered":"Gestores poder\u00e3o pagar professores com precat\u00f3rios do extinto Fundef, diz deputado"},"content":{"rendered":"<h5 style=\"text-align: center;\"><em>O Plen\u00e1rio da C\u00e2mara discutiu o assunto em Comiss\u00e3o Geral nesta quarta-feira<\/em><\/h5>\n<p><a href=\"https:\/\/i0.wp.com\/blogdoeloiltoncajuhy.com.br\/site\/wp-content\/uploads\/2017\/05\/professores-ilustra%C3%A7%C3%A3o-e1496271329340.jpg\"><img data-recalc-dims=\"1\" fetchpriority=\"high\" decoding=\"async\" class=\"aligncenter size-full wp-image-17828\" src=\"https:\/\/i0.wp.com\/blogdoeloiltoncajuhy.com.br\/site\/wp-content\/uploads\/2017\/05\/professores-ilustra%C3%A7%C3%A3o-e1496271329340.jpg?resize=460%2C433\" alt=\"\" width=\"460\" height=\"433\" \/><\/a>A C\u00e2mara realizou audi\u00eancia p\u00fablica, nesta quarta-feira (19), na comiss\u00e3o comiss\u00e3o geral, para debater o uso de recursos de precat\u00f3rios do Fundef para pagar a remunera\u00e7\u00e3o, passivos trabalhistas ou b\u00f4nus de professores e outros profissionais da educa\u00e7\u00e3o.<\/p>\n<p>Os precat\u00f3rios, no valor de 90 bilh\u00f5es de reais, s\u00e3o o resultado de erros de c\u00e1lculos da Uni\u00e3o ao repassar a complementa\u00e7\u00e3o do Fundef para estados e munic\u00edpios entre 1998 e 2006.<\/p>\n<p>Decis\u00e3o do Tribunal de Contas da Uni\u00e3o determinou que, em rela\u00e7\u00e3o aos precat\u00f3rios, a vincula\u00e7\u00e3o de 60% do total para pagamento dos professores n\u00e3o precisa ser cumprida. O que libera os recursos para serem usados em outras \u00e1reas da educa\u00e7\u00e3o.<\/p>\n<p>O diretor do sindicato dos professores da rede p\u00fablica de Lauro de Freitas, na Bahia, Rafael Henrique, lamentou a decis\u00e3o do TCU, afirmando que a medida trouxe inseguran\u00e7a jur\u00eddica em rela\u00e7\u00e3o ao uso desses recursos.<\/p>\n<p>&#8220;<em>O TCU, a meu ver, vem gerando essa inseguran\u00e7a, essa instabilidade e dando muni\u00e7\u00e3o, isso \u00e9 o mais grave, para gestores municipais e estaduais que n\u00e3o tenham interesse em fazer o pagamento, justamente o argumento, a possibilidade de dizer &#8216;com base na orienta\u00e7\u00e3o do Tribunal de Contas eu n\u00e3o vou pagar&#8217;<\/em>&#8220;.<\/p>\n<p>A representante do Minist\u00e9rio P\u00fablico de Contas de Pernambuco, Germana Laureano, destacou que o entendimento em rela\u00e7\u00e3o \u00e0 decis\u00e3o do TCU, pelo menos naquele estado, \u00e9 de que a vincula\u00e7\u00e3o deve ser mantida sim.<\/p>\n<p>&#8220;<em>O questionamento que fizemos no Minist\u00e9rio P\u00fablico de Contas foi justamente este se \u00e0 \u00e9poca a complementa\u00e7\u00e3o tivesse sido feita adequadamente pela Uni\u00e3o a cada um real pago, 60 centavos iam ser destinados aos professores? A minha resposta, eu tenho a resposta \u00e9 sim<\/em>&#8220;.<\/p>\n<p>O deputado JHC, do PSB de Alagoas, que sugeriu a realiza\u00e7\u00e3o da audi\u00eancia, destacou que na legisla\u00e7\u00e3o est\u00e1 prevista a vincula\u00e7\u00e3o de 60 por cento dos recursos para o pagamento de professores.<\/p>\n<p>O deputado destacou que uma nota t\u00e9cnica do Fundo Nacional de Desenvolvimento da Educa\u00e7\u00e3o, enviada ao TCU, determina que a legisla\u00e7\u00e3o deve ser cumprida tamb\u00e9m em rela\u00e7\u00e3o aos precat\u00f3rios.<\/p>\n<p>&#8220;<em>Os 60% os professores t\u00eam direito e entra como valoriza\u00e7\u00e3o do magist\u00e9rio. Ent\u00e3o ele \u00e9 distribu\u00eddo de acordo com o munic\u00edpio, o n\u00famero de professores e ser\u00e1 feito um acordo a n\u00edvel local em cada munic\u00edpio, homologado pela justi\u00e7a e poder\u00e1 ser feito esse pagamento<\/em>&#8220;.<\/p>\n<p>JHC lembrou que a decis\u00e3o do FNDE foi resultado da press\u00e3o exercida pela comiss\u00e3o especial da C\u00e2mara destinada a acompanhar o repasse desses recursos.<\/p>\n<p><em><strong>*Reportagem &#8211; Karla Alessandra \/ R\u00e1dio C\u00e2mara<\/strong><\/em><\/p>\n","protected":false},"excerpt":{"rendered":"<p>O Plen\u00e1rio da C\u00e2mara discutiu o assunto em Comiss\u00e3o Geral nesta quarta-feira A C\u00e2mara realizou audi\u00eancia p\u00fablica, nesta quarta-feira (19), na comiss\u00e3o comiss\u00e3o geral, para debater o uso de recursos de precat\u00f3rios do Fundef para pagar a remunera\u00e7\u00e3o, passivos trabalhistas ou b\u00f4nus de professores e outros profissionais da educa\u00e7\u00e3o. Os precat\u00f3rios, no valor de 90 [&hellip;]<\/p>\n","protected":false},"author":2,"featured_media":0,"comment_status":"open","ping_status":"open","sticky":false,"template":"","format":"standard","meta":{"_acf_changed":false,"_monsterinsights_skip_tracking":false,"_monsterinsights_sitenote_active":false,"_monsterinsights_sitenote_note":"","_monsterinsights_sitenote_category":0,"_jetpack_memberships_contains_paid_content":false,"footnotes":"","jetpack_publicize_message":"","jetpack_publicize_feature_enabled":true,"jetpack_social_post_already_shared":true,"jetpack_social_options":{"image_generator_settings":{"template":"highway","default_image_id":0,"font":"","enabled":false},"version":2}},"categories":[14,1,3],"tags":[],"class_list":["post-28030","post","type-post","status-publish","format-standard","hentry","category-educacao","category-noticias","category-politica"],"acf":[],"jetpack_publicize_connections":[],"jetpack_featured_media_url":"","jetpack_sharing_enabled":true,"publishpress_future_workflow_manual_trigger":{"enabledWorkflows":[]},"_links":{"self":[{"href":"https:\/\/blogdoeloiltoncajuhy.com.br\/site\/wp-json\/wp\/v2\/posts\/28030","targetHints":{"allow":["GET"]}}],"collection":[{"href":"https:\/\/blogdoeloiltoncajuhy.com.br\/site\/wp-json\/wp\/v2\/posts"}],"about":[{"href":"https:\/\/blogdoeloiltoncajuhy.com.br\/site\/wp-json\/wp\/v2\/types\/post"}],"author":[{"embeddable":true,"href":"https:\/\/blogdoeloiltoncajuhy.com.br\/site\/wp-json\/wp\/v2\/users\/2"}],"replies":[{"embeddable":true,"href":"https:\/\/blogdoeloiltoncajuhy.com.br\/site\/wp-json\/wp\/v2\/comments?post=28030"}],"version-history":[{"count":2,"href":"https:\/\/blogdoeloiltoncajuhy.com.br\/site\/wp-json\/wp\/v2\/posts\/28030\/revisions"}],"predecessor-version":[{"id":28032,"href":"https:\/\/blogdoeloiltoncajuhy.com.br\/site\/wp-json\/wp\/v2\/posts\/28030\/revisions\/28032"}],"wp:attachment":[{"href":"https:\/\/blogdoeloiltoncajuhy.com.br\/site\/wp-json\/wp\/v2\/media?parent=28030"}],"wp:term":[{"taxonomy":"category","embeddable":true,"href":"https:\/\/blogdoeloiltoncajuhy.com.br\/site\/wp-json\/wp\/v2\/categories?post=28030"},{"taxonomy":"post_tag","embeddable":true,"href":"https:\/\/blogdoeloiltoncajuhy.com.br\/site\/wp-json\/wp\/v2\/tags?post=28030"}],"curies":[{"name":"wp","href":"https:\/\/api.w.org\/{rel}","templated":true}]}}