{"id":28028,"date":"2018-09-20T09:48:30","date_gmt":"2018-09-20T12:48:30","guid":{"rendered":"http:\/\/blogdoeloiltoncajuhy.com.br\/site\/?p=28028"},"modified":"2018-09-20T09:48:30","modified_gmt":"2018-09-20T12:48:30","slug":"tribunal-do-juri-condena-homem-acusado-de-matar-primo-em-andorinha-a-29-anos-de-prisao-defesa-recorre","status":"publish","type":"post","link":"https:\/\/blogdoeloiltoncajuhy.com.br\/site\/tribunal-do-juri-condena-homem-acusado-de-matar-primo-em-andorinha-a-29-anos-de-prisao-defesa-recorre\/","title":{"rendered":"Tribunal do J\u00fari condena homem acusado de matar primo em Andorinha a 29 anos de pris\u00e3o; Defesa recorre"},"content":{"rendered":"<p><a href=\"https:\/\/i0.wp.com\/blogdoeloiltoncajuhy.com.br\/site\/wp-content\/uploads\/2017\/08\/juri-popular.jpg\"><img data-recalc-dims=\"1\" fetchpriority=\"high\" decoding=\"async\" class=\"wp-image-19787 alignright\" src=\"https:\/\/i0.wp.com\/blogdoeloiltoncajuhy.com.br\/site\/wp-content\/uploads\/2017\/08\/juri-popular.jpg?resize=380%2C271\" alt=\"\" width=\"380\" height=\"271\" srcset=\"https:\/\/i0.wp.com\/blogdoeloiltoncajuhy.com.br\/site\/wp-content\/uploads\/2017\/08\/juri-popular.jpg?resize=300%2C214&amp;ssl=1 300w, https:\/\/i0.wp.com\/blogdoeloiltoncajuhy.com.br\/site\/wp-content\/uploads\/2017\/08\/juri-popular.jpg?resize=250%2C179&amp;ssl=1 250w, https:\/\/i0.wp.com\/blogdoeloiltoncajuhy.com.br\/site\/wp-content\/uploads\/2017\/08\/juri-popular.jpg?w=500&amp;ssl=1 500w\" sizes=\"(max-width: 380px) 100vw, 380px\" \/><\/a>O tribunal do J\u00fari Popular da Comarca de Senhor do Bonfim, presidido pelo Juiz de Direito, Dr. Teomar\u00a0Almeida de Oliveira, titular da Vara Crime, se reuniu nesta ter\u00e7a-feira (19), para julgar o r\u00e9u\u00a0<strong>Abdias Ferreira de Oliveira<\/strong>, acusado de matar seu primo,\u00a0<strong>Paulo Ferreira da Concei\u00e7\u00e3o<\/strong>, fato ocorrido no dia 13 de abril de 2014, por volta das 22h30, na Fazenda S\u00e3o Jo\u00e3o, munic\u00edpio de Andorinha-BA.<\/p>\n<p>Por 4 x 3, os jurados decidiram condenar Abdias a 29 anos de reclus\u00e3o, em regime inicialmente fechado.\u00a0A defesa do r\u00e9u, patrocinada pelo criminalista Dr. Marcus Rebou\u00e7as, recorreu em plen\u00e1rio da senten\u00e7a mediante a apresenta\u00e7\u00e3o de Recurso de Apela\u00e7\u00e3o, o qual dever\u00e1 ser julgado pelo Tribunal de Justi\u00e7a da Bahia.<\/p>\n<p>Segundo o advogado, &#8220;<em>nas raz\u00f5es iniciais, aduz ser a pena aplicada extremamente excessiva, como ainda que os jurados julgaram por 4 x 3 e, portanto, com a diferen\u00e7a de apenas 01 voto quanto \u00e0 tese da defesa, sendo que ainda e pela quebra da incomunicabilidade entre duas testemunhas da acusa\u00e7\u00e3o, o j\u00fari dever\u00e1 em breve ser anulado para que outro julgamento seja realizado nesta comarca<\/em>&#8220;, afirmou Dr. Marcus Rebou\u00e7as.<\/p>\n<p><em><strong>*BLOG DO ELOILTON CAJUHY<\/strong><\/em><\/p>\n","protected":false},"excerpt":{"rendered":"<p>O tribunal do J\u00fari Popular da Comarca de Senhor do Bonfim, presidido pelo Juiz de Direito, Dr. Teomar\u00a0Almeida de Oliveira, titular da Vara Crime, se reuniu nesta ter\u00e7a-feira (19), para julgar o r\u00e9u\u00a0Abdias Ferreira de Oliveira, acusado de matar seu primo,\u00a0Paulo Ferreira da Concei\u00e7\u00e3o, fato ocorrido no dia 13 de abril de 2014, por volta [&hellip;]<\/p>\n","protected":false},"author":2,"featured_media":0,"comment_status":"open","ping_status":"open","sticky":false,"template":"","format":"standard","meta":{"_acf_changed":false,"_monsterinsights_skip_tracking":false,"_monsterinsights_sitenote_active":false,"_monsterinsights_sitenote_note":"","_monsterinsights_sitenote_category":0,"_jetpack_memberships_contains_paid_content":false,"footnotes":"","jetpack_publicize_message":"","jetpack_publicize_feature_enabled":true,"jetpack_social_post_already_shared":true,"jetpack_social_options":{"image_generator_settings":{"template":"highway","default_image_id":0,"font":"","enabled":false},"version":2}},"categories":[5,1,11,4],"tags":[],"class_list":["post-28028","post","type-post","status-publish","format-standard","hentry","category-cotidiano","category-noticias","category-regional","category-local"],"acf":[],"jetpack_publicize_connections":[],"jetpack_featured_media_url":"","jetpack_sharing_enabled":true,"publishpress_future_workflow_manual_trigger":{"enabledWorkflows":[]},"_links":{"self":[{"href":"https:\/\/blogdoeloiltoncajuhy.com.br\/site\/wp-json\/wp\/v2\/posts\/28028","targetHints":{"allow":["GET"]}}],"collection":[{"href":"https:\/\/blogdoeloiltoncajuhy.com.br\/site\/wp-json\/wp\/v2\/posts"}],"about":[{"href":"https:\/\/blogdoeloiltoncajuhy.com.br\/site\/wp-json\/wp\/v2\/types\/post"}],"author":[{"embeddable":true,"href":"https:\/\/blogdoeloiltoncajuhy.com.br\/site\/wp-json\/wp\/v2\/users\/2"}],"replies":[{"embeddable":true,"href":"https:\/\/blogdoeloiltoncajuhy.com.br\/site\/wp-json\/wp\/v2\/comments?post=28028"}],"version-history":[{"count":1,"href":"https:\/\/blogdoeloiltoncajuhy.com.br\/site\/wp-json\/wp\/v2\/posts\/28028\/revisions"}],"predecessor-version":[{"id":28029,"href":"https:\/\/blogdoeloiltoncajuhy.com.br\/site\/wp-json\/wp\/v2\/posts\/28028\/revisions\/28029"}],"wp:attachment":[{"href":"https:\/\/blogdoeloiltoncajuhy.com.br\/site\/wp-json\/wp\/v2\/media?parent=28028"}],"wp:term":[{"taxonomy":"category","embeddable":true,"href":"https:\/\/blogdoeloiltoncajuhy.com.br\/site\/wp-json\/wp\/v2\/categories?post=28028"},{"taxonomy":"post_tag","embeddable":true,"href":"https:\/\/blogdoeloiltoncajuhy.com.br\/site\/wp-json\/wp\/v2\/tags?post=28028"}],"curies":[{"name":"wp","href":"https:\/\/api.w.org\/{rel}","templated":true}]}}