{"id":28020,"date":"2018-09-19T19:14:56","date_gmt":"2018-09-19T22:14:56","guid":{"rendered":"http:\/\/blogdoeloiltoncajuhy.com.br\/site\/?p=28020"},"modified":"2018-09-19T19:14:56","modified_gmt":"2018-09-19T22:14:56","slug":"ambev-prorroga-inscricoes-para-programa-de-trainee-que-oferece-salario-de-ate-r-64-mil","status":"publish","type":"post","link":"https:\/\/blogdoeloiltoncajuhy.com.br\/site\/ambev-prorroga-inscricoes-para-programa-de-trainee-que-oferece-salario-de-ate-r-64-mil\/","title":{"rendered":"Ambev prorroga inscri\u00e7\u00f5es para programa de trainee que oferece sal\u00e1rio de at\u00e9 R$ 6,4 mil"},"content":{"rendered":"<h5 style=\"text-align: center;\"><em>Inscri\u00e7\u00f5es v\u00e3o at\u00e9 23 de setembro; podem se candidatar profissionais rec\u00e9m formados e estudantes no \u00faltimo ano da gradua\u00e7\u00e3o<\/em><\/h5>\n<div class=\"mc-column content-text active-extra-styles active-capital-letter\" data-block-type=\"unstyled\" data-block-weight=\"50\" data-block-id=\"2\">\n<figure id=\"attachment_28021\" aria-describedby=\"caption-attachment-28021\" style=\"width: 984px\" class=\"wp-caption aligncenter\"><a href=\"https:\/\/i0.wp.com\/blogdoeloiltoncajuhy.com.br\/site\/wp-content\/uploads\/2018\/09\/fabrica-ambev.jpg\"><img data-recalc-dims=\"1\" fetchpriority=\"high\" decoding=\"async\" class=\"wp-image-28021 size-full\" src=\"https:\/\/i0.wp.com\/blogdoeloiltoncajuhy.com.br\/site\/wp-content\/uploads\/2018\/09\/fabrica-ambev.jpg?resize=800%2C533\" alt=\"\" width=\"800\" height=\"533\" srcset=\"https:\/\/i0.wp.com\/blogdoeloiltoncajuhy.com.br\/site\/wp-content\/uploads\/2018\/09\/fabrica-ambev.jpg?w=984&amp;ssl=1 984w, https:\/\/i0.wp.com\/blogdoeloiltoncajuhy.com.br\/site\/wp-content\/uploads\/2018\/09\/fabrica-ambev.jpg?resize=300%2C200&amp;ssl=1 300w, https:\/\/i0.wp.com\/blogdoeloiltoncajuhy.com.br\/site\/wp-content\/uploads\/2018\/09\/fabrica-ambev.jpg?resize=768%2C512&amp;ssl=1 768w, https:\/\/i0.wp.com\/blogdoeloiltoncajuhy.com.br\/site\/wp-content\/uploads\/2018\/09\/fabrica-ambev.jpg?resize=250%2C167&amp;ssl=1 250w\" sizes=\"(max-width: 800px) 100vw, 800px\" \/><\/a><figcaption id=\"caption-attachment-28021\" class=\"wp-caption-text\">Linha de produ\u00e7\u00e3o de f\u00e1brica da Ambev, em Jaguaripuna \u2014 Foto: Marcelo Brandt\/G1<\/figcaption><\/figure>\n<p class=\"content-text__container theme-color-primary-first-letter\" data-track-category=\"Link no Texto\" data-track-links=\"\">A Ambev prorrogou at\u00e9 o dia 23 de setembro as inscri\u00e7\u00f5es para o seu programa de trainee. Para participar, \u00e9 necess\u00e1rio que os candidatos tenham at\u00e9 2 anos de formados ou previs\u00e3o de conclus\u00e3o do curso para o final de 2018, ingl\u00eas fluente, mobilidade para morar em todo o pa\u00eds.<\/p>\n<\/div>\n<div class=\"wall\">\n<div class=\"mc-column content-text active-extra-styles \" data-block-type=\"unstyled\" data-block-weight=\"21\" data-block-id=\"3\">\n<p class=\"content-text__container \" data-track-category=\"Link no Texto\" data-track-links=\"\">A cervejaria informou que n\u00e3o h\u00e1 um n\u00famero fechado de vagas, e o sal\u00e1rio inicial \u00e9 de R$ 6,4 mil mensais.<\/p>\n<\/div>\n<div class=\"mc-column content-text active-extra-styles \" data-block-type=\"unstyled\" data-block-weight=\"9\" data-block-id=\"4\">\n<p class=\"content-text__container \" data-track-category=\"Link no Texto\" data-track-links=\"\"><a href=\"https:\/\/g1.globo.com\/economia\/concursos-e-emprego\/noticia\/2018\/08\/21\/empresas-estao-com-programas-de-trainee-abertos-veja-requisitos-e-dicas.ghtml\">VEJA LISTA DE EMPRESAS COM PROGRAMAS DE TRAINEE ABERTOS<\/a><\/p>\n<\/div>\n<div class=\"mc-column content-text active-extra-styles \" data-block-type=\"unstyled\" data-block-weight=\"12\" data-block-id=\"5\">\n<p class=\"content-text__container \" data-track-category=\"Link no Texto\" data-track-links=\"\">As inscri\u00e7\u00f5es podem ser feitas pelo site\u00a0<a href=\"https:\/\/www.ambev.com.br\/carreiras\/trabalhe-conosco\/trainee-ambev\/\" target=\"_blank\" rel=\"noopener\">https:\/\/www.ambev.com.br\/carreiras\/trabalhe-conosco\/trainee-ambev\/\u00a0<\/a>at\u00e9 o pr\u00f3ximo domingo.<\/p>\n<\/div>\n<div class=\"mc-column content-text active-extra-styles \" data-block-type=\"unstyled\" data-block-weight=\"46\" data-block-id=\"6\">\n<p class=\"content-text__container \" data-track-category=\"Link no Texto\" data-track-links=\"\">O processo seletivo vai incluir provas online, an\u00e1lise de caso tamb\u00e9m online e entrevistas. Na etapa seguinte, os candidatos aprovados participam de um painel de neg\u00f3cios, quando desenvolvem um case em equipe. Na parte final do processo ser\u00e3o feitas entrevistas presenciais com executivos da companhia. .<\/p>\n<\/div>\n<div class=\"mc-column content-text active-extra-styles \" data-block-type=\"unstyled\" data-block-weight=\"15\" data-block-id=\"7\">\n<p class=\"content-text__container \" data-track-category=\"Link no Texto\" data-track-links=\"\">Os aprovados passar\u00e3o por treinamento durante 10 meses e de uma integra\u00e7\u00e3o nos Estados Unidos.<\/p>\n<\/div>\n<\/div>\n<div data-track-category=\"fim do conteudo\" data-track-action=\"ultimo chunk conteudo\" data-track-noninteraction=\"false\" data-track-scroll=\"entrada completa viewport\">\n<div class=\"mc-column content-text active-extra-styles\" data-block-type=\"raw\" data-block-weight=\"10\" data-block-id=\"8\">\n<ul class=\"content-unordered-list\">\n<li><a href=\"https:\/\/g1.globo.com\/economia\/concursos-e-emprego\/noticia\/2018\/08\/21\/ex-trainees-contam-como-se-tornaram-chefes-e-dao-dicas-para-quem-busca-uma-vaga.ghtml\">Ex-trainees contam como se tornaram chefes &#8211; e d\u00e3o dicas<\/a><\/li>\n<\/ul>\n<p><em><strong>*Por G1<\/strong><\/em><\/p>\n<\/div>\n<\/div>\n","protected":false},"excerpt":{"rendered":"<p>Inscri\u00e7\u00f5es v\u00e3o at\u00e9 23 de setembro; podem se candidatar profissionais rec\u00e9m formados e estudantes no \u00faltimo ano da gradua\u00e7\u00e3o A Ambev prorrogou at\u00e9 o dia 23 de setembro as inscri\u00e7\u00f5es para o seu programa de trainee. Para participar, \u00e9 necess\u00e1rio que os candidatos tenham at\u00e9 2 anos de formados ou previs\u00e3o de conclus\u00e3o do curso [&hellip;]<\/p>\n","protected":false},"author":2,"featured_media":28021,"comment_status":"open","ping_status":"open","sticky":false,"template":"","format":"standard","meta":{"_acf_changed":false,"_monsterinsights_skip_tracking":false,"_monsterinsights_sitenote_active":false,"_monsterinsights_sitenote_note":"","_monsterinsights_sitenote_category":0,"_jetpack_memberships_contains_paid_content":false,"footnotes":"","jetpack_publicize_message":"","jetpack_publicize_feature_enabled":true,"jetpack_social_post_already_shared":true,"jetpack_social_options":{"image_generator_settings":{"template":"highway","default_image_id":0,"font":"","enabled":false},"version":2}},"categories":[5,1],"tags":[],"class_list":["post-28020","post","type-post","status-publish","format-standard","has-post-thumbnail","hentry","category-cotidiano","category-noticias"],"acf":[],"jetpack_publicize_connections":[],"jetpack_featured_media_url":"https:\/\/i0.wp.com\/blogdoeloiltoncajuhy.com.br\/site\/wp-content\/uploads\/2018\/09\/fabrica-ambev.jpg?fit=984%2C656&ssl=1","jetpack_sharing_enabled":true,"publishpress_future_workflow_manual_trigger":{"enabledWorkflows":[]},"_links":{"self":[{"href":"https:\/\/blogdoeloiltoncajuhy.com.br\/site\/wp-json\/wp\/v2\/posts\/28020","targetHints":{"allow":["GET"]}}],"collection":[{"href":"https:\/\/blogdoeloiltoncajuhy.com.br\/site\/wp-json\/wp\/v2\/posts"}],"about":[{"href":"https:\/\/blogdoeloiltoncajuhy.com.br\/site\/wp-json\/wp\/v2\/types\/post"}],"author":[{"embeddable":true,"href":"https:\/\/blogdoeloiltoncajuhy.com.br\/site\/wp-json\/wp\/v2\/users\/2"}],"replies":[{"embeddable":true,"href":"https:\/\/blogdoeloiltoncajuhy.com.br\/site\/wp-json\/wp\/v2\/comments?post=28020"}],"version-history":[{"count":1,"href":"https:\/\/blogdoeloiltoncajuhy.com.br\/site\/wp-json\/wp\/v2\/posts\/28020\/revisions"}],"predecessor-version":[{"id":28022,"href":"https:\/\/blogdoeloiltoncajuhy.com.br\/site\/wp-json\/wp\/v2\/posts\/28020\/revisions\/28022"}],"wp:featuredmedia":[{"embeddable":true,"href":"https:\/\/blogdoeloiltoncajuhy.com.br\/site\/wp-json\/wp\/v2\/media\/28021"}],"wp:attachment":[{"href":"https:\/\/blogdoeloiltoncajuhy.com.br\/site\/wp-json\/wp\/v2\/media?parent=28020"}],"wp:term":[{"taxonomy":"category","embeddable":true,"href":"https:\/\/blogdoeloiltoncajuhy.com.br\/site\/wp-json\/wp\/v2\/categories?post=28020"},{"taxonomy":"post_tag","embeddable":true,"href":"https:\/\/blogdoeloiltoncajuhy.com.br\/site\/wp-json\/wp\/v2\/tags?post=28020"}],"curies":[{"name":"wp","href":"https:\/\/api.w.org\/{rel}","templated":true}]}}