{"id":28016,"date":"2018-09-19T19:07:18","date_gmt":"2018-09-19T22:07:18","guid":{"rendered":"http:\/\/blogdoeloiltoncajuhy.com.br\/site\/?p=28016"},"modified":"2018-09-19T19:07:18","modified_gmt":"2018-09-19T22:07:18","slug":"senhor-do-bonfim-realiza-eventos-alusivos-a-semana-nacional-do-transito","status":"publish","type":"post","link":"https:\/\/blogdoeloiltoncajuhy.com.br\/site\/senhor-do-bonfim-realiza-eventos-alusivos-a-semana-nacional-do-transito\/","title":{"rendered":"Senhor do Bonfim realiza eventos alusivos \u00e0 Semana Nacional do Transito"},"content":{"rendered":"<p><a href=\"https:\/\/i0.wp.com\/blogdoeloiltoncajuhy.com.br\/site\/wp-content\/uploads\/2018\/09\/semana-transito_2018-01.jpg\"><img data-recalc-dims=\"1\" fetchpriority=\"high\" decoding=\"async\" class=\"aligncenter size-full wp-image-28017\" src=\"https:\/\/i0.wp.com\/blogdoeloiltoncajuhy.com.br\/site\/wp-content\/uploads\/2018\/09\/semana-transito_2018-01.jpg?resize=550%2C367\" alt=\"\" width=\"550\" height=\"367\" srcset=\"https:\/\/i0.wp.com\/blogdoeloiltoncajuhy.com.br\/site\/wp-content\/uploads\/2018\/09\/semana-transito_2018-01.jpg?w=550&amp;ssl=1 550w, https:\/\/i0.wp.com\/blogdoeloiltoncajuhy.com.br\/site\/wp-content\/uploads\/2018\/09\/semana-transito_2018-01.jpg?resize=300%2C200&amp;ssl=1 300w, https:\/\/i0.wp.com\/blogdoeloiltoncajuhy.com.br\/site\/wp-content\/uploads\/2018\/09\/semana-transito_2018-01.jpg?resize=250%2C167&amp;ssl=1 250w\" sizes=\"(max-width: 550px) 100vw, 550px\" \/><\/a>A Semana Nacional de Tr\u00e2nsito teve in\u00edcio na manh\u00e3 de ter\u00e7a-feira,18, em Senhor do Bonfim. A semana \u00e9 comemorada anualmente entre os dias 18 e 25 de setembro. Este ano, a Diretoria Municipal de Transito (Dmtrans) definiu como tema <strong>&#8220;Transito Seguro: Eu fa\u00e7o a diferen\u00e7a&#8221;<\/strong>.<\/p>\n<p>As atividades do primeiro dia iniciaram com um desfile pelo centro da cidade, que finalizou no Cal\u00e7ad\u00e3o da Joviniano Duarte. A distribui\u00e7\u00e3o de panfletos educativos e a apresenta\u00e7\u00e3o da Filarm\u00f4nica deram continuidade \u00e0 programa\u00e7\u00e3o.<\/p>\n<p>Durante a tarde, aconteceu uma solenidade com os agentes de tr\u00e2nsito mirins do munic\u00edpio. O projeto piloto contempla 53 alunos da escola Municipal Perp\u00e9tuo Socorro, nas Casa Populares &#8211; Bonfim II.<\/p>\n<p>\u201c<em>Ao longo de 30 dias, os alunos ter\u00e3o aulas duas vezes por semana (ter\u00e7a e quinta). Temas como o comportamento do pedestre, uso da faixa de seguran\u00e7a, condutas a serem seguidas pelos motoristas, motociclistas e ciclistas, al\u00e9m de demais orienta\u00e7\u00f5es necess\u00e1rias<\/em>\u201d, lembra a instrutora do programa, Roseane da Silva Ara\u00fajo, agente do Dmtrans.<\/p>\n<p>Uma simula\u00e7\u00e3o de acidente marcou a programa\u00e7\u00e3o nesta quarta-feira,19 de setembro. A atividade foi realizada pela equipe do Servi\u00e7o de Atendimento de Urg\u00eancia (SAMU). A encena\u00e7\u00e3o apresentou um atendimento durante um acidente com motociclista.<\/p>\n<p>\u201c<em>Isso \u00e9 uma rotina constante em nossa cidade. A gente fez um atendimento de mobiliza\u00e7\u00e3o, para que os condutores tenham conhecimentos destes acidentes e possam evit\u00e1-los<\/em>\u201d, alerta Agnete Troelsen, enfermeira e Coordenadora do NEP &#8211; N\u00facleo de Educa\u00e7\u00e3o Permanente do SAMU.<\/p>\n<p><a href=\"https:\/\/i0.wp.com\/blogdoeloiltoncajuhy.com.br\/site\/wp-content\/uploads\/2018\/09\/semana-transito_2018-02.jpg\"><img data-recalc-dims=\"1\" decoding=\"async\" class=\"aligncenter size-full wp-image-28018\" src=\"https:\/\/i0.wp.com\/blogdoeloiltoncajuhy.com.br\/site\/wp-content\/uploads\/2018\/09\/semana-transito_2018-02.jpg?resize=550%2C367\" alt=\"\" width=\"550\" height=\"367\" srcset=\"https:\/\/i0.wp.com\/blogdoeloiltoncajuhy.com.br\/site\/wp-content\/uploads\/2018\/09\/semana-transito_2018-02.jpg?w=550&amp;ssl=1 550w, https:\/\/i0.wp.com\/blogdoeloiltoncajuhy.com.br\/site\/wp-content\/uploads\/2018\/09\/semana-transito_2018-02.jpg?resize=300%2C200&amp;ssl=1 300w, https:\/\/i0.wp.com\/blogdoeloiltoncajuhy.com.br\/site\/wp-content\/uploads\/2018\/09\/semana-transito_2018-02.jpg?resize=250%2C167&amp;ssl=1 250w\" sizes=\"(max-width: 550px) 100vw, 550px\" \/><\/a>A Semana Nacional do Tr\u00e2nsito \u00e9 uma realiza\u00e7\u00e3o do DMTRANS, com apoio da secretaria de Administra\u00e7\u00e3o, Pol\u00edcia Militar (PM), Pol\u00edcia Rodovi\u00e1ria Federal (PRF), Pol\u00edcia Rodovi\u00e1ria Estadual (PRE), Detran, Cooperativa de Transportes, Sindicato dos Taxistas e Moto Taxistas e o Moto Clube Drag\u00f5es do Asfalto.<\/p>\n<p>\u201c<em>O tr\u00e2nsito \u00e9 responsabilidade de todos. Quando todos n\u00f3s fazemos a nossa parte, temos um transito mais seguro<\/em>\u201d, enfatiza o secret\u00e1rio de Administra\u00e7\u00e3o, Cl\u00e1udio Nunes.<\/p>\n<p>No pr\u00f3ximo s\u00e1bado, 22 de setembro, vai acontecer o Dia Mundial Sem Carro. <em><strong>Confira a programa\u00e7\u00e3o da Semana Nacional do Tr\u00e2nsito em Senhor Bonfim:<\/strong><\/em><\/p>\n<p>Dia 20\/09<\/p>\n<p>09h \u2013 Palestra em escolas e empresa;<br \/>\n10h \u2013 Panfletagem com agentes de transito mirins.<\/p>\n<p>21\/09<\/p>\n<p>09h \u2013 Palestra em empresa e escolas;<br \/>\n10h -Atividades de conscientiza\u00e7\u00e3o nas faixas de pedestres com agentes de transito mirins e apresenta\u00e7\u00e3o L\u00fadicas no Cal\u00e7ad\u00e3o.<\/p>\n<p>22\/09 &#8211; Dia Mundial sem Carro<\/p>\n<p>9h &#8211; Palestra em empresas e escolas;<br \/>\n10h -Desfile com ciclistas pelas principais ruas da cidade &#8211; sa\u00edda das imedia\u00e7\u00f5es do Posto Itamaraty.<\/p>\n<p>24\/09<\/p>\n<p>09h &#8211; Palestra em empresa e escolas;<br \/>\n10h -Panfletagem com agentes mirins de transito.<\/p>\n<p>25\/09<\/p>\n<p>09h -Palestra em empresa e escolas;<br \/>\n10h &#8211; Panfletagem com agentes comunit\u00e1rios de transito;<br \/>\n11h &#8211; Encerramento.<\/p>\n<p><em><strong>*ASCOM &#8211; Prefeitura Municipal de Senhor do Bonfim &#8211; BA<\/strong><\/em><br \/>\n<em>Telefones: 74 3541-8366 \/ 99110-9117<\/em><br \/>\n<em>Endere\u00e7o: Pra\u00e7a Juracy Magalh\u00e3es, 126<\/em><br \/>\n<em>E-MAIL: ascom@pmsb.ba.gov.br <\/em><br \/>\n<em>SITE OFICIAL: www.pmsb.ba.gov.br<\/em><br \/>\n<em>FAN PAGE: www.facebook.com\/oficialpmsb<\/em><\/p>\n","protected":false},"excerpt":{"rendered":"<p>A Semana Nacional de Tr\u00e2nsito teve in\u00edcio na manh\u00e3 de ter\u00e7a-feira,18, em Senhor do Bonfim. A semana \u00e9 comemorada anualmente entre os dias 18 e 25 de setembro. Este ano, a Diretoria Municipal de Transito (Dmtrans) definiu como tema &#8220;Transito Seguro: Eu fa\u00e7o a diferen\u00e7a&#8221;. As atividades do primeiro dia iniciaram com um desfile pelo [&hellip;]<\/p>\n","protected":false},"author":2,"featured_media":28018,"comment_status":"open","ping_status":"open","sticky":false,"template":"","format":"standard","meta":{"_acf_changed":false,"_monsterinsights_skip_tracking":false,"_monsterinsights_sitenote_active":false,"_monsterinsights_sitenote_note":"","_monsterinsights_sitenote_category":0,"_jetpack_memberships_contains_paid_content":false,"footnotes":"","jetpack_publicize_message":"","jetpack_publicize_feature_enabled":true,"jetpack_social_post_already_shared":true,"jetpack_social_options":{"image_generator_settings":{"template":"highway","default_image_id":0,"font":"","enabled":false},"version":2}},"categories":[5,1,4],"tags":[],"class_list":["post-28016","post","type-post","status-publish","format-standard","has-post-thumbnail","hentry","category-cotidiano","category-noticias","category-local"],"acf":[],"jetpack_publicize_connections":[],"jetpack_featured_media_url":"https:\/\/i0.wp.com\/blogdoeloiltoncajuhy.com.br\/site\/wp-content\/uploads\/2018\/09\/semana-transito_2018-02.jpg?fit=550%2C367&ssl=1","jetpack_sharing_enabled":true,"publishpress_future_workflow_manual_trigger":{"enabledWorkflows":[]},"_links":{"self":[{"href":"https:\/\/blogdoeloiltoncajuhy.com.br\/site\/wp-json\/wp\/v2\/posts\/28016","targetHints":{"allow":["GET"]}}],"collection":[{"href":"https:\/\/blogdoeloiltoncajuhy.com.br\/site\/wp-json\/wp\/v2\/posts"}],"about":[{"href":"https:\/\/blogdoeloiltoncajuhy.com.br\/site\/wp-json\/wp\/v2\/types\/post"}],"author":[{"embeddable":true,"href":"https:\/\/blogdoeloiltoncajuhy.com.br\/site\/wp-json\/wp\/v2\/users\/2"}],"replies":[{"embeddable":true,"href":"https:\/\/blogdoeloiltoncajuhy.com.br\/site\/wp-json\/wp\/v2\/comments?post=28016"}],"version-history":[{"count":1,"href":"https:\/\/blogdoeloiltoncajuhy.com.br\/site\/wp-json\/wp\/v2\/posts\/28016\/revisions"}],"predecessor-version":[{"id":28019,"href":"https:\/\/blogdoeloiltoncajuhy.com.br\/site\/wp-json\/wp\/v2\/posts\/28016\/revisions\/28019"}],"wp:featuredmedia":[{"embeddable":true,"href":"https:\/\/blogdoeloiltoncajuhy.com.br\/site\/wp-json\/wp\/v2\/media\/28018"}],"wp:attachment":[{"href":"https:\/\/blogdoeloiltoncajuhy.com.br\/site\/wp-json\/wp\/v2\/media?parent=28016"}],"wp:term":[{"taxonomy":"category","embeddable":true,"href":"https:\/\/blogdoeloiltoncajuhy.com.br\/site\/wp-json\/wp\/v2\/categories?post=28016"},{"taxonomy":"post_tag","embeddable":true,"href":"https:\/\/blogdoeloiltoncajuhy.com.br\/site\/wp-json\/wp\/v2\/tags?post=28016"}],"curies":[{"name":"wp","href":"https:\/\/api.w.org\/{rel}","templated":true}]}}