{"id":28010,"date":"2018-09-19T09:23:07","date_gmt":"2018-09-19T12:23:07","guid":{"rendered":"http:\/\/blogdoeloiltoncajuhy.com.br\/site\/?p=28010"},"modified":"2018-09-19T09:23:07","modified_gmt":"2018-09-19T12:23:07","slug":"homem-e-preso-por-estuprar-filha-de-13-anos-na-bahia-garota-era-tratada-como-esposa-diz-policia","status":"publish","type":"post","link":"https:\/\/blogdoeloiltoncajuhy.com.br\/site\/homem-e-preso-por-estuprar-filha-de-13-anos-na-bahia-garota-era-tratada-como-esposa-diz-policia\/","title":{"rendered":"Homem \u00e9 preso por estuprar filha de 13 anos na Bahia; garota era tratada como esposa, diz pol\u00edcia"},"content":{"rendered":"<h5 style=\"text-align: center;\"><em>Suspeito tamb\u00e9m era procurado pela pol\u00edcia desde 2009, por ter estuprado crian\u00e7a de 11 anos, em Vit\u00f3ria da Conquista<\/em><\/h5>\n<p><a href=\"https:\/\/i0.wp.com\/blogdoeloiltoncajuhy.com.br\/site\/wp-content\/uploads\/2016\/09\/estupro-ilustra%C3%A7%C3%A3o.jpg\"><img data-recalc-dims=\"1\" fetchpriority=\"high\" decoding=\"async\" class=\"aligncenter size-full wp-image-12459\" src=\"https:\/\/i0.wp.com\/blogdoeloiltoncajuhy.com.br\/site\/wp-content\/uploads\/2016\/09\/estupro-ilustra%C3%A7%C3%A3o.jpg?resize=380%2C280\" alt=\"\" width=\"380\" height=\"280\" srcset=\"https:\/\/i0.wp.com\/blogdoeloiltoncajuhy.com.br\/site\/wp-content\/uploads\/2016\/09\/estupro-ilustra%C3%A7%C3%A3o.jpg?w=380&amp;ssl=1 380w, https:\/\/i0.wp.com\/blogdoeloiltoncajuhy.com.br\/site\/wp-content\/uploads\/2016\/09\/estupro-ilustra%C3%A7%C3%A3o.jpg?resize=300%2C221&amp;ssl=1 300w, https:\/\/i0.wp.com\/blogdoeloiltoncajuhy.com.br\/site\/wp-content\/uploads\/2016\/09\/estupro-ilustra%C3%A7%C3%A3o.jpg?resize=250%2C184&amp;ssl=1 250w\" sizes=\"(max-width: 380px) 100vw, 380px\" \/><\/a>Um homem de 53 anos foi preso, na segunda-feira (17), suspeito de estuprar a filha mais velha, de 13 anos, no povoado de Caldeir\u00e3o, em Vit\u00f3ria da Conquista, no sudoeste da Bahia.<\/p>\n<p>Segundo a pol\u00edcia, <strong>Jucilande Oliveira da Silva<\/strong> abusava da filha desde que a garota tinha 7 anos, e, depois que a m\u00e3e da v\u00edtima deixou a casa, ela come\u00e7ou a ser tratada como esposa do pr\u00f3prio pai.<\/p>\n<p>A pol\u00edcia n\u00e3o soube informar h\u00e1 quanto tempo a m\u00e3e da adolescente saiu do lar. O homem, informou a pol\u00edcia, obrigava a filha a cuidar dos tr\u00eas irm\u00e3os e mantinha rela\u00e7\u00f5es sexuais com ela.<\/p>\n<p>Conforme a Pol\u00edcia Civil, Jucilande Oliveira fugiu do mesmo povoado, em 2009, ap\u00f3s estuprar uma crian\u00e7a de 11 anos, que tinha defici\u00eancia mental. Depois de passar um per\u00edodo fora do local, ele retornou e s\u00f3 foi preso ap\u00f3s den\u00fancia da filha.<\/p>\n<p>A menina, informou a pol\u00edcia, tinha uma cartela de anticoncepcional na bolsa quando esteve na delegacia para registrar o crime.<\/p>\n<p>A pol\u00edcia informou que o suspeito tem um hist\u00f3rico violento com a fam\u00edlia. De acordo com a pol\u00edcia, a ex-mulher dele fugiu para S\u00e3o Paulo ap\u00f3s sofrer agress\u00f5es f\u00edsicas do marido e deixou os quatro filhos com ele.<\/p>\n<p>Ainda de acordo com a Pol\u00edcia Civil, Jucilande Silva vai responder pelos dois estupros. Os filhos dele foram entregues a av\u00f3 materna.<\/p>\n<p><em><strong>*Por G1 BA<\/strong><\/em><\/p>\n","protected":false},"excerpt":{"rendered":"<p>Suspeito tamb\u00e9m era procurado pela pol\u00edcia desde 2009, por ter estuprado crian\u00e7a de 11 anos, em Vit\u00f3ria da Conquista Um homem de 53 anos foi preso, na segunda-feira (17), suspeito de estuprar a filha mais velha, de 13 anos, no povoado de Caldeir\u00e3o, em Vit\u00f3ria da Conquista, no sudoeste da Bahia. Segundo a pol\u00edcia, Jucilande [&hellip;]<\/p>\n","protected":false},"author":2,"featured_media":0,"comment_status":"open","ping_status":"open","sticky":false,"template":"","format":"standard","meta":{"_acf_changed":false,"_monsterinsights_skip_tracking":false,"_monsterinsights_sitenote_active":false,"_monsterinsights_sitenote_note":"","_monsterinsights_sitenote_category":0,"_jetpack_memberships_contains_paid_content":false,"footnotes":"","jetpack_publicize_message":"","jetpack_publicize_feature_enabled":true,"jetpack_social_post_already_shared":true,"jetpack_social_options":{"image_generator_settings":{"template":"highway","default_image_id":0,"font":"","enabled":false},"version":2}},"categories":[5,1],"tags":[],"class_list":["post-28010","post","type-post","status-publish","format-standard","hentry","category-cotidiano","category-noticias"],"acf":[],"jetpack_publicize_connections":[],"jetpack_featured_media_url":"","jetpack_sharing_enabled":true,"publishpress_future_workflow_manual_trigger":{"enabledWorkflows":[]},"_links":{"self":[{"href":"https:\/\/blogdoeloiltoncajuhy.com.br\/site\/wp-json\/wp\/v2\/posts\/28010","targetHints":{"allow":["GET"]}}],"collection":[{"href":"https:\/\/blogdoeloiltoncajuhy.com.br\/site\/wp-json\/wp\/v2\/posts"}],"about":[{"href":"https:\/\/blogdoeloiltoncajuhy.com.br\/site\/wp-json\/wp\/v2\/types\/post"}],"author":[{"embeddable":true,"href":"https:\/\/blogdoeloiltoncajuhy.com.br\/site\/wp-json\/wp\/v2\/users\/2"}],"replies":[{"embeddable":true,"href":"https:\/\/blogdoeloiltoncajuhy.com.br\/site\/wp-json\/wp\/v2\/comments?post=28010"}],"version-history":[{"count":1,"href":"https:\/\/blogdoeloiltoncajuhy.com.br\/site\/wp-json\/wp\/v2\/posts\/28010\/revisions"}],"predecessor-version":[{"id":28011,"href":"https:\/\/blogdoeloiltoncajuhy.com.br\/site\/wp-json\/wp\/v2\/posts\/28010\/revisions\/28011"}],"wp:attachment":[{"href":"https:\/\/blogdoeloiltoncajuhy.com.br\/site\/wp-json\/wp\/v2\/media?parent=28010"}],"wp:term":[{"taxonomy":"category","embeddable":true,"href":"https:\/\/blogdoeloiltoncajuhy.com.br\/site\/wp-json\/wp\/v2\/categories?post=28010"},{"taxonomy":"post_tag","embeddable":true,"href":"https:\/\/blogdoeloiltoncajuhy.com.br\/site\/wp-json\/wp\/v2\/tags?post=28010"}],"curies":[{"name":"wp","href":"https:\/\/api.w.org\/{rel}","templated":true}]}}