{"id":28008,"date":"2018-09-19T09:08:12","date_gmt":"2018-09-19T12:08:12","guid":{"rendered":"http:\/\/blogdoeloiltoncajuhy.com.br\/site\/?p=28008"},"modified":"2018-09-19T09:08:12","modified_gmt":"2018-09-19T12:08:12","slug":"feira-de-santana-preso-desde-2017-homem-e-apontado-por-engano-por-roubo-de-r-4-este-ano","status":"publish","type":"post","link":"https:\/\/blogdoeloiltoncajuhy.com.br\/site\/feira-de-santana-preso-desde-2017-homem-e-apontado-por-engano-por-roubo-de-r-4-este-ano\/","title":{"rendered":"FEIRA DE SANTANA: Preso desde 2017, homem \u00e9 apontado por engano por roubo de R$ 4 este ano"},"content":{"rendered":"<h5 style=\"text-align: center;\"><em>Homem est\u00e1 detido desde setembro do ano passado e, segundo a Seap, s\u00f3 saiu do pres\u00eddio para audi\u00eancias custodiadas<\/em><\/h5>\n<p><a href=\"https:\/\/i0.wp.com\/blogdoeloiltoncajuhy.com.br\/site\/wp-content\/uploads\/2015\/08\/Plant%C3%A3o-de-Pol%C3%ADcia1.jpg\"><img data-recalc-dims=\"1\" fetchpriority=\"high\" decoding=\"async\" class=\"aligncenter size-full wp-image-3229\" src=\"https:\/\/i0.wp.com\/blogdoeloiltoncajuhy.com.br\/site\/wp-content\/uploads\/2015\/08\/Plant%C3%A3o-de-Pol%C3%ADcia1.jpg?resize=640%2C329\" alt=\"\" width=\"640\" height=\"329\" srcset=\"https:\/\/i0.wp.com\/blogdoeloiltoncajuhy.com.br\/site\/wp-content\/uploads\/2015\/08\/Plant%C3%A3o-de-Pol%C3%ADcia1.jpg?w=640&amp;ssl=1 640w, https:\/\/i0.wp.com\/blogdoeloiltoncajuhy.com.br\/site\/wp-content\/uploads\/2015\/08\/Plant%C3%A3o-de-Pol%C3%ADcia1.jpg?resize=300%2C154&amp;ssl=1 300w, https:\/\/i0.wp.com\/blogdoeloiltoncajuhy.com.br\/site\/wp-content\/uploads\/2015\/08\/Plant%C3%A3o-de-Pol%C3%ADcia1.jpg?resize=250%2C129&amp;ssl=1 250w\" sizes=\"(max-width: 640px) 100vw, 640px\" \/><\/a>Um detento interno do Conjunto Penal de Feira de Santana \u00e9 suspeito de ter amea\u00e7ado e roubado uma mulher no munic\u00edpio. No entanto, no dia em que o crime foi registrado em boletim de ocorr\u00eancia, o suspeito estava no pres\u00eddio.<\/p>\n<p>As informa\u00e7\u00f5es foram confirmadas ao <strong>G1<\/strong> na ter\u00e7a-feira (18), pela Secretaria de Administra\u00e7\u00e3o Penitenci\u00e1ria do Estado da Bahia (Seap). Com base no registro de ocorr\u00eancia, <strong>Rodrigo Silva Souza<\/strong>, conhecido como <strong>Banz\u00e9<\/strong>, teria amea\u00e7ado uma mulher com uma faca.<\/p>\n<p>O documento consta ainda que ele teria roubado R$ 4 dela, no bairro Campo Limpo, que fica no mesmo munic\u00edpio. Com os dados de identifica\u00e7\u00e3o e filia\u00e7\u00e3o de Rodrigo, o boletim diz que o crime foi cometido no dia 12 de abril de 2018, por volta das 5h30.<\/p>\n<p>As informa\u00e7\u00f5es fornecidas pela Secretaria de Administra\u00e7\u00e3o Penitenci\u00e1ria do Estado da Bahia, no entanto, contestam a ocorr\u00eancia. Com base no relat\u00f3rio, Rodrigo est\u00e1 custodiado desde o dia 6 de setembro de 2017.<\/p>\n<p>A Seap informou ainda que as \u00fanicas sa\u00eddas do detento foram para apresenta\u00e7\u00e3o em audi\u00eancia penal, com retorno no mesmo dia. As apresenta\u00e7\u00f5es s\u00e3o custodiadas por policiais. A Seap n\u00e3o detalhou quando essas sa\u00eddas aconteceram.<\/p>\n<p>Nesta quarta-feira (19), Rodrigo Silva Souza permanece preso no Conjunto Penal. O G1 procurou a Delegacia Especial de Atendimento \u00e0 Mulher (Deam) e a Delegacia de Furtos e Roubos para comentar o caso, mas ainda n\u00e3o teve retorno.<\/p>\n<p><em><strong>*G1 BA<\/strong><\/em><\/p>\n","protected":false},"excerpt":{"rendered":"<p>Homem est\u00e1 detido desde setembro do ano passado e, segundo a Seap, s\u00f3 saiu do pres\u00eddio para audi\u00eancias custodiadas Um detento interno do Conjunto Penal de Feira de Santana \u00e9 suspeito de ter amea\u00e7ado e roubado uma mulher no munic\u00edpio. No entanto, no dia em que o crime foi registrado em boletim de ocorr\u00eancia, o [&hellip;]<\/p>\n","protected":false},"author":2,"featured_media":0,"comment_status":"open","ping_status":"open","sticky":false,"template":"","format":"standard","meta":{"_acf_changed":false,"_monsterinsights_skip_tracking":false,"_monsterinsights_sitenote_active":false,"_monsterinsights_sitenote_note":"","_monsterinsights_sitenote_category":0,"_jetpack_memberships_contains_paid_content":false,"footnotes":"","jetpack_publicize_message":"","jetpack_publicize_feature_enabled":true,"jetpack_social_post_already_shared":true,"jetpack_social_options":{"image_generator_settings":{"template":"highway","default_image_id":0,"font":"","enabled":false},"version":2}},"categories":[5,1],"tags":[],"class_list":["post-28008","post","type-post","status-publish","format-standard","hentry","category-cotidiano","category-noticias"],"acf":[],"jetpack_publicize_connections":[],"jetpack_featured_media_url":"","jetpack_sharing_enabled":true,"publishpress_future_workflow_manual_trigger":{"enabledWorkflows":[]},"_links":{"self":[{"href":"https:\/\/blogdoeloiltoncajuhy.com.br\/site\/wp-json\/wp\/v2\/posts\/28008","targetHints":{"allow":["GET"]}}],"collection":[{"href":"https:\/\/blogdoeloiltoncajuhy.com.br\/site\/wp-json\/wp\/v2\/posts"}],"about":[{"href":"https:\/\/blogdoeloiltoncajuhy.com.br\/site\/wp-json\/wp\/v2\/types\/post"}],"author":[{"embeddable":true,"href":"https:\/\/blogdoeloiltoncajuhy.com.br\/site\/wp-json\/wp\/v2\/users\/2"}],"replies":[{"embeddable":true,"href":"https:\/\/blogdoeloiltoncajuhy.com.br\/site\/wp-json\/wp\/v2\/comments?post=28008"}],"version-history":[{"count":1,"href":"https:\/\/blogdoeloiltoncajuhy.com.br\/site\/wp-json\/wp\/v2\/posts\/28008\/revisions"}],"predecessor-version":[{"id":28009,"href":"https:\/\/blogdoeloiltoncajuhy.com.br\/site\/wp-json\/wp\/v2\/posts\/28008\/revisions\/28009"}],"wp:attachment":[{"href":"https:\/\/blogdoeloiltoncajuhy.com.br\/site\/wp-json\/wp\/v2\/media?parent=28008"}],"wp:term":[{"taxonomy":"category","embeddable":true,"href":"https:\/\/blogdoeloiltoncajuhy.com.br\/site\/wp-json\/wp\/v2\/categories?post=28008"},{"taxonomy":"post_tag","embeddable":true,"href":"https:\/\/blogdoeloiltoncajuhy.com.br\/site\/wp-json\/wp\/v2\/tags?post=28008"}],"curies":[{"name":"wp","href":"https:\/\/api.w.org\/{rel}","templated":true}]}}