{"id":28006,"date":"2018-09-19T06:42:26","date_gmt":"2018-09-19T09:42:26","guid":{"rendered":"http:\/\/blogdoeloiltoncajuhy.com.br\/site\/?p=28006"},"modified":"2018-09-19T06:42:26","modified_gmt":"2018-09-19T09:42:26","slug":"homem-acusado-de-assassinato-em-andorinha-vai-a-juri-popular-em-bonfim","status":"publish","type":"post","link":"https:\/\/blogdoeloiltoncajuhy.com.br\/site\/homem-acusado-de-assassinato-em-andorinha-vai-a-juri-popular-em-bonfim\/","title":{"rendered":"Homem acusado de assassinato em Andorinha vai a J\u00fari Popular em Bonfim"},"content":{"rendered":"<p><a href=\"https:\/\/i0.wp.com\/blogdoeloiltoncajuhy.com.br\/site\/wp-content\/uploads\/2017\/08\/juri-popular.jpg\"><img data-recalc-dims=\"1\" fetchpriority=\"high\" decoding=\"async\" class=\"aligncenter size-full wp-image-19787\" src=\"https:\/\/i0.wp.com\/blogdoeloiltoncajuhy.com.br\/site\/wp-content\/uploads\/2017\/08\/juri-popular.jpg?resize=500%2C357\" alt=\"\" width=\"500\" height=\"357\" srcset=\"https:\/\/i0.wp.com\/blogdoeloiltoncajuhy.com.br\/site\/wp-content\/uploads\/2017\/08\/juri-popular.jpg?w=500&amp;ssl=1 500w, https:\/\/i0.wp.com\/blogdoeloiltoncajuhy.com.br\/site\/wp-content\/uploads\/2017\/08\/juri-popular.jpg?resize=300%2C214&amp;ssl=1 300w, https:\/\/i0.wp.com\/blogdoeloiltoncajuhy.com.br\/site\/wp-content\/uploads\/2017\/08\/juri-popular.jpg?resize=250%2C179&amp;ssl=1 250w\" sizes=\"(max-width: 500px) 100vw, 500px\" \/><\/a>O Tribunal do J\u00fari Popular da Comarca de Senhor do Bonfim leva a julgamento nesta quarta-feira (19), <strong>Abdias Ferreira de Oliveira<\/strong>, pela morte de <strong>Paulo Ferreira da Concei\u00e7\u00e3o<\/strong>, fato ocorrido no dia 13 de abril de 2014, por volta das 22h30, nas imedia\u00e7\u00f5es da Fazenda S\u00e3o Jo\u00e3o, munic\u00edpio de Andorinha-BA.<\/p>\n<p>O Juiz de Direito, Dr. Teomar Almeida de Oliveira, titular da Vara Crime, presidir\u00e1 o julgamento pelo Tribunal do J\u00fari, que est\u00e1 previsto para ter in\u00edcio as 8h.<\/p>\n<p>Pela acusa\u00e7\u00e3o, o denunciado, Abdias Ferreira de Oliveira, mediante disparos de arma de fogo,\u00a0ceifara a vida da v\u00edtima, Paulo Ferreira da Concei\u00e7\u00e3o, porque Paulo teria presenciado uma discuss\u00e3o entre Abdias e sua esposa, tendo interferido na briga do casal, dizendo que &#8220;<em>homem que \u00e9 homem n\u00e3o bate em mulher<\/em>&#8221; e, em determinado momento, a v\u00edtima ouviu o barulho de uma motocicleta e, ao abrir a porta de sua resid\u00eancia para verificar quem tinha chegado, acabou sendo alvejado por disparo de arma de fogo pelo acusado.<\/p>\n<p>O inqu\u00e9rito policial concluiu que, em raz\u00e3o de o disparo ter sido efetuado por Abdias, n\u00e3o deu qualquer chance de defesa de Paulo.<\/p>\n<p>Na acusa\u00e7\u00e3o funcionar\u00e1 a Promotora de Justi\u00e7a, Dr\u00aa\u00a0 Joseane Mendes Nunes, e a bancada da defesa ser\u00e1 patrocinada pelo Advogado bonfinense, Dr. Marcus Rebou\u00e7as.<\/p>\n<p><em><strong><a href=\"https:\/\/i0.wp.com\/blogdoeloiltoncajuhy.com.br\/site\/wp-content\/uploads\/2016\/12\/Dr.-Marcus-Rebou%C3%A7as-2.jpg\"><img data-recalc-dims=\"1\" decoding=\"async\" class=\"aligncenter size-full wp-image-13933\" src=\"https:\/\/i0.wp.com\/blogdoeloiltoncajuhy.com.br\/site\/wp-content\/uploads\/2016\/12\/Dr.-Marcus-Rebou%C3%A7as-2.jpg?resize=485%2C249\" alt=\"\" width=\"485\" height=\"249\" srcset=\"https:\/\/i0.wp.com\/blogdoeloiltoncajuhy.com.br\/site\/wp-content\/uploads\/2016\/12\/Dr.-Marcus-Rebou%C3%A7as-2.jpg?w=485&amp;ssl=1 485w, https:\/\/i0.wp.com\/blogdoeloiltoncajuhy.com.br\/site\/wp-content\/uploads\/2016\/12\/Dr.-Marcus-Rebou%C3%A7as-2.jpg?resize=300%2C154&amp;ssl=1 300w, https:\/\/i0.wp.com\/blogdoeloiltoncajuhy.com.br\/site\/wp-content\/uploads\/2016\/12\/Dr.-Marcus-Rebou%C3%A7as-2.jpg?resize=250%2C128&amp;ssl=1 250w\" sizes=\"(max-width: 485px) 100vw, 485px\" \/><\/a>*BLOG DO ELOILTON CAJUHY<\/strong><\/em><\/p>\n","protected":false},"excerpt":{"rendered":"<p>O Tribunal do J\u00fari Popular da Comarca de Senhor do Bonfim leva a julgamento nesta quarta-feira (19), Abdias Ferreira de Oliveira, pela morte de Paulo Ferreira da Concei\u00e7\u00e3o, fato ocorrido no dia 13 de abril de 2014, por volta das 22h30, nas imedia\u00e7\u00f5es da Fazenda S\u00e3o Jo\u00e3o, munic\u00edpio de Andorinha-BA. O Juiz de Direito, Dr. [&hellip;]<\/p>\n","protected":false},"author":2,"featured_media":0,"comment_status":"open","ping_status":"open","sticky":false,"template":"","format":"standard","meta":{"_acf_changed":false,"_monsterinsights_skip_tracking":false,"_monsterinsights_sitenote_active":false,"_monsterinsights_sitenote_note":"","_monsterinsights_sitenote_category":0,"_jetpack_memberships_contains_paid_content":false,"footnotes":"","jetpack_publicize_message":"","jetpack_publicize_feature_enabled":true,"jetpack_social_post_already_shared":true,"jetpack_social_options":{"image_generator_settings":{"template":"highway","default_image_id":0,"font":"","enabled":false},"version":2}},"categories":[1,4],"tags":[],"class_list":["post-28006","post","type-post","status-publish","format-standard","hentry","category-noticias","category-local"],"acf":[],"jetpack_publicize_connections":[],"jetpack_featured_media_url":"","jetpack_sharing_enabled":true,"publishpress_future_workflow_manual_trigger":{"enabledWorkflows":[]},"_links":{"self":[{"href":"https:\/\/blogdoeloiltoncajuhy.com.br\/site\/wp-json\/wp\/v2\/posts\/28006","targetHints":{"allow":["GET"]}}],"collection":[{"href":"https:\/\/blogdoeloiltoncajuhy.com.br\/site\/wp-json\/wp\/v2\/posts"}],"about":[{"href":"https:\/\/blogdoeloiltoncajuhy.com.br\/site\/wp-json\/wp\/v2\/types\/post"}],"author":[{"embeddable":true,"href":"https:\/\/blogdoeloiltoncajuhy.com.br\/site\/wp-json\/wp\/v2\/users\/2"}],"replies":[{"embeddable":true,"href":"https:\/\/blogdoeloiltoncajuhy.com.br\/site\/wp-json\/wp\/v2\/comments?post=28006"}],"version-history":[{"count":1,"href":"https:\/\/blogdoeloiltoncajuhy.com.br\/site\/wp-json\/wp\/v2\/posts\/28006\/revisions"}],"predecessor-version":[{"id":28007,"href":"https:\/\/blogdoeloiltoncajuhy.com.br\/site\/wp-json\/wp\/v2\/posts\/28006\/revisions\/28007"}],"wp:attachment":[{"href":"https:\/\/blogdoeloiltoncajuhy.com.br\/site\/wp-json\/wp\/v2\/media?parent=28006"}],"wp:term":[{"taxonomy":"category","embeddable":true,"href":"https:\/\/blogdoeloiltoncajuhy.com.br\/site\/wp-json\/wp\/v2\/categories?post=28006"},{"taxonomy":"post_tag","embeddable":true,"href":"https:\/\/blogdoeloiltoncajuhy.com.br\/site\/wp-json\/wp\/v2\/tags?post=28006"}],"curies":[{"name":"wp","href":"https:\/\/api.w.org\/{rel}","templated":true}]}}