{"id":27984,"date":"2018-09-18T21:09:30","date_gmt":"2018-09-19T00:09:30","guid":{"rendered":"http:\/\/blogdoeloiltoncajuhy.com.br\/site\/?p=27984"},"modified":"2018-09-18T21:09:30","modified_gmt":"2018-09-19T00:09:30","slug":"comece-a-quarta-feira-meditando-50","status":"publish","type":"post","link":"https:\/\/blogdoeloiltoncajuhy.com.br\/site\/comece-a-quarta-feira-meditando-50\/","title":{"rendered":"Comece a quarta-feira meditando"},"content":{"rendered":"<p style=\"text-align: center;\"><strong>Evangelho &#8211; Lc 7,31-35 &#8211;\u00a0Tocamos flauta para v\u00f3s e n\u00e3o dan\u00e7astes;\u00a0fizemos lamenta\u00e7\u00f5es e n\u00e3o chorastes!<\/strong><\/p>\n<p><a href=\"https:\/\/i0.wp.com\/blogdoeloiltoncajuhy.com.br\/site\/wp-content\/uploads\/2017\/05\/liturgia_diaria_2-e1496227097750.jpg\"><img data-recalc-dims=\"1\" fetchpriority=\"high\" decoding=\"async\" class=\"aligncenter size-full wp-image-17809\" src=\"https:\/\/i0.wp.com\/blogdoeloiltoncajuhy.com.br\/site\/wp-content\/uploads\/2017\/05\/liturgia_diaria_2-e1496227097750.jpg?resize=400%2C303\" alt=\"\" width=\"400\" height=\"303\" \/><\/a>Naquele tempo, disse Jesus: Com quem hei de comparar os homens desta gera\u00e7\u00e3o? Com quem eles se parecem? S\u00e3o como crian\u00e7as que se sentam nas pra\u00e7as, e se dirigem aos colegas, dizendo: &#8216;Tocamos flauta para v\u00f3s e n\u00e3o dan\u00e7astes; fizemos lamenta\u00e7\u00f5es e n\u00e3o chorastes!&#8217; Pois veio Jo\u00e3o Batista, que n\u00e3o comia p\u00e3o nem bebia vinho, e v\u00f3s dissestes: &#8216;Ele est\u00e1 com um dem\u00f4nio!&#8217; Veio o Filho do Homem, que come e bebe, e v\u00f3s dizeis: &#8216;Ele \u00e9 um comil\u00e3o e beberr\u00e3o, amigo dos publicanos e dos pecadores!&#8217; Mas a sabedoria foi justificada por todos os seus filhos&#8217;.<\/p>\n<p><em><strong>Palavra da Salva\u00e7\u00e3o!<\/strong><\/em><\/p>\n<p><strong>*<a href=\"http:\/\/liturgiadiaria.cnbb.org.br\/app\/user\/user\/UserView.php?ano=2018&amp;mes=9&amp;dia=19\">CNBB<\/a><\/strong><\/p>\n","protected":false},"excerpt":{"rendered":"<p>Evangelho &#8211; Lc 7,31-35 &#8211;\u00a0Tocamos flauta para v\u00f3s e n\u00e3o dan\u00e7astes;\u00a0fizemos lamenta\u00e7\u00f5es e n\u00e3o chorastes! Naquele tempo, disse Jesus: Com quem hei de comparar os homens desta gera\u00e7\u00e3o? Com quem eles se parecem? S\u00e3o como crian\u00e7as que se sentam nas pra\u00e7as, e se dirigem aos colegas, dizendo: &#8216;Tocamos flauta para v\u00f3s e n\u00e3o dan\u00e7astes; fizemos [&hellip;]<\/p>\n","protected":false},"author":2,"featured_media":0,"comment_status":"open","ping_status":"open","sticky":false,"template":"","format":"standard","meta":{"_acf_changed":false,"_monsterinsights_skip_tracking":false,"_monsterinsights_sitenote_active":false,"_monsterinsights_sitenote_note":"","_monsterinsights_sitenote_category":0,"_jetpack_memberships_contains_paid_content":false,"footnotes":"","jetpack_publicize_message":"","jetpack_publicize_feature_enabled":true,"jetpack_social_post_already_shared":true,"jetpack_social_options":{"image_generator_settings":{"template":"highway","default_image_id":0,"font":"","enabled":false},"version":2}},"categories":[1,9],"tags":[],"class_list":["post-27984","post","type-post","status-publish","format-standard","hentry","category-noticias","category-reflexao"],"acf":[],"jetpack_publicize_connections":[],"jetpack_featured_media_url":"","jetpack_sharing_enabled":true,"publishpress_future_workflow_manual_trigger":{"enabledWorkflows":[]},"_links":{"self":[{"href":"https:\/\/blogdoeloiltoncajuhy.com.br\/site\/wp-json\/wp\/v2\/posts\/27984","targetHints":{"allow":["GET"]}}],"collection":[{"href":"https:\/\/blogdoeloiltoncajuhy.com.br\/site\/wp-json\/wp\/v2\/posts"}],"about":[{"href":"https:\/\/blogdoeloiltoncajuhy.com.br\/site\/wp-json\/wp\/v2\/types\/post"}],"author":[{"embeddable":true,"href":"https:\/\/blogdoeloiltoncajuhy.com.br\/site\/wp-json\/wp\/v2\/users\/2"}],"replies":[{"embeddable":true,"href":"https:\/\/blogdoeloiltoncajuhy.com.br\/site\/wp-json\/wp\/v2\/comments?post=27984"}],"version-history":[{"count":1,"href":"https:\/\/blogdoeloiltoncajuhy.com.br\/site\/wp-json\/wp\/v2\/posts\/27984\/revisions"}],"predecessor-version":[{"id":27985,"href":"https:\/\/blogdoeloiltoncajuhy.com.br\/site\/wp-json\/wp\/v2\/posts\/27984\/revisions\/27985"}],"wp:attachment":[{"href":"https:\/\/blogdoeloiltoncajuhy.com.br\/site\/wp-json\/wp\/v2\/media?parent=27984"}],"wp:term":[{"taxonomy":"category","embeddable":true,"href":"https:\/\/blogdoeloiltoncajuhy.com.br\/site\/wp-json\/wp\/v2\/categories?post=27984"},{"taxonomy":"post_tag","embeddable":true,"href":"https:\/\/blogdoeloiltoncajuhy.com.br\/site\/wp-json\/wp\/v2\/tags?post=27984"}],"curies":[{"name":"wp","href":"https:\/\/api.w.org\/{rel}","templated":true}]}}