{"id":27980,"date":"2018-09-18T21:01:25","date_gmt":"2018-09-19T00:01:25","guid":{"rendered":"http:\/\/blogdoeloiltoncajuhy.com.br\/site\/?p=27980"},"modified":"2018-09-18T21:01:25","modified_gmt":"2018-09-19T00:01:25","slug":"instituto-psicopedagogico-e-agentes-de-endemias-realizam-acoes-contra-o-aedes-aegypti-no-setembro-amarelo-em-bonfim","status":"publish","type":"post","link":"https:\/\/blogdoeloiltoncajuhy.com.br\/site\/instituto-psicopedagogico-e-agentes-de-endemias-realizam-acoes-contra-o-aedes-aegypti-no-setembro-amarelo-em-bonfim\/","title":{"rendered":"Instituto Psicopedag\u00f3gico e Agentes de Endemias realizam a\u00e7\u00f5es contra o Aedes Aegypti no setembro amarelo em Bonfim"},"content":{"rendered":"<p><a href=\"https:\/\/i0.wp.com\/blogdoeloiltoncajuhy.com.br\/site\/wp-content\/uploads\/2018\/09\/IPPB-01.jpg\"><img data-recalc-dims=\"1\" fetchpriority=\"high\" decoding=\"async\" class=\"aligncenter size-full wp-image-27981\" src=\"https:\/\/i0.wp.com\/blogdoeloiltoncajuhy.com.br\/site\/wp-content\/uploads\/2018\/09\/IPPB-01.jpg?resize=500%2C375\" alt=\"\" width=\"500\" height=\"375\" srcset=\"https:\/\/i0.wp.com\/blogdoeloiltoncajuhy.com.br\/site\/wp-content\/uploads\/2018\/09\/IPPB-01.jpg?w=500&amp;ssl=1 500w, https:\/\/i0.wp.com\/blogdoeloiltoncajuhy.com.br\/site\/wp-content\/uploads\/2018\/09\/IPPB-01.jpg?resize=300%2C225&amp;ssl=1 300w, https:\/\/i0.wp.com\/blogdoeloiltoncajuhy.com.br\/site\/wp-content\/uploads\/2018\/09\/IPPB-01.jpg?resize=250%2C188&amp;ssl=1 250w\" sizes=\"(max-width: 500px) 100vw, 500px\" \/><\/a>O Instituto Psicopedag\u00f3gico, em parceria com os Agentes de Combate as Endemias de Senhor do Bonfim, realizou na manh\u00e3 desta ter\u00e7a-feira (18), uma caminhada pelas ruas da cidade, fazendo a abertura do projeto <strong>&#8220;Escolas que Acolhem&#8221;<\/strong>, compreendendo a escola como espa\u00e7o de acolhimento de diversidade e pluralidade.<\/p>\n<p>O dia come\u00e7ou bastante animado para esta institui\u00e7\u00e3o acolhida pelo bairro da Olaria. Os alunos e mestres caminharam pelas ruas do Mercado em dire\u00e7\u00e3o a Pra\u00e7a Luiz Viana. Durante o percurso, os alunos fizeram panfletagem junto com a equipe de endemias, coordenada por Marlon Reis.<\/p>\n<p>Todos os alunos, pais, professores e funcion\u00e1rios estavam nesta conscientiza\u00e7\u00e3o coletiva sobre a import\u00e2ncia do <em>Setembro Amarelo<\/em>, combate ao mosquito da dengue e vida saud\u00e1vel.<\/p>\n<p>A diretora Lilian Bartilloti informou que durante toda a semana haver\u00e1 atividades envolvendo a comunidade, com muitas surpresas a cada dia.<\/p>\n<p><strong><a href=\"https:\/\/i0.wp.com\/blogdoeloiltoncajuhy.com.br\/site\/wp-content\/uploads\/2018\/09\/IPPB-02.jpg\"><img data-recalc-dims=\"1\" decoding=\"async\" class=\"aligncenter size-full wp-image-27982\" src=\"https:\/\/i0.wp.com\/blogdoeloiltoncajuhy.com.br\/site\/wp-content\/uploads\/2018\/09\/IPPB-02.jpg?resize=300%2C400\" alt=\"\" width=\"300\" height=\"400\" srcset=\"https:\/\/i0.wp.com\/blogdoeloiltoncajuhy.com.br\/site\/wp-content\/uploads\/2018\/09\/IPPB-02.jpg?w=300&amp;ssl=1 300w, https:\/\/i0.wp.com\/blogdoeloiltoncajuhy.com.br\/site\/wp-content\/uploads\/2018\/09\/IPPB-02.jpg?resize=225%2C300&amp;ssl=1 225w, https:\/\/i0.wp.com\/blogdoeloiltoncajuhy.com.br\/site\/wp-content\/uploads\/2018\/09\/IPPB-02.jpg?resize=188%2C250&amp;ssl=1 188w\" sizes=\"(max-width: 300px) 100vw, 300px\" \/><\/a>*BLOG DO ELOILTON CAJUHY &#8211; Com informa\u00e7\u00f5es de Marlon Reis<\/strong><\/p>\n","protected":false},"excerpt":{"rendered":"<p>O Instituto Psicopedag\u00f3gico, em parceria com os Agentes de Combate as Endemias de Senhor do Bonfim, realizou na manh\u00e3 desta ter\u00e7a-feira (18), uma caminhada pelas ruas da cidade, fazendo a abertura do projeto &#8220;Escolas que Acolhem&#8221;, compreendendo a escola como espa\u00e7o de acolhimento de diversidade e pluralidade. O dia come\u00e7ou bastante animado para esta institui\u00e7\u00e3o [&hellip;]<\/p>\n","protected":false},"author":2,"featured_media":27982,"comment_status":"open","ping_status":"open","sticky":false,"template":"","format":"standard","meta":{"_acf_changed":false,"_monsterinsights_skip_tracking":false,"_monsterinsights_sitenote_active":false,"_monsterinsights_sitenote_note":"","_monsterinsights_sitenote_category":0,"_jetpack_memberships_contains_paid_content":false,"footnotes":"","jetpack_publicize_message":"","jetpack_publicize_feature_enabled":true,"jetpack_social_post_already_shared":true,"jetpack_social_options":{"image_generator_settings":{"template":"highway","default_image_id":0,"font":"","enabled":false},"version":2}},"categories":[1,4],"tags":[],"class_list":["post-27980","post","type-post","status-publish","format-standard","has-post-thumbnail","hentry","category-noticias","category-local"],"acf":[],"jetpack_publicize_connections":[],"jetpack_featured_media_url":"https:\/\/i0.wp.com\/blogdoeloiltoncajuhy.com.br\/site\/wp-content\/uploads\/2018\/09\/IPPB-02.jpg?fit=300%2C400&ssl=1","jetpack_sharing_enabled":true,"publishpress_future_workflow_manual_trigger":{"enabledWorkflows":[]},"_links":{"self":[{"href":"https:\/\/blogdoeloiltoncajuhy.com.br\/site\/wp-json\/wp\/v2\/posts\/27980","targetHints":{"allow":["GET"]}}],"collection":[{"href":"https:\/\/blogdoeloiltoncajuhy.com.br\/site\/wp-json\/wp\/v2\/posts"}],"about":[{"href":"https:\/\/blogdoeloiltoncajuhy.com.br\/site\/wp-json\/wp\/v2\/types\/post"}],"author":[{"embeddable":true,"href":"https:\/\/blogdoeloiltoncajuhy.com.br\/site\/wp-json\/wp\/v2\/users\/2"}],"replies":[{"embeddable":true,"href":"https:\/\/blogdoeloiltoncajuhy.com.br\/site\/wp-json\/wp\/v2\/comments?post=27980"}],"version-history":[{"count":1,"href":"https:\/\/blogdoeloiltoncajuhy.com.br\/site\/wp-json\/wp\/v2\/posts\/27980\/revisions"}],"predecessor-version":[{"id":27983,"href":"https:\/\/blogdoeloiltoncajuhy.com.br\/site\/wp-json\/wp\/v2\/posts\/27980\/revisions\/27983"}],"wp:featuredmedia":[{"embeddable":true,"href":"https:\/\/blogdoeloiltoncajuhy.com.br\/site\/wp-json\/wp\/v2\/media\/27982"}],"wp:attachment":[{"href":"https:\/\/blogdoeloiltoncajuhy.com.br\/site\/wp-json\/wp\/v2\/media?parent=27980"}],"wp:term":[{"taxonomy":"category","embeddable":true,"href":"https:\/\/blogdoeloiltoncajuhy.com.br\/site\/wp-json\/wp\/v2\/categories?post=27980"},{"taxonomy":"post_tag","embeddable":true,"href":"https:\/\/blogdoeloiltoncajuhy.com.br\/site\/wp-json\/wp\/v2\/tags?post=27980"}],"curies":[{"name":"wp","href":"https:\/\/api.w.org\/{rel}","templated":true}]}}