{"id":27974,"date":"2018-09-18T20:34:24","date_gmt":"2018-09-18T23:34:24","guid":{"rendered":"http:\/\/blogdoeloiltoncajuhy.com.br\/site\/?p=27974"},"modified":"2018-09-18T20:34:24","modified_gmt":"2018-09-18T23:34:24","slug":"andorinha-projeto-caravana-acao-e-cidadania-vai-ser-realizado-em-riacho-seco","status":"publish","type":"post","link":"https:\/\/blogdoeloiltoncajuhy.com.br\/site\/andorinha-projeto-caravana-acao-e-cidadania-vai-ser-realizado-em-riacho-seco\/","title":{"rendered":"Andorinha: Projeto Caravana A\u00e7\u00e3o e Cidadania vai ser realizado em Riacho Seco"},"content":{"rendered":"<p><a href=\"https:\/\/i0.wp.com\/blogdoeloiltoncajuhy.com.br\/site\/wp-content\/uploads\/2018\/09\/acao-cidadania_riacho-seco.png\"><img data-recalc-dims=\"1\" fetchpriority=\"high\" decoding=\"async\" class=\"aligncenter size-full wp-image-27975\" src=\"https:\/\/i0.wp.com\/blogdoeloiltoncajuhy.com.br\/site\/wp-content\/uploads\/2018\/09\/acao-cidadania_riacho-seco.png?resize=600%2C415\" alt=\"\" width=\"600\" height=\"415\" srcset=\"https:\/\/i0.wp.com\/blogdoeloiltoncajuhy.com.br\/site\/wp-content\/uploads\/2018\/09\/acao-cidadania_riacho-seco.png?w=600&amp;ssl=1 600w, https:\/\/i0.wp.com\/blogdoeloiltoncajuhy.com.br\/site\/wp-content\/uploads\/2018\/09\/acao-cidadania_riacho-seco.png?resize=300%2C208&amp;ssl=1 300w, https:\/\/i0.wp.com\/blogdoeloiltoncajuhy.com.br\/site\/wp-content\/uploads\/2018\/09\/acao-cidadania_riacho-seco.png?resize=250%2C173&amp;ssl=1 250w\" sizes=\"(max-width: 600px) 100vw, 600px\" \/><\/a>O Projeto Caravana A\u00e7\u00e3o Cidadania, coordenado pela secretaria de Assist\u00eancia Social, em parceria com todas as secretarias de governo da prefeitura de Andorinha, ser\u00e1 realizado na pr\u00f3xima quinta-feira, 20 de setembro, na comunidade de Riacho Seco.<\/p>\n<p>Dezenas de servi\u00e7os ser\u00e3o ofertados de forma gratuita para os moradores de Riacho Seco e adjac\u00eancias. Os atendimentos acontecer\u00e3o das 8h \u00e0s 15 horas. Os stands ficar\u00e3o ao lado do Posto de Sa\u00fade da Fam\u00edlia (PSF), de Riacho Seco.\u00a0Durante o evento, o prefeito tamb\u00e9m ir\u00e1 atender a popula\u00e7\u00e3o no gabinete Itinerante.<\/p>\n<p><strong>Confira alguns dos servi\u00e7os e atividades oferecidas a popula\u00e7\u00e3o:<\/strong><\/p>\n<p><em><strong>Secretaria de Infraestrutura:<\/strong><\/em><\/p>\n<p>\u00b7 Manuten\u00e7\u00e3o de ilumina\u00e7\u00e3o p\u00fablica;<\/p>\n<p>\u00b7 Instala\u00e7\u00e3o de placas com nome de ruas;<\/p>\n<p>\u00b7 Limpeza das ruas do povoada e capina;<\/p>\n<p>\u00b7 Informa\u00e7\u00f5es de Constru\u00e7\u00f5es com engenheiro civil do munic\u00edpio.<\/p>\n<p><em><strong>Secret\u00e1ria de Desenvolvimento Rural e Meio Ambiente<\/strong><\/em><\/p>\n<p>\u2022 Pr\u00e9- Cadastro da ADAB;<\/p>\n<p>\u2022 Pr\u00e9- Cadastro do INCRA (CCIR);<\/p>\n<p>\u2022 Associativismo;<\/p>\n<p>\u2022 Entrega de mudas;<\/p>\n<p>\u2022 Cadastro milho \u2013 CONAB;<\/p>\n<p>\u2022 Cadastro do Feno de Palha de Cana de A\u00e7\u00facar.<\/p>\n<p><em><strong>Secretaria de Educa\u00e7\u00e3o<\/strong><\/em><\/p>\n<p>\u2022 Exposi\u00e7\u00e3o de Projetos e Programas desenvolvidos;<\/p>\n<p>\u2022 Sala de tem\u00e1tica;<\/p>\n<p>\u2022 Apresenta\u00e7\u00e3o Art\u00edstica<\/p>\n<p><em><strong>Secretaria de Assist\u00eancia Social<\/strong><\/em><\/p>\n<p>\u2022 Atualiza\u00e7\u00e3o do Cadastro do Bolsa Fam\u00edlia;<\/p>\n<p>\u2022 Atendimento Psicossocial;<\/p>\n<p>\u2022 Palestra sobre o Programa Bolsa Fam\u00edlia;<\/p>\n<p>\u2022 Palestra sobre o Setembro Amarelo<\/p>\n<p>\u2022 Apresenta\u00e7\u00e3o de Bal\u00e9 e Jazz.<\/p>\n<p><em><strong>Secretaria de Sa\u00fade<\/strong><\/em><\/p>\n<p>\u2022 Aferi\u00e7\u00e3o de glicemia capilar;<\/p>\n<p>\u2022 Aferi\u00e7\u00e3o de press\u00e3o arterial;<\/p>\n<p>\u2022 Aplica\u00e7\u00e3o de testes r\u00e1pidos (HIV, S\u00edfilis, Hepatite B e C);<\/p>\n<p>\u2022 Aplica\u00e7\u00e3o de fl\u00faor;<\/p>\n<p>\u2022 Extra\u00e7\u00e3o de dentes (exodontia);<\/p>\n<p>\u2022 T\u00e9cnicas de escova\u00e7\u00e3o;<\/p>\n<p>\u2022 Avalia\u00e7\u00e3o antropom\u00e9trica;<\/p>\n<p>\u2022 Massagem relaxante e aplica\u00e7\u00e3o de ventosas;<\/p>\n<p>\u2022 Ultrassonografia.<\/p>\n<p><em><strong>Secretaria de Administra\u00e7\u00e3o<\/strong><\/em><\/p>\n<p>\u2022 Gabinete interino do Prefeito;<\/p>\n<p>\u2022 Certid\u00e3o de Reservista;<\/p>\n<p>\u2022 Ouvidoria da Pol\u00edcia Militar.<\/p>\n<p><em><strong>*Ascom Prefeitura Municipal de Andorinha-BA<\/strong><\/em><\/p>\n","protected":false},"excerpt":{"rendered":"<p>O Projeto Caravana A\u00e7\u00e3o Cidadania, coordenado pela secretaria de Assist\u00eancia Social, em parceria com todas as secretarias de governo da prefeitura de Andorinha, ser\u00e1 realizado na pr\u00f3xima quinta-feira, 20 de setembro, na comunidade de Riacho Seco. Dezenas de servi\u00e7os ser\u00e3o ofertados de forma gratuita para os moradores de Riacho Seco e adjac\u00eancias. Os atendimentos acontecer\u00e3o [&hellip;]<\/p>\n","protected":false},"author":2,"featured_media":27975,"comment_status":"open","ping_status":"open","sticky":false,"template":"","format":"standard","meta":{"_acf_changed":false,"_monsterinsights_skip_tracking":false,"_monsterinsights_sitenote_active":false,"_monsterinsights_sitenote_note":"","_monsterinsights_sitenote_category":0,"_jetpack_memberships_contains_paid_content":false,"footnotes":"","jetpack_publicize_message":"","jetpack_publicize_feature_enabled":true,"jetpack_social_post_already_shared":true,"jetpack_social_options":{"image_generator_settings":{"template":"highway","default_image_id":0,"font":"","enabled":false},"version":2}},"categories":[1,11],"tags":[],"class_list":["post-27974","post","type-post","status-publish","format-standard","has-post-thumbnail","hentry","category-noticias","category-regional"],"acf":[],"jetpack_publicize_connections":[],"jetpack_featured_media_url":"https:\/\/i0.wp.com\/blogdoeloiltoncajuhy.com.br\/site\/wp-content\/uploads\/2018\/09\/acao-cidadania_riacho-seco.png?fit=600%2C415&ssl=1","jetpack_sharing_enabled":true,"publishpress_future_workflow_manual_trigger":{"enabledWorkflows":[]},"_links":{"self":[{"href":"https:\/\/blogdoeloiltoncajuhy.com.br\/site\/wp-json\/wp\/v2\/posts\/27974","targetHints":{"allow":["GET"]}}],"collection":[{"href":"https:\/\/blogdoeloiltoncajuhy.com.br\/site\/wp-json\/wp\/v2\/posts"}],"about":[{"href":"https:\/\/blogdoeloiltoncajuhy.com.br\/site\/wp-json\/wp\/v2\/types\/post"}],"author":[{"embeddable":true,"href":"https:\/\/blogdoeloiltoncajuhy.com.br\/site\/wp-json\/wp\/v2\/users\/2"}],"replies":[{"embeddable":true,"href":"https:\/\/blogdoeloiltoncajuhy.com.br\/site\/wp-json\/wp\/v2\/comments?post=27974"}],"version-history":[{"count":1,"href":"https:\/\/blogdoeloiltoncajuhy.com.br\/site\/wp-json\/wp\/v2\/posts\/27974\/revisions"}],"predecessor-version":[{"id":27976,"href":"https:\/\/blogdoeloiltoncajuhy.com.br\/site\/wp-json\/wp\/v2\/posts\/27974\/revisions\/27976"}],"wp:featuredmedia":[{"embeddable":true,"href":"https:\/\/blogdoeloiltoncajuhy.com.br\/site\/wp-json\/wp\/v2\/media\/27975"}],"wp:attachment":[{"href":"https:\/\/blogdoeloiltoncajuhy.com.br\/site\/wp-json\/wp\/v2\/media?parent=27974"}],"wp:term":[{"taxonomy":"category","embeddable":true,"href":"https:\/\/blogdoeloiltoncajuhy.com.br\/site\/wp-json\/wp\/v2\/categories?post=27974"},{"taxonomy":"post_tag","embeddable":true,"href":"https:\/\/blogdoeloiltoncajuhy.com.br\/site\/wp-json\/wp\/v2\/tags?post=27974"}],"curies":[{"name":"wp","href":"https:\/\/api.w.org\/{rel}","templated":true}]}}