{"id":27971,"date":"2018-09-18T20:24:49","date_gmt":"2018-09-18T23:24:49","guid":{"rendered":"http:\/\/blogdoeloiltoncajuhy.com.br\/site\/?p=27971"},"modified":"2018-09-18T20:24:49","modified_gmt":"2018-09-18T23:24:49","slug":"menor-e-suspeito-de-matar-jovem-com-um-tiro-no-alto-da-maravilha-em-senhor-do-bonfim","status":"publish","type":"post","link":"https:\/\/blogdoeloiltoncajuhy.com.br\/site\/menor-e-suspeito-de-matar-jovem-com-um-tiro-no-alto-da-maravilha-em-senhor-do-bonfim\/","title":{"rendered":"Menor \u00e9 suspeito de matar jovem com um tiro no Alto da Maravilha em Senhor do Bonfim"},"content":{"rendered":"<figure id=\"attachment_27972\" aria-describedby=\"caption-attachment-27972\" style=\"width: 395px\" class=\"wp-caption aligncenter\"><a href=\"https:\/\/i0.wp.com\/blogdoeloiltoncajuhy.com.br\/site\/wp-content\/uploads\/2018\/09\/buiu.jpg\"><img data-recalc-dims=\"1\" fetchpriority=\"high\" decoding=\"async\" class=\"wp-image-27972\" src=\"https:\/\/i0.wp.com\/blogdoeloiltoncajuhy.com.br\/site\/wp-content\/uploads\/2018\/09\/buiu.jpg?resize=395%2C400\" alt=\"\" width=\"395\" height=\"400\" srcset=\"https:\/\/i0.wp.com\/blogdoeloiltoncajuhy.com.br\/site\/wp-content\/uploads\/2018\/09\/buiu.jpg?w=170&amp;ssl=1 170w, https:\/\/i0.wp.com\/blogdoeloiltoncajuhy.com.br\/site\/wp-content\/uploads\/2018\/09\/buiu.jpg?resize=48%2C48&amp;ssl=1 48w\" sizes=\"(max-width: 395px) 100vw, 395px\" \/><\/a><figcaption id=\"caption-attachment-27972\" class=\"wp-caption-text\">Foto: Blog do Netto Maravilha<\/figcaption><\/figure>\n<p>A pol\u00edcia registrou mais um assassinato no Alto da Maravilha, em Senhor do Bonfim, no final da tarde desta ter\u00e7a-feira (18). Segundo informa\u00e7\u00f5es do <strong>Blog do Netto Maravilha<\/strong>, por volta das 17h50, um rapaz identificado como\u00a0<strong>Alex de Santana dos Santos<\/strong>, de 28 anos, conhecido por <strong>\u201cBuiu\u201d<\/strong>, se envolveu em uma discuss\u00e3o e teria ferido dois irm\u00e3os.<\/p>\n<p>Ainda de acordo com o Blog, sabendo da discuss\u00e3o, um menor rec\u00e9m liberado da delegacia, que estava at\u00e9 pouco tempo internado em uma casa de recupera\u00e7\u00e3o para menores em Salvador e, que teria uma rixa com &#8220;Buiu&#8221;, foi at\u00e9 o local e efetuou um disparo de arma de fogo atingindo Alex na regi\u00e3o abdominal.<\/p>\n<p>O Servi\u00e7o de Atendimento M\u00f3vel de Urg\u00eancia (SAMU) esteve no local, mas Alex de Santana n\u00e3o resistiu e faleceu.\u00a0Ainda n\u00e3o h\u00e1 informa\u00e7\u00f5es da pris\u00e3o do autor, nem dos poss\u00edveis irm\u00e3os feridos.\u00a0Alex de Santana dos Santos iria completar 29 anos no pr\u00f3ximo dia 27 de setembro.<\/p>\n<p><strong>*BLOG DO ELOILTON CAJUHY<\/strong><\/p>\n","protected":false},"excerpt":{"rendered":"<p>A pol\u00edcia registrou mais um assassinato no Alto da Maravilha, em Senhor do Bonfim, no final da tarde desta ter\u00e7a-feira (18). Segundo informa\u00e7\u00f5es do Blog do Netto Maravilha, por volta das 17h50, um rapaz identificado como\u00a0Alex de Santana dos Santos, de 28 anos, conhecido por \u201cBuiu\u201d, se envolveu em uma discuss\u00e3o e teria ferido dois [&hellip;]<\/p>\n","protected":false},"author":2,"featured_media":27972,"comment_status":"open","ping_status":"open","sticky":false,"template":"","format":"standard","meta":{"_acf_changed":false,"_monsterinsights_skip_tracking":false,"_monsterinsights_sitenote_active":false,"_monsterinsights_sitenote_note":"","_monsterinsights_sitenote_category":0,"_jetpack_memberships_contains_paid_content":false,"footnotes":"","jetpack_publicize_message":"","jetpack_publicize_feature_enabled":true,"jetpack_social_post_already_shared":true,"jetpack_social_options":{"image_generator_settings":{"template":"highway","default_image_id":0,"font":"","enabled":false},"version":2}},"categories":[5,1,4],"tags":[],"class_list":["post-27971","post","type-post","status-publish","format-standard","has-post-thumbnail","hentry","category-cotidiano","category-noticias","category-local"],"acf":[],"jetpack_publicize_connections":[],"jetpack_featured_media_url":"https:\/\/i0.wp.com\/blogdoeloiltoncajuhy.com.br\/site\/wp-content\/uploads\/2018\/09\/buiu.jpg?fit=170%2C172&ssl=1","jetpack_sharing_enabled":true,"publishpress_future_workflow_manual_trigger":{"enabledWorkflows":[]},"_links":{"self":[{"href":"https:\/\/blogdoeloiltoncajuhy.com.br\/site\/wp-json\/wp\/v2\/posts\/27971","targetHints":{"allow":["GET"]}}],"collection":[{"href":"https:\/\/blogdoeloiltoncajuhy.com.br\/site\/wp-json\/wp\/v2\/posts"}],"about":[{"href":"https:\/\/blogdoeloiltoncajuhy.com.br\/site\/wp-json\/wp\/v2\/types\/post"}],"author":[{"embeddable":true,"href":"https:\/\/blogdoeloiltoncajuhy.com.br\/site\/wp-json\/wp\/v2\/users\/2"}],"replies":[{"embeddable":true,"href":"https:\/\/blogdoeloiltoncajuhy.com.br\/site\/wp-json\/wp\/v2\/comments?post=27971"}],"version-history":[{"count":1,"href":"https:\/\/blogdoeloiltoncajuhy.com.br\/site\/wp-json\/wp\/v2\/posts\/27971\/revisions"}],"predecessor-version":[{"id":27973,"href":"https:\/\/blogdoeloiltoncajuhy.com.br\/site\/wp-json\/wp\/v2\/posts\/27971\/revisions\/27973"}],"wp:featuredmedia":[{"embeddable":true,"href":"https:\/\/blogdoeloiltoncajuhy.com.br\/site\/wp-json\/wp\/v2\/media\/27972"}],"wp:attachment":[{"href":"https:\/\/blogdoeloiltoncajuhy.com.br\/site\/wp-json\/wp\/v2\/media?parent=27971"}],"wp:term":[{"taxonomy":"category","embeddable":true,"href":"https:\/\/blogdoeloiltoncajuhy.com.br\/site\/wp-json\/wp\/v2\/categories?post=27971"},{"taxonomy":"post_tag","embeddable":true,"href":"https:\/\/blogdoeloiltoncajuhy.com.br\/site\/wp-json\/wp\/v2\/tags?post=27971"}],"curies":[{"name":"wp","href":"https:\/\/api.w.org\/{rel}","templated":true}]}}