{"id":27968,"date":"2018-09-18T10:22:18","date_gmt":"2018-09-18T13:22:18","guid":{"rendered":"http:\/\/blogdoeloiltoncajuhy.com.br\/site\/?p=27968"},"modified":"2018-09-18T10:22:18","modified_gmt":"2018-09-18T13:22:18","slug":"mp-ba-investiga-contratacao-de-kannario-pela-prefeitura-de-salvador-para-apresentacao-no-carnaval","status":"publish","type":"post","link":"https:\/\/blogdoeloiltoncajuhy.com.br\/site\/mp-ba-investiga-contratacao-de-kannario-pela-prefeitura-de-salvador-para-apresentacao-no-carnaval\/","title":{"rendered":"MP-BA investiga contrata\u00e7\u00e3o de Kann\u00e1rio pela prefeitura de Salvador para apresenta\u00e7\u00e3o no Carnaval"},"content":{"rendered":"<figure id=\"attachment_27969\" aria-describedby=\"caption-attachment-27969\" style=\"width: 380px\" class=\"wp-caption aligncenter\"><a href=\"https:\/\/i0.wp.com\/blogdoeloiltoncajuhy.com.br\/site\/wp-content\/uploads\/2018\/09\/igor-canario.jpg\"><img data-recalc-dims=\"1\" fetchpriority=\"high\" decoding=\"async\" class=\"wp-image-27969 size-full\" src=\"https:\/\/i0.wp.com\/blogdoeloiltoncajuhy.com.br\/site\/wp-content\/uploads\/2018\/09\/igor-canario.jpg?resize=380%2C280\" alt=\"\" width=\"380\" height=\"280\" srcset=\"https:\/\/i0.wp.com\/blogdoeloiltoncajuhy.com.br\/site\/wp-content\/uploads\/2018\/09\/igor-canario.jpg?w=380&amp;ssl=1 380w, https:\/\/i0.wp.com\/blogdoeloiltoncajuhy.com.br\/site\/wp-content\/uploads\/2018\/09\/igor-canario.jpg?resize=300%2C221&amp;ssl=1 300w, https:\/\/i0.wp.com\/blogdoeloiltoncajuhy.com.br\/site\/wp-content\/uploads\/2018\/09\/igor-canario.jpg?resize=250%2C184&amp;ssl=1 250w\" sizes=\"(max-width: 380px) 100vw, 380px\" \/><\/a><figcaption id=\"caption-attachment-27969\" class=\"wp-caption-text\">Foto: Reprodu\u00e7\u00e3o \/ YouTube<\/figcaption><\/figure>\n<p>O Minist\u00e9rio P\u00fablico da Bahia (MP-BA) abriu inqu\u00e9rito para investigar a contrata\u00e7\u00e3o do cantor e vereador Igor Kann\u00e1rio (PHS) para apresenta\u00e7\u00e3o no Carnaval de Salvador, em 2017.<\/p>\n<p>Naquele ano, a prefeitura de Salvador pagou R$ 120 mil pelos shows do artista, que \u00e9 da base do prefeito de Salvador, ACM Neto (DEM), na C\u00e2mara de Vereadores. Ele desfilou em trio el\u00e9trico nos circuitos do Campo Grande da Barra e ainda fez shows em palcos nos bairros de Cajazeiras e Liberdade.<\/p>\n<p>Anteriormente um procedimento investigativo preliminar, o processo foi convertido em inqu\u00e9rito civil por parte da promotoria de Defesa da Moralidade Administrativa e do Patrim\u00f4nio P\u00fablico. A investiga\u00e7\u00e3o come\u00e7ou ap\u00f3s representa\u00e7\u00e3o oferecida por Alexandre Loureiro. N\u00e3o h\u00e1 mais detalhes sobre o inqu\u00e9rito.<\/p>\n<p><em><strong>*Bahia Not\u00edcias<\/strong><\/em><\/p>\n","protected":false},"excerpt":{"rendered":"<p>O Minist\u00e9rio P\u00fablico da Bahia (MP-BA) abriu inqu\u00e9rito para investigar a contrata\u00e7\u00e3o do cantor e vereador Igor Kann\u00e1rio (PHS) para apresenta\u00e7\u00e3o no Carnaval de Salvador, em 2017. Naquele ano, a prefeitura de Salvador pagou R$ 120 mil pelos shows do artista, que \u00e9 da base do prefeito de Salvador, ACM Neto (DEM), na C\u00e2mara de [&hellip;]<\/p>\n","protected":false},"author":2,"featured_media":27969,"comment_status":"open","ping_status":"open","sticky":false,"template":"","format":"standard","meta":{"_acf_changed":false,"_monsterinsights_skip_tracking":false,"_monsterinsights_sitenote_active":false,"_monsterinsights_sitenote_note":"","_monsterinsights_sitenote_category":0,"_jetpack_memberships_contains_paid_content":false,"footnotes":"","jetpack_publicize_message":"","jetpack_publicize_feature_enabled":true,"jetpack_social_post_already_shared":true,"jetpack_social_options":{"image_generator_settings":{"template":"highway","default_image_id":0,"font":"","enabled":false},"version":2}},"categories":[1,3],"tags":[],"class_list":["post-27968","post","type-post","status-publish","format-standard","has-post-thumbnail","hentry","category-noticias","category-politica"],"acf":[],"jetpack_publicize_connections":[],"jetpack_featured_media_url":"https:\/\/i0.wp.com\/blogdoeloiltoncajuhy.com.br\/site\/wp-content\/uploads\/2018\/09\/igor-canario.jpg?fit=380%2C280&ssl=1","jetpack_sharing_enabled":true,"publishpress_future_workflow_manual_trigger":{"enabledWorkflows":[]},"_links":{"self":[{"href":"https:\/\/blogdoeloiltoncajuhy.com.br\/site\/wp-json\/wp\/v2\/posts\/27968","targetHints":{"allow":["GET"]}}],"collection":[{"href":"https:\/\/blogdoeloiltoncajuhy.com.br\/site\/wp-json\/wp\/v2\/posts"}],"about":[{"href":"https:\/\/blogdoeloiltoncajuhy.com.br\/site\/wp-json\/wp\/v2\/types\/post"}],"author":[{"embeddable":true,"href":"https:\/\/blogdoeloiltoncajuhy.com.br\/site\/wp-json\/wp\/v2\/users\/2"}],"replies":[{"embeddable":true,"href":"https:\/\/blogdoeloiltoncajuhy.com.br\/site\/wp-json\/wp\/v2\/comments?post=27968"}],"version-history":[{"count":1,"href":"https:\/\/blogdoeloiltoncajuhy.com.br\/site\/wp-json\/wp\/v2\/posts\/27968\/revisions"}],"predecessor-version":[{"id":27970,"href":"https:\/\/blogdoeloiltoncajuhy.com.br\/site\/wp-json\/wp\/v2\/posts\/27968\/revisions\/27970"}],"wp:featuredmedia":[{"embeddable":true,"href":"https:\/\/blogdoeloiltoncajuhy.com.br\/site\/wp-json\/wp\/v2\/media\/27969"}],"wp:attachment":[{"href":"https:\/\/blogdoeloiltoncajuhy.com.br\/site\/wp-json\/wp\/v2\/media?parent=27968"}],"wp:term":[{"taxonomy":"category","embeddable":true,"href":"https:\/\/blogdoeloiltoncajuhy.com.br\/site\/wp-json\/wp\/v2\/categories?post=27968"},{"taxonomy":"post_tag","embeddable":true,"href":"https:\/\/blogdoeloiltoncajuhy.com.br\/site\/wp-json\/wp\/v2\/tags?post=27968"}],"curies":[{"name":"wp","href":"https:\/\/api.w.org\/{rel}","templated":true}]}}