{"id":27963,"date":"2018-09-18T09:38:23","date_gmt":"2018-09-18T12:38:23","guid":{"rendered":"http:\/\/blogdoeloiltoncajuhy.com.br\/site\/?p=27963"},"modified":"2018-09-18T09:38:23","modified_gmt":"2018-09-18T12:38:23","slug":"ambulancias-do-samu-sao-abandonadas-e-sucateadas-no-patio-da-prefeitura-de-juazeiro","status":"publish","type":"post","link":"https:\/\/blogdoeloiltoncajuhy.com.br\/site\/ambulancias-do-samu-sao-abandonadas-e-sucateadas-no-patio-da-prefeitura-de-juazeiro\/","title":{"rendered":"Ambul\u00e2ncias do Samu s\u00e3o abandonadas e sucateadas no p\u00e1tio da prefeitura de Juazeiro"},"content":{"rendered":"<h5 style=\"text-align: center;\"><em>H\u00e1 ve\u00edculos sem motor, sem pneus e em alguns h\u00e1 seringas abandonadas. MP abriu inqu\u00e9rito em 2015, pediu provid\u00eancias, mas segundo o \u00f3rg\u00e3o, n\u00e3o foi respondido<\/em><\/h5>\n<figure id=\"attachment_27964\" aria-describedby=\"caption-attachment-27964\" style=\"width: 984px\" class=\"wp-caption aligncenter\"><a href=\"https:\/\/i0.wp.com\/blogdoeloiltoncajuhy.com.br\/site\/wp-content\/uploads\/2018\/09\/samu-juazeiro_01.jpg\"><img data-recalc-dims=\"1\" fetchpriority=\"high\" decoding=\"async\" class=\"wp-image-27964 size-full\" src=\"https:\/\/i0.wp.com\/blogdoeloiltoncajuhy.com.br\/site\/wp-content\/uploads\/2018\/09\/samu-juazeiro_01.jpg?resize=800%2C483\" alt=\"\" width=\"800\" height=\"483\" srcset=\"https:\/\/i0.wp.com\/blogdoeloiltoncajuhy.com.br\/site\/wp-content\/uploads\/2018\/09\/samu-juazeiro_01.jpg?w=984&amp;ssl=1 984w, https:\/\/i0.wp.com\/blogdoeloiltoncajuhy.com.br\/site\/wp-content\/uploads\/2018\/09\/samu-juazeiro_01.jpg?resize=300%2C181&amp;ssl=1 300w, https:\/\/i0.wp.com\/blogdoeloiltoncajuhy.com.br\/site\/wp-content\/uploads\/2018\/09\/samu-juazeiro_01.jpg?resize=768%2C464&amp;ssl=1 768w, https:\/\/i0.wp.com\/blogdoeloiltoncajuhy.com.br\/site\/wp-content\/uploads\/2018\/09\/samu-juazeiro_01.jpg?resize=250%2C151&amp;ssl=1 250w\" sizes=\"(max-width: 800px) 100vw, 800px\" \/><\/a><figcaption id=\"caption-attachment-27964\" class=\"wp-caption-text\">Ambul\u00e2ncias sucateadas em p\u00e1tio da prefeitura de Juazeiro \u2014 Foto: Reprodu\u00e7\u00e3o\/TV S\u00e3o Francisco<\/figcaption><\/figure>\n<p>Mais de dez ambul\u00e2ncias do Servi\u00e7o de Atendimento M\u00f3vel de Urg\u00eancia (Samu) de Juazeiro, est\u00e3o abandonadas e em processo de sucateamento, no p\u00e1tio da prefeitura da cidade.\u00a0No local, h\u00e1 ambul\u00e2ncias faltando motor, sem os pneus, sem janelas e faltando os far\u00f3is. Al\u00e9m disso, dentro de alguns ve\u00edculos h\u00e1 seringas abandonadas.<\/p>\n<p>O Minist\u00e9rio P\u00f9blico da Bahia (MP-BA) instaurou inqu\u00e9rito em 2015 para investigar den\u00fancia de m\u00e1 presta\u00e7\u00e3o do servi\u00e7o. Dois anos depois, apresentou relat\u00f3rio onde apontava os problemas e pedia ao munic\u00edpio que se manifestasse. A prefeitura, segundo o MP-BA, nunca respondeu. Na segunda feira (17), representantes do \u00f3rg\u00e3o e do munic\u00edpio se reuniram pra discutir a situa\u00e7\u00e3o.<\/p>\n<p>De acordo com o MP-BA, dentre as irregularidades apontadas est\u00e3o a falta de nomea\u00e7\u00e3o de coordenadores m\u00e9dicos e de enfermagem, falta de manuten\u00e7\u00e3o nas unidades m\u00f3veis de s\u00e1ude e o funcionamento do Samu com 75 % da frota.<\/p>\n<figure id=\"attachment_27965\" aria-describedby=\"caption-attachment-27965\" style=\"width: 984px\" class=\"wp-caption aligncenter\"><a href=\"https:\/\/i0.wp.com\/blogdoeloiltoncajuhy.com.br\/site\/wp-content\/uploads\/2018\/09\/samu-juazeiro_02.jpg\"><img data-recalc-dims=\"1\" decoding=\"async\" class=\"wp-image-27965 size-full\" src=\"https:\/\/i0.wp.com\/blogdoeloiltoncajuhy.com.br\/site\/wp-content\/uploads\/2018\/09\/samu-juazeiro_02.jpg?resize=800%2C449\" alt=\"\" width=\"800\" height=\"449\" srcset=\"https:\/\/i0.wp.com\/blogdoeloiltoncajuhy.com.br\/site\/wp-content\/uploads\/2018\/09\/samu-juazeiro_02.jpg?w=984&amp;ssl=1 984w, https:\/\/i0.wp.com\/blogdoeloiltoncajuhy.com.br\/site\/wp-content\/uploads\/2018\/09\/samu-juazeiro_02.jpg?resize=300%2C168&amp;ssl=1 300w, https:\/\/i0.wp.com\/blogdoeloiltoncajuhy.com.br\/site\/wp-content\/uploads\/2018\/09\/samu-juazeiro_02.jpg?resize=768%2C431&amp;ssl=1 768w, https:\/\/i0.wp.com\/blogdoeloiltoncajuhy.com.br\/site\/wp-content\/uploads\/2018\/09\/samu-juazeiro_02.jpg?resize=250%2C140&amp;ssl=1 250w\" sizes=\"(max-width: 800px) 100vw, 800px\" \/><\/a><figcaption id=\"caption-attachment-27965\" class=\"wp-caption-text\">Seringas foram deixadas em algumas da ambul\u00e2ncias \u2014 Foto: Reprodu\u00e7\u00e3o\/TV S\u00e3o Francisco<\/figcaption><\/figure>\n<p>Al\u00e9m do MP, moradores da cidade tamb\u00e9m reclamam do servi\u00e7o. Em julho deste ano, Maria Jos\u00e9lia dos Santos, m\u00e3e de sete filhos, e que aguardava por uma cirurgia no cora\u00e7\u00e3o, passou mal em casa. De acordo com a fam\u00edlia, o Samu foi acionado, n\u00e3o chegou a tempo e Jos\u00e9lia morreu sem receber atendimento.\u00a0\u201c<em>Assim que o vizinho dobrou o beco, a Samu apontou. A\u00ed eu falei para os meninos: \u2018Diga que volte, porque ela j\u00e1 foi<\/em>\u2019\u201d, conta a m\u00e3e de Jos\u00e9lia.<\/p>\n<p>Al\u00e9m das reclama\u00e7\u00f5es de demora na resposta aos chamados, o atendimento do Samu tamb\u00e9m \u00e9 prejudicado pela superlota\u00e7\u00e3o dos hospitais no munic\u00edpio. Quando falta leito, o paciente acaba ficando acomodado na maca da ambul\u00e2ncia que o levou at\u00e9 o hospital, e a ambul\u00e2ncia fica temporariamente sem a maca pra poder fazer outros atendimentos. Foi o que aconteceu com dona Josefa, de 87 anos.<\/p>\n<figure id=\"attachment_27966\" aria-describedby=\"caption-attachment-27966\" style=\"width: 984px\" class=\"wp-caption aligncenter\"><a href=\"https:\/\/i0.wp.com\/blogdoeloiltoncajuhy.com.br\/site\/wp-content\/uploads\/2018\/09\/samu-juazeiro-03.jpg\"><img data-recalc-dims=\"1\" decoding=\"async\" class=\"wp-image-27966 size-full\" src=\"https:\/\/i0.wp.com\/blogdoeloiltoncajuhy.com.br\/site\/wp-content\/uploads\/2018\/09\/samu-juazeiro-03.jpg?resize=800%2C470\" alt=\"\" width=\"800\" height=\"470\" srcset=\"https:\/\/i0.wp.com\/blogdoeloiltoncajuhy.com.br\/site\/wp-content\/uploads\/2018\/09\/samu-juazeiro-03.jpg?w=984&amp;ssl=1 984w, https:\/\/i0.wp.com\/blogdoeloiltoncajuhy.com.br\/site\/wp-content\/uploads\/2018\/09\/samu-juazeiro-03.jpg?resize=300%2C176&amp;ssl=1 300w, https:\/\/i0.wp.com\/blogdoeloiltoncajuhy.com.br\/site\/wp-content\/uploads\/2018\/09\/samu-juazeiro-03.jpg?resize=768%2C451&amp;ssl=1 768w, https:\/\/i0.wp.com\/blogdoeloiltoncajuhy.com.br\/site\/wp-content\/uploads\/2018\/09\/samu-juazeiro-03.jpg?resize=250%2C147&amp;ssl=1 250w\" sizes=\"(max-width: 800px) 100vw, 800px\" \/><\/a><figcaption id=\"caption-attachment-27966\" class=\"wp-caption-text\">Ambul\u00e2ncias est\u00e3o em processo de sucateamento \u2014 Foto: Reprodu\u00e7\u00e3o\/TV S\u00e3o Francisco<\/figcaption><\/figure>\n<p>Em nota, a Secretaria Municipal de Sa\u00fade informou que o Samu tem sete ambul\u00e2ncias em funcionamento, sendo cinco unidades de suporte b\u00e1sico e duas unidades de suporte avan\u00e7ado, equipadas com UTI, al\u00e9m de uma motol\u00e2ncia.<\/p>\n<p>Segundo a secretaria, essa frota \u00e9 suficiente para fazer o atendimento das 60 ocorr\u00eancias registradas diariamente na cidade. A nota diz ainda que o Samu faz a manuten\u00e7\u00e3o das ambul\u00e2ncias, mas que a cada quatro ou cinco anos, o Minist\u00e9rio da Sa\u00fade deve troc\u00e1-las, e que o munic\u00edpio vai receber nos pr\u00f3ximos dias quatro novas ambul\u00e2ncias para renova\u00e7\u00e3o da frota.<\/p>\n<p>Com rela\u00e7\u00e3o aos ve\u00edculos sucateados, o munic\u00edpio diz que est\u00e1 aguardando o posicionamento do Minist\u00e9rio da Sa\u00fade, para saber se eles v\u00e3o ser encaminhados ao p\u00e1tio do minist\u00e9rio ou se ser\u00e3o leiloados.<\/p>\n<p><em><strong>*Por G1 BA<\/strong><\/em><\/p>\n","protected":false},"excerpt":{"rendered":"<p>H\u00e1 ve\u00edculos sem motor, sem pneus e em alguns h\u00e1 seringas abandonadas. MP abriu inqu\u00e9rito em 2015, pediu provid\u00eancias, mas segundo o \u00f3rg\u00e3o, n\u00e3o foi respondido Mais de dez ambul\u00e2ncias do Servi\u00e7o de Atendimento M\u00f3vel de Urg\u00eancia (Samu) de Juazeiro, est\u00e3o abandonadas e em processo de sucateamento, no p\u00e1tio da prefeitura da cidade.\u00a0No local, h\u00e1 [&hellip;]<\/p>\n","protected":false},"author":2,"featured_media":27966,"comment_status":"open","ping_status":"open","sticky":false,"template":"","format":"standard","meta":{"_acf_changed":false,"_monsterinsights_skip_tracking":false,"_monsterinsights_sitenote_active":false,"_monsterinsights_sitenote_note":"","_monsterinsights_sitenote_category":0,"_jetpack_memberships_contains_paid_content":false,"footnotes":"","jetpack_publicize_message":"","jetpack_publicize_feature_enabled":true,"jetpack_social_post_already_shared":true,"jetpack_social_options":{"image_generator_settings":{"template":"highway","default_image_id":0,"font":"","enabled":false},"version":2}},"categories":[5,1,11],"tags":[],"class_list":["post-27963","post","type-post","status-publish","format-standard","has-post-thumbnail","hentry","category-cotidiano","category-noticias","category-regional"],"acf":[],"jetpack_publicize_connections":[],"jetpack_featured_media_url":"https:\/\/i0.wp.com\/blogdoeloiltoncajuhy.com.br\/site\/wp-content\/uploads\/2018\/09\/samu-juazeiro-03.jpg?fit=984%2C578&ssl=1","jetpack_sharing_enabled":true,"publishpress_future_workflow_manual_trigger":{"enabledWorkflows":[]},"_links":{"self":[{"href":"https:\/\/blogdoeloiltoncajuhy.com.br\/site\/wp-json\/wp\/v2\/posts\/27963","targetHints":{"allow":["GET"]}}],"collection":[{"href":"https:\/\/blogdoeloiltoncajuhy.com.br\/site\/wp-json\/wp\/v2\/posts"}],"about":[{"href":"https:\/\/blogdoeloiltoncajuhy.com.br\/site\/wp-json\/wp\/v2\/types\/post"}],"author":[{"embeddable":true,"href":"https:\/\/blogdoeloiltoncajuhy.com.br\/site\/wp-json\/wp\/v2\/users\/2"}],"replies":[{"embeddable":true,"href":"https:\/\/blogdoeloiltoncajuhy.com.br\/site\/wp-json\/wp\/v2\/comments?post=27963"}],"version-history":[{"count":1,"href":"https:\/\/blogdoeloiltoncajuhy.com.br\/site\/wp-json\/wp\/v2\/posts\/27963\/revisions"}],"predecessor-version":[{"id":27967,"href":"https:\/\/blogdoeloiltoncajuhy.com.br\/site\/wp-json\/wp\/v2\/posts\/27963\/revisions\/27967"}],"wp:featuredmedia":[{"embeddable":true,"href":"https:\/\/blogdoeloiltoncajuhy.com.br\/site\/wp-json\/wp\/v2\/media\/27966"}],"wp:attachment":[{"href":"https:\/\/blogdoeloiltoncajuhy.com.br\/site\/wp-json\/wp\/v2\/media?parent=27963"}],"wp:term":[{"taxonomy":"category","embeddable":true,"href":"https:\/\/blogdoeloiltoncajuhy.com.br\/site\/wp-json\/wp\/v2\/categories?post=27963"},{"taxonomy":"post_tag","embeddable":true,"href":"https:\/\/blogdoeloiltoncajuhy.com.br\/site\/wp-json\/wp\/v2\/tags?post=27963"}],"curies":[{"name":"wp","href":"https:\/\/api.w.org\/{rel}","templated":true}]}}