{"id":27956,"date":"2018-09-17T22:34:38","date_gmt":"2018-09-18T01:34:38","guid":{"rendered":"http:\/\/blogdoeloiltoncajuhy.com.br\/site\/?p=27956"},"modified":"2018-09-17T22:34:38","modified_gmt":"2018-09-18T01:34:38","slug":"comece-a-terca-feira-meditando-47","status":"publish","type":"post","link":"https:\/\/blogdoeloiltoncajuhy.com.br\/site\/comece-a-terca-feira-meditando-47\/","title":{"rendered":"Comece a ter\u00e7a-feira meditando"},"content":{"rendered":"<h5 style=\"text-align: center;\"><span style=\"color: #ff0000;\"><strong>Evangelho &#8211; Lc 7,11-17 &#8211;\u00a0Jovem, eu te ordeno, levanta-te!<\/strong><\/span><\/h5>\n<p><a href=\"https:\/\/i0.wp.com\/blogdoeloiltoncajuhy.com.br\/site\/wp-content\/uploads\/2017\/05\/liturgia_diaria_2-e1496227097750.jpg\"><img data-recalc-dims=\"1\" fetchpriority=\"high\" decoding=\"async\" class=\"aligncenter size-full wp-image-17809\" src=\"https:\/\/i0.wp.com\/blogdoeloiltoncajuhy.com.br\/site\/wp-content\/uploads\/2017\/05\/liturgia_diaria_2-e1496227097750.jpg?resize=400%2C303\" alt=\"\" width=\"400\" height=\"303\" \/><\/a>Naquele tempo: Jesus dirigiu-se a uma cidade chamada Naim. Com ele iam seus disc\u00edpulos e uma grande multid\u00e3o. Quando chegou \u00e0 porta da cidade, eis que levavam um defunto, filho \u00fanico; e sua m\u00e3e era vi\u00fava. Grande multid\u00e3o da cidade a acompanhava. Ao v\u00ea-la, o Senhor sentiu compaix\u00e3o para com ela e lhe disse: &#8216;N\u00e3o chores!&#8217; Aproximou-se, tocou o caix\u00e3o, e os que o carregavam pararam. Ent\u00e3o, Jesus disse: &#8216;Jovem, eu te ordeno, levanta-te!&#8217; O que estava morto sentou-se e come\u00e7ou a falar. E Jesus o entregou \u00e0 sua m\u00e3e. Todos ficaram com muito medo e glorificavam a Deus, dizendo: &#8216;Um grande profeta apareceu entre n\u00f3s e Deus veio visitar o seu povo&#8217;.\u00a0E a not\u00edcia do fato espalhou-se pela Jud\u00e9ia inteira, e por toda a redondeza.<\/p>\n<p><em><strong>Palavra da Salva\u00e7\u00e3o!<\/strong><\/em><\/p>\n<p><strong>*<a href=\"http:\/\/liturgiadiaria.cnbb.org.br\/app\/user\/user\/UserView.php?ano=2018&amp;mes=9&amp;dia=18\">CNBB<\/a><\/strong><\/p>\n","protected":false},"excerpt":{"rendered":"<p>Evangelho &#8211; Lc 7,11-17 &#8211;\u00a0Jovem, eu te ordeno, levanta-te! Naquele tempo: Jesus dirigiu-se a uma cidade chamada Naim. Com ele iam seus disc\u00edpulos e uma grande multid\u00e3o. Quando chegou \u00e0 porta da cidade, eis que levavam um defunto, filho \u00fanico; e sua m\u00e3e era vi\u00fava. Grande multid\u00e3o da cidade a acompanhava. Ao v\u00ea-la, o Senhor [&hellip;]<\/p>\n","protected":false},"author":2,"featured_media":0,"comment_status":"open","ping_status":"open","sticky":false,"template":"","format":"standard","meta":{"_acf_changed":false,"_monsterinsights_skip_tracking":false,"_monsterinsights_sitenote_active":false,"_monsterinsights_sitenote_note":"","_monsterinsights_sitenote_category":0,"_jetpack_memberships_contains_paid_content":false,"footnotes":"","jetpack_publicize_message":"","jetpack_publicize_feature_enabled":true,"jetpack_social_post_already_shared":true,"jetpack_social_options":{"image_generator_settings":{"template":"highway","default_image_id":0,"font":"","enabled":false},"version":2}},"categories":[1,9],"tags":[],"class_list":["post-27956","post","type-post","status-publish","format-standard","hentry","category-noticias","category-reflexao"],"acf":[],"jetpack_publicize_connections":[],"jetpack_featured_media_url":"","jetpack_sharing_enabled":true,"publishpress_future_workflow_manual_trigger":{"enabledWorkflows":[]},"_links":{"self":[{"href":"https:\/\/blogdoeloiltoncajuhy.com.br\/site\/wp-json\/wp\/v2\/posts\/27956","targetHints":{"allow":["GET"]}}],"collection":[{"href":"https:\/\/blogdoeloiltoncajuhy.com.br\/site\/wp-json\/wp\/v2\/posts"}],"about":[{"href":"https:\/\/blogdoeloiltoncajuhy.com.br\/site\/wp-json\/wp\/v2\/types\/post"}],"author":[{"embeddable":true,"href":"https:\/\/blogdoeloiltoncajuhy.com.br\/site\/wp-json\/wp\/v2\/users\/2"}],"replies":[{"embeddable":true,"href":"https:\/\/blogdoeloiltoncajuhy.com.br\/site\/wp-json\/wp\/v2\/comments?post=27956"}],"version-history":[{"count":1,"href":"https:\/\/blogdoeloiltoncajuhy.com.br\/site\/wp-json\/wp\/v2\/posts\/27956\/revisions"}],"predecessor-version":[{"id":27957,"href":"https:\/\/blogdoeloiltoncajuhy.com.br\/site\/wp-json\/wp\/v2\/posts\/27956\/revisions\/27957"}],"wp:attachment":[{"href":"https:\/\/blogdoeloiltoncajuhy.com.br\/site\/wp-json\/wp\/v2\/media?parent=27956"}],"wp:term":[{"taxonomy":"category","embeddable":true,"href":"https:\/\/blogdoeloiltoncajuhy.com.br\/site\/wp-json\/wp\/v2\/categories?post=27956"},{"taxonomy":"post_tag","embeddable":true,"href":"https:\/\/blogdoeloiltoncajuhy.com.br\/site\/wp-json\/wp\/v2\/tags?post=27956"}],"curies":[{"name":"wp","href":"https:\/\/api.w.org\/{rel}","templated":true}]}}