{"id":27951,"date":"2018-09-17T22:19:38","date_gmt":"2018-09-18T01:19:38","guid":{"rendered":"http:\/\/blogdoeloiltoncajuhy.com.br\/site\/?p=27951"},"modified":"2018-09-18T09:14:14","modified_gmt":"2018-09-18T12:14:14","slug":"santo-de-casa-faz-milagre-sim-ciclistas-bonfinenses-sao-destaque-na-etapa-baiana-realizada-em-bonfim","status":"publish","type":"post","link":"https:\/\/blogdoeloiltoncajuhy.com.br\/site\/santo-de-casa-faz-milagre-sim-ciclistas-bonfinenses-sao-destaque-na-etapa-baiana-realizada-em-bonfim\/","title":{"rendered":"Santo de casa faz milagre sim: Ciclistas bonfinenses s\u00e3o destaque na etapa baiana realizada em Bonfim"},"content":{"rendered":"<p><a href=\"https:\/\/i0.wp.com\/blogdoeloiltoncajuhy.com.br\/site\/wp-content\/uploads\/2018\/09\/pro-bike-bonfim_regis.jpg\"><img data-recalc-dims=\"1\" fetchpriority=\"high\" decoding=\"async\" class=\"aligncenter size-full wp-image-27954\" src=\"https:\/\/i0.wp.com\/blogdoeloiltoncajuhy.com.br\/site\/wp-content\/uploads\/2018\/09\/pro-bike-bonfim_regis.jpg?resize=550%2C464\" alt=\"\" width=\"550\" height=\"464\" srcset=\"https:\/\/i0.wp.com\/blogdoeloiltoncajuhy.com.br\/site\/wp-content\/uploads\/2018\/09\/pro-bike-bonfim_regis.jpg?w=550&amp;ssl=1 550w, https:\/\/i0.wp.com\/blogdoeloiltoncajuhy.com.br\/site\/wp-content\/uploads\/2018\/09\/pro-bike-bonfim_regis.jpg?resize=300%2C253&amp;ssl=1 300w, https:\/\/i0.wp.com\/blogdoeloiltoncajuhy.com.br\/site\/wp-content\/uploads\/2018\/09\/pro-bike-bonfim_regis.jpg?resize=250%2C211&amp;ssl=1 250w\" sizes=\"(max-width: 550px) 100vw, 550px\" \/><\/a>A parada para as bikes neste domingo (16), foi na cidade de Senhor do Bonfim. Nossa cidade sediou o 5\u00ba Pr\u00f3 Bike, valendo como etapa do Campeonato Baiano de Ciclismo e contando pontos para o ranking estadual.<\/p>\n<p>Ciclistas bonfinenses, motivados por competirem em casa, deram o m\u00e1ximo e conseguiram resultados expressivos. <strong>Regivaldo Moreira, &#8220;R\u00e9gis&#8221;<\/strong>, obteve o primeiro lugar na sua categoria. &#8220;<em>N\u00e3o tenho palavras para descrever o sentimento de ganhar uma prova em casa. Sem d\u00favida, a responsabilidade de ter um bom resultado na sua cidade \u00e9 bem maior<\/em>&#8220;, falou R\u00e9gis.<\/p>\n<p><a href=\"https:\/\/i0.wp.com\/blogdoeloiltoncajuhy.com.br\/site\/wp-content\/uploads\/2018\/09\/pro-bike-bonfim_gabriel.jpg\"><img data-recalc-dims=\"1\" decoding=\"async\" class=\"aligncenter size-full wp-image-27952\" src=\"https:\/\/i0.wp.com\/blogdoeloiltoncajuhy.com.br\/site\/wp-content\/uploads\/2018\/09\/pro-bike-bonfim_gabriel.jpg?resize=550%2C367\" alt=\"\" width=\"550\" height=\"367\" srcset=\"https:\/\/i0.wp.com\/blogdoeloiltoncajuhy.com.br\/site\/wp-content\/uploads\/2018\/09\/pro-bike-bonfim_gabriel.jpg?w=550&amp;ssl=1 550w, https:\/\/i0.wp.com\/blogdoeloiltoncajuhy.com.br\/site\/wp-content\/uploads\/2018\/09\/pro-bike-bonfim_gabriel.jpg?resize=300%2C200&amp;ssl=1 300w, https:\/\/i0.wp.com\/blogdoeloiltoncajuhy.com.br\/site\/wp-content\/uploads\/2018\/09\/pro-bike-bonfim_gabriel.jpg?resize=250%2C167&amp;ssl=1 250w\" sizes=\"(max-width: 550px) 100vw, 550px\" \/><\/a>O jovem <strong>Vitor Gabriel<\/strong>, morador da Olaria, filho do jogador de futebol &#8220;Cravera&#8221;, vem despontando no cen\u00e1rio estadual, onde est\u00e1 bem ranqueado. Na prova deste domingo, ficou em terceiro lugar na sua categoria, somando pontos importantes para o ranking estadual. &#8220;<em>Advers\u00e1rios muito fortes, um sol de rachar e nada melhor que correr em casa, com o apoio dos amigos e da fam\u00edlia<\/em>&#8220;, comemorou o garoto.<\/p>\n<p><a href=\"https:\/\/i0.wp.com\/blogdoeloiltoncajuhy.com.br\/site\/wp-content\/uploads\/2018\/09\/pro-bike-bonfim_race-team.jpg\"><img data-recalc-dims=\"1\" decoding=\"async\" class=\"aligncenter size-full wp-image-27953\" src=\"https:\/\/i0.wp.com\/blogdoeloiltoncajuhy.com.br\/site\/wp-content\/uploads\/2018\/09\/pro-bike-bonfim_race-team.jpg?resize=550%2C413\" alt=\"\" width=\"550\" height=\"413\" srcset=\"https:\/\/i0.wp.com\/blogdoeloiltoncajuhy.com.br\/site\/wp-content\/uploads\/2018\/09\/pro-bike-bonfim_race-team.jpg?w=550&amp;ssl=1 550w, https:\/\/i0.wp.com\/blogdoeloiltoncajuhy.com.br\/site\/wp-content\/uploads\/2018\/09\/pro-bike-bonfim_race-team.jpg?resize=300%2C225&amp;ssl=1 300w, https:\/\/i0.wp.com\/blogdoeloiltoncajuhy.com.br\/site\/wp-content\/uploads\/2018\/09\/pro-bike-bonfim_race-team.jpg?resize=250%2C188&amp;ssl=1 250w\" sizes=\"(max-width: 550px) 100vw, 550px\" \/><\/a><a href=\"https:\/\/i0.wp.com\/blogdoeloiltoncajuhy.com.br\/site\/wp-content\/uploads\/2018\/09\/pro-bike-bonfim_race-team_2.jpg\"><img data-recalc-dims=\"1\" loading=\"lazy\" decoding=\"async\" class=\"aligncenter size-full wp-image-27958\" src=\"https:\/\/i0.wp.com\/blogdoeloiltoncajuhy.com.br\/site\/wp-content\/uploads\/2018\/09\/pro-bike-bonfim_race-team_2.jpg?resize=542%2C548\" alt=\"\" width=\"542\" height=\"548\" srcset=\"https:\/\/i0.wp.com\/blogdoeloiltoncajuhy.com.br\/site\/wp-content\/uploads\/2018\/09\/pro-bike-bonfim_race-team_2.jpg?w=542&amp;ssl=1 542w, https:\/\/i0.wp.com\/blogdoeloiltoncajuhy.com.br\/site\/wp-content\/uploads\/2018\/09\/pro-bike-bonfim_race-team_2.jpg?resize=297%2C300&amp;ssl=1 297w, https:\/\/i0.wp.com\/blogdoeloiltoncajuhy.com.br\/site\/wp-content\/uploads\/2018\/09\/pro-bike-bonfim_race-team_2.jpg?resize=247%2C250&amp;ssl=1 247w, https:\/\/i0.wp.com\/blogdoeloiltoncajuhy.com.br\/site\/wp-content\/uploads\/2018\/09\/pro-bike-bonfim_race-team_2.jpg?resize=48%2C48&amp;ssl=1 48w\" sizes=\"(max-width: 542px) 100vw, 542px\" \/><\/a>Competindo em casa, a equipe <strong>Bonfim Race Team<\/strong> fez bonito com todos os integrantes subindo ao podium em suas categorias.\u00a0<span style=\"color: #333333; font-style: normal; font-weight: 300;\"><strong>L\u00e1zaro Macedo<\/strong> terminou em primeiro lugar; <strong>Buno Ricarte<\/strong> em terceiro, e <strong>Tiago Pimentel<\/strong> em quarto. &#8220;<em>A<\/em><\/span><span style=\"font-weight: 300;\"><em>\u00a0equipe ajudou a fazer desta etapa em Senhor do Bonfim uma verdadeira festa de celebra\u00e7\u00e3o ao esporte e busca da sa\u00fade atrav\u00e9s do MTB<\/em>&#8220;, pontuou a equipe.<\/span><\/p>\n<p><strong>*BLOG DO ELOILTON CAJUHY<\/strong><\/p>\n","protected":false},"excerpt":{"rendered":"<p>A parada para as bikes neste domingo (16), foi na cidade de Senhor do Bonfim. Nossa cidade sediou o 5\u00ba Pr\u00f3 Bike, valendo como etapa do Campeonato Baiano de Ciclismo e contando pontos para o ranking estadual. Ciclistas bonfinenses, motivados por competirem em casa, deram o m\u00e1ximo e conseguiram resultados expressivos. Regivaldo Moreira, &#8220;R\u00e9gis&#8221;, obteve [&hellip;]<\/p>\n","protected":false},"author":2,"featured_media":27958,"comment_status":"open","ping_status":"open","sticky":false,"template":"","format":"standard","meta":{"_acf_changed":false,"_monsterinsights_skip_tracking":false,"_monsterinsights_sitenote_active":false,"_monsterinsights_sitenote_note":"","_monsterinsights_sitenote_category":0,"_jetpack_memberships_contains_paid_content":false,"footnotes":"","jetpack_publicize_message":"","jetpack_publicize_feature_enabled":true,"jetpack_social_post_already_shared":true,"jetpack_social_options":{"image_generator_settings":{"template":"highway","default_image_id":0,"font":"","enabled":false},"version":2}},"categories":[6,1,4],"tags":[],"class_list":["post-27951","post","type-post","status-publish","format-standard","has-post-thumbnail","hentry","category-esportes","category-noticias","category-local"],"acf":[],"jetpack_publicize_connections":[],"jetpack_featured_media_url":"https:\/\/i0.wp.com\/blogdoeloiltoncajuhy.com.br\/site\/wp-content\/uploads\/2018\/09\/pro-bike-bonfim_race-team_2.jpg?fit=542%2C548&ssl=1","jetpack_sharing_enabled":true,"publishpress_future_workflow_manual_trigger":{"enabledWorkflows":[]},"_links":{"self":[{"href":"https:\/\/blogdoeloiltoncajuhy.com.br\/site\/wp-json\/wp\/v2\/posts\/27951","targetHints":{"allow":["GET"]}}],"collection":[{"href":"https:\/\/blogdoeloiltoncajuhy.com.br\/site\/wp-json\/wp\/v2\/posts"}],"about":[{"href":"https:\/\/blogdoeloiltoncajuhy.com.br\/site\/wp-json\/wp\/v2\/types\/post"}],"author":[{"embeddable":true,"href":"https:\/\/blogdoeloiltoncajuhy.com.br\/site\/wp-json\/wp\/v2\/users\/2"}],"replies":[{"embeddable":true,"href":"https:\/\/blogdoeloiltoncajuhy.com.br\/site\/wp-json\/wp\/v2\/comments?post=27951"}],"version-history":[{"count":3,"href":"https:\/\/blogdoeloiltoncajuhy.com.br\/site\/wp-json\/wp\/v2\/posts\/27951\/revisions"}],"predecessor-version":[{"id":27960,"href":"https:\/\/blogdoeloiltoncajuhy.com.br\/site\/wp-json\/wp\/v2\/posts\/27951\/revisions\/27960"}],"wp:featuredmedia":[{"embeddable":true,"href":"https:\/\/blogdoeloiltoncajuhy.com.br\/site\/wp-json\/wp\/v2\/media\/27958"}],"wp:attachment":[{"href":"https:\/\/blogdoeloiltoncajuhy.com.br\/site\/wp-json\/wp\/v2\/media?parent=27951"}],"wp:term":[{"taxonomy":"category","embeddable":true,"href":"https:\/\/blogdoeloiltoncajuhy.com.br\/site\/wp-json\/wp\/v2\/categories?post=27951"},{"taxonomy":"post_tag","embeddable":true,"href":"https:\/\/blogdoeloiltoncajuhy.com.br\/site\/wp-json\/wp\/v2\/tags?post=27951"}],"curies":[{"name":"wp","href":"https:\/\/api.w.org\/{rel}","templated":true}]}}