{"id":27945,"date":"2018-09-17T10:11:52","date_gmt":"2018-09-17T13:11:52","guid":{"rendered":"http:\/\/blogdoeloiltoncajuhy.com.br\/site\/?p=27945"},"modified":"2018-09-17T10:13:13","modified_gmt":"2018-09-17T13:13:13","slug":"com-simaria-ainda-em-tratamento-simone-anuncia-nova-pausa-na-carreira-da-dupla","status":"publish","type":"post","link":"https:\/\/blogdoeloiltoncajuhy.com.br\/site\/com-simaria-ainda-em-tratamento-simone-anuncia-nova-pausa-na-carreira-da-dupla\/","title":{"rendered":"Com Sim\u00e1ria ainda em tratamento, Simone anuncia nova pausa na carreira da dupla"},"content":{"rendered":"<figure id=\"attachment_27946\" aria-describedby=\"caption-attachment-27946\" style=\"width: 480px\" class=\"wp-caption aligncenter\"><a href=\"https:\/\/i0.wp.com\/blogdoeloiltoncajuhy.com.br\/site\/wp-content\/uploads\/2018\/09\/SimoneSimaria_pausa01.jpg\"><img data-recalc-dims=\"1\" fetchpriority=\"high\" decoding=\"async\" class=\"wp-image-27946\" src=\"https:\/\/i0.wp.com\/blogdoeloiltoncajuhy.com.br\/site\/wp-content\/uploads\/2018\/09\/SimoneSimaria_pausa01.jpg?resize=480%2C354\" alt=\"\" width=\"480\" height=\"354\" srcset=\"https:\/\/i0.wp.com\/blogdoeloiltoncajuhy.com.br\/site\/wp-content\/uploads\/2018\/09\/SimoneSimaria_pausa01.jpg?w=380&amp;ssl=1 380w, https:\/\/i0.wp.com\/blogdoeloiltoncajuhy.com.br\/site\/wp-content\/uploads\/2018\/09\/SimoneSimaria_pausa01.jpg?resize=300%2C221&amp;ssl=1 300w, https:\/\/i0.wp.com\/blogdoeloiltoncajuhy.com.br\/site\/wp-content\/uploads\/2018\/09\/SimoneSimaria_pausa01.jpg?resize=250%2C184&amp;ssl=1 250w\" sizes=\"(max-width: 480px) 100vw, 480px\" \/><\/a><figcaption id=\"caption-attachment-27946\" class=\"wp-caption-text\">Foto: Eduardo Martins \/ Instagram Simone e Sim\u00e1ria<\/figcaption><\/figure>\n<p>Pouco mais de um m\u00eas ap\u00f3s retomar os trabalhos, a dupla Simone e Sim\u00e1ria far\u00e1 uma nova pausa na carreira. A not\u00edcia foi anunciada por Simone durante uma apresenta\u00e7\u00e3o, na noite desse s\u00e1bado (15). A cantora explicou que a nova interrup\u00e7\u00e3o se deve aos tratamentos da irm\u00e3, Sim\u00e1ria, que se recupera de uma tuberculose ganglionar.<\/p>\n<p>&#8220;<em>Com dois meses do tratamento dela, ela come\u00e7ou a passar muito mal e nesse momento se encontra fazendo novos exames por conta da doen\u00e7a dela. Por esse motivo, amanh\u00e3 \u00e9 domingo, vamos dar pausa nos nossos trabalhos \u00e0 espera de concluir o tratamento de Sim\u00e1ria<\/em>&#8220;, explicou Simone, pedindo a compreens\u00e3o dos f\u00e3s.<\/p>\n<p>Na primeira pausa, Sim\u00e1ria ficou cerca de cinco meses longe dos palcos. Ela contou, em entrevista coletiva, em agosto, que desenvolveu diversos problemas, como anemia, joelhos machucados em decorr\u00eancia do uso de sapatos de salto e ficou com os dentes estragados ap\u00f3s usar lentes dent\u00e1rias.<\/p>\n<p><em><strong>*Holofote\/Bahia Not\u00edcias<\/strong><\/em><\/p>\n","protected":false},"excerpt":{"rendered":"<p>Pouco mais de um m\u00eas ap\u00f3s retomar os trabalhos, a dupla Simone e Sim\u00e1ria far\u00e1 uma nova pausa na carreira. A not\u00edcia foi anunciada por Simone durante uma apresenta\u00e7\u00e3o, na noite desse s\u00e1bado (15). A cantora explicou que a nova interrup\u00e7\u00e3o se deve aos tratamentos da irm\u00e3, Sim\u00e1ria, que se recupera de uma tuberculose ganglionar. [&hellip;]<\/p>\n","protected":false},"author":2,"featured_media":27946,"comment_status":"open","ping_status":"open","sticky":false,"template":"","format":"standard","meta":{"_acf_changed":false,"_monsterinsights_skip_tracking":false,"_monsterinsights_sitenote_active":false,"_monsterinsights_sitenote_note":"","_monsterinsights_sitenote_category":0,"_jetpack_memberships_contains_paid_content":false,"footnotes":"","jetpack_publicize_message":"","jetpack_publicize_feature_enabled":true,"jetpack_social_post_already_shared":true,"jetpack_social_options":{"image_generator_settings":{"template":"highway","default_image_id":0,"font":"","enabled":false},"version":2}},"categories":[8,1],"tags":[],"class_list":["post-27945","post","type-post","status-publish","format-standard","has-post-thumbnail","hentry","category-cultura","category-noticias"],"acf":[],"jetpack_publicize_connections":[],"jetpack_featured_media_url":"https:\/\/i0.wp.com\/blogdoeloiltoncajuhy.com.br\/site\/wp-content\/uploads\/2018\/09\/SimoneSimaria_pausa01.jpg?fit=380%2C280&ssl=1","jetpack_sharing_enabled":true,"publishpress_future_workflow_manual_trigger":{"enabledWorkflows":[]},"_links":{"self":[{"href":"https:\/\/blogdoeloiltoncajuhy.com.br\/site\/wp-json\/wp\/v2\/posts\/27945","targetHints":{"allow":["GET"]}}],"collection":[{"href":"https:\/\/blogdoeloiltoncajuhy.com.br\/site\/wp-json\/wp\/v2\/posts"}],"about":[{"href":"https:\/\/blogdoeloiltoncajuhy.com.br\/site\/wp-json\/wp\/v2\/types\/post"}],"author":[{"embeddable":true,"href":"https:\/\/blogdoeloiltoncajuhy.com.br\/site\/wp-json\/wp\/v2\/users\/2"}],"replies":[{"embeddable":true,"href":"https:\/\/blogdoeloiltoncajuhy.com.br\/site\/wp-json\/wp\/v2\/comments?post=27945"}],"version-history":[{"count":2,"href":"https:\/\/blogdoeloiltoncajuhy.com.br\/site\/wp-json\/wp\/v2\/posts\/27945\/revisions"}],"predecessor-version":[{"id":27948,"href":"https:\/\/blogdoeloiltoncajuhy.com.br\/site\/wp-json\/wp\/v2\/posts\/27945\/revisions\/27948"}],"wp:featuredmedia":[{"embeddable":true,"href":"https:\/\/blogdoeloiltoncajuhy.com.br\/site\/wp-json\/wp\/v2\/media\/27946"}],"wp:attachment":[{"href":"https:\/\/blogdoeloiltoncajuhy.com.br\/site\/wp-json\/wp\/v2\/media?parent=27945"}],"wp:term":[{"taxonomy":"category","embeddable":true,"href":"https:\/\/blogdoeloiltoncajuhy.com.br\/site\/wp-json\/wp\/v2\/categories?post=27945"},{"taxonomy":"post_tag","embeddable":true,"href":"https:\/\/blogdoeloiltoncajuhy.com.br\/site\/wp-json\/wp\/v2\/tags?post=27945"}],"curies":[{"name":"wp","href":"https:\/\/api.w.org\/{rel}","templated":true}]}}