{"id":27943,"date":"2018-09-17T10:01:23","date_gmt":"2018-09-17T13:01:23","guid":{"rendered":"http:\/\/blogdoeloiltoncajuhy.com.br\/site\/?p=27943"},"modified":"2018-09-17T10:01:23","modified_gmt":"2018-09-17T13:01:23","slug":"concursos-213-orgaos-tem-inscricoes-abertas-para-preencher-mais-de-13-mil-vagas","status":"publish","type":"post","link":"https:\/\/blogdoeloiltoncajuhy.com.br\/site\/concursos-213-orgaos-tem-inscricoes-abertas-para-preencher-mais-de-13-mil-vagas\/","title":{"rendered":"Concursos: 213 \u00f3rg\u00e3os t\u00eam inscri\u00e7\u00f5es abertas para preencher mais de 13 mil vagas"},"content":{"rendered":"<h5 style=\"text-align: center;\"><em>Cargos s\u00e3o em todos os n\u00edveis de escolaridade. Os sal\u00e1rios chegam a R$ 24.818,71 no Tribunal de Justi\u00e7a de S\u00e3o Paulo<\/em><\/h5>\n<div class=\"mc-column content-text active-extra-styles active-capital-letter\" data-block-type=\"unstyled\" data-block-weight=\"37\" data-block-id=\"1\">\n<p class=\"content-text__container theme-color-primary-first-letter\" data-track-category=\"Link no Texto\" data-track-links=\"\"><a href=\"https:\/\/i0.wp.com\/blogdoeloiltoncajuhy.com.br\/site\/wp-content\/uploads\/2017\/08\/concursos-abertos-e1502031896813.png\"><img data-recalc-dims=\"1\" fetchpriority=\"high\" decoding=\"async\" class=\"aligncenter size-full wp-image-19311\" src=\"https:\/\/i0.wp.com\/blogdoeloiltoncajuhy.com.br\/site\/wp-content\/uploads\/2017\/08\/concursos-abertos-e1502031896813.png?resize=600%2C339\" alt=\"\" width=\"600\" height=\"339\" \/><\/a>Ao menos 213 concursos p\u00fablicos no pa\u00eds est\u00e3o com inscri\u00e7\u00f5es abertas nesta segunda-feira (17) e re\u00fanem mais de 13 mil vagas em cargos de todos os n\u00edveis de escolaridade. As oportunidades s\u00e3o para diversos estados do Brasil.<\/p>\n<\/div>\n<div class=\"wall\">\n<div class=\"mc-column content-text active-extra-styles \" data-block-type=\"unstyled\" data-block-weight=\"9\" data-block-id=\"2\">\n<p class=\"content-text__container \" data-track-category=\"Link no Texto\" data-track-links=\"\"><a href=\"http:\/\/especiais.g1.globo.com\/economia\/concursos-e-emprego\/lista-de-concursos-publicos-e-vagas-de-emprego\/\" target=\"_blank\" rel=\"noopener\"><strong>CONFIRA AQUI A LISTA COMPLETA DE CONCURSOS E OPORTUNIDADES<\/strong><\/a><\/p>\n<\/div>\n<div class=\"mc-column content-text active-extra-styles \" data-block-type=\"unstyled\" data-block-weight=\"30\" data-block-id=\"3\">\n<p class=\"content-text__container \" data-track-category=\"Link no Texto\" data-track-links=\"\">Al\u00e9m das vagas abertas, h\u00e1 concursos para forma\u00e7\u00e3o de cadastro de reserva \u2013 ou seja, os candidatos aprovados s\u00e3o chamados conforme a abertura de postos durante a validade do concurso.<\/p>\n<\/div>\n<div class=\"mc-column content-text active-extra-styles \" data-block-type=\"unstyled\" data-block-weight=\"34\" data-block-id=\"4\">\n<p class=\"content-text__container \" data-track-category=\"Link no Texto\" data-track-links=\"\">Os sal\u00e1rios chegam a R$ 24.818,71 no Tribunal de Justi\u00e7a de S\u00e3o Paulo, que oferece 310 oportunidades de n\u00edvel m\u00e9dio e superior e tem inscri\u00e7\u00f5es at\u00e9 16 de outubro.\u00a0<a href=\"https:\/\/g1.globo.com\/economia\/concursos-e-emprego\/noticia\/2018\/09\/11\/tj-de-sp-abre-310-vagas-para-juiz.ghtml\"><strong>Veja o edital do concurso.<\/strong><\/a><\/p>\n<\/div>\n<div class=\"mc-column content-text active-extra-styles \" data-block-type=\"unstyled\" data-block-weight=\"25\" data-block-id=\"5\">\n<p class=\"content-text__container \" data-track-category=\"Link no Texto\" data-track-links=\"\">Somente na Liquig\u00e1s h\u00e1 1.349 vagas para profissionais de n\u00edvel fundamental, m\u00e9dio e superior e remunera\u00e7\u00e3o de at\u00e9 R$ 4.894,08.\u00a0<a href=\"https:\/\/g1.globo.com\/economia\/concursos-e-emprego\/noticia\/2018\/09\/10\/liquigas-abre-processo-seletivo-para-13-mil-vagas.ghtml\"><strong>Veja o edital do concurso<\/strong><\/a>.<\/p>\n<\/div>\n<div class=\"mc-column content-text active-extra-styles \" data-block-type=\"unstyled\" data-block-weight=\"26\" data-block-id=\"6\">\n<p class=\"content-text__container \" data-track-category=\"Link no Texto\" data-track-links=\"\">Nesta segunda-feira (17), 9 \u00f3rg\u00e3os abrem inscri\u00e7\u00f5es com o objetivo de selecionar profissionais de todos os n\u00edveis de escolaridade para preencher 1.185 vagas. Veja quais s\u00e3o:<\/p>\n<\/div>\n<div class=\"row medium-uncollapsed content-text\" data-block-type=\"table-plugin\" data-block-id=\"7\">\n<div class=\"column medium-centered medium-22 large-20\">\n<div class=\"show-table content-media content-media--normal\">\n<p class=\"mc-column show-table__title\">Instituto de Administra\u00e7\u00e3o Penitenci\u00e1ria do Amap\u00e1<\/p>\n<div class=\"show-table__centralized\">\n<div class=\"show-table__container\">\n<table class=\"show-table__content\n        \"><\/p>\n<tbody>\n<tr>\n<td>T\u00e9rmino das inscri\u00e7\u00f5es<\/td>\n<td>15\/10\/2018<\/td>\n<\/tr>\n<tr>\n<td>Vagas<\/td>\n<td>550<\/td>\n<\/tr>\n<tr>\n<td>Sal\u00e1rio m\u00e1ximo<\/td>\n<td>R$ 3.318,64<\/td>\n<\/tr>\n<tr>\n<td>Escolaridade<\/td>\n<td>m\u00e9dio<\/td>\n<\/tr>\n<tr>\n<td>Estado<\/td>\n<td>Amap\u00e1<\/td>\n<\/tr>\n<\/tbody>\n<\/table>\n<\/div>\n<div class=\"show-table__footer\">\n<div class=\"show-table__source\">Fonte: G1<\/div>\n<\/div>\n<\/div>\n<\/div>\n<\/div>\n<\/div>\n<div class=\"mc-column content-text active-extra-styles \" data-block-type=\"unstyled\" data-block-weight=\"3\" data-block-id=\"8\">\n<p class=\"content-text__container \" data-track-category=\"Link no Texto\" data-track-links=\"\"><a href=\"http:\/\/www.concursosfcc.com.br\/concursos\/iapen118\/index.html\" target=\"_blank\" rel=\"noopener\"><strong>Veja o edital.<\/strong><\/a><\/p>\n<\/div>\n<div class=\"row medium-uncollapsed content-text\" data-block-type=\"table-plugin\" data-block-id=\"9\">\n<div class=\"column medium-centered medium-22 large-20\">\n<div class=\"show-table content-media content-media--normal\">\n<p class=\"mc-column show-table__title\">Pol\u00edcia Civil do Paran\u00e1<\/p>\n<div class=\"show-table__centralized\">\n<div class=\"show-table__container\">\n<table class=\"show-table__content\n        \"><\/p>\n<tbody>\n<tr>\n<td>T\u00e9rmino das inscri\u00e7\u00f5es<\/td>\n<td>09\/10\/2018<\/td>\n<\/tr>\n<tr>\n<td>Vagas<\/td>\n<td>100<\/td>\n<\/tr>\n<tr>\n<td>Sal\u00e1rio m\u00e1ximo<\/td>\n<td>R$ 5.752,41<\/td>\n<\/tr>\n<tr>\n<td>Escolaridade<\/td>\n<td>superior<\/td>\n<\/tr>\n<tr>\n<td>Estado<\/td>\n<td>Paran\u00e1<\/td>\n<\/tr>\n<\/tbody>\n<\/table>\n<\/div>\n<div class=\"show-table__footer\">\n<div class=\"show-table__source\">Fonte: G1<\/div>\n<\/div>\n<\/div>\n<\/div>\n<\/div>\n<\/div>\n<\/div>\n<div>\n<div class=\"wall\">\n<div class=\"mc-column content-text active-extra-styles \" data-block-type=\"unstyled\" data-block-weight=\"3\" data-block-id=\"11\">\n<p class=\"content-text__container \" data-track-category=\"Link no Texto\" data-track-links=\"\"><a href=\"https:\/\/g1.globo.com\/pr\/parana\/concursos-e-emprego\/noticia\/2018\/09\/06\/policia-civil-do-parana-publica-edital-de-concurso-publico-com-100-vagas-para-escrivao-salario-e-de-r-57-mil.ghtml\"><strong>Veja o edital.<\/strong><\/a><\/p>\n<\/div>\n<div class=\"row medium-uncollapsed content-text\" data-block-type=\"table-plugin\" data-block-id=\"12\">\n<div class=\"column medium-centered medium-22 large-20\">\n<div class=\"show-table content-media content-media--normal\">\n<p class=\"mc-column show-table__title\">Prefeitura de Palm\u00f3polis (MG)<\/p>\n<div class=\"show-table__centralized\">\n<div class=\"show-table__container\">\n<table class=\"show-table__content\n        \"><\/p>\n<tbody>\n<tr>\n<td>T\u00e9rmino das inscri\u00e7\u00f5es<\/td>\n<td>01\/10\/2018<\/td>\n<\/tr>\n<tr>\n<td>Vagas<\/td>\n<td>30<\/td>\n<\/tr>\n<tr>\n<td>Sal\u00e1rio m\u00e1ximo<\/td>\n<td>R$ 2.250,00<\/td>\n<\/tr>\n<tr>\n<td>Escolaridade<\/td>\n<td>m\u00e9dio e superior<\/td>\n<\/tr>\n<tr>\n<td>Estado<\/td>\n<td>Minas Gerais<\/td>\n<\/tr>\n<\/tbody>\n<\/table>\n<\/div>\n<div class=\"show-table__footer\">\n<div class=\"show-table__source\">Fonte: G1<\/div>\n<\/div>\n<\/div>\n<\/div>\n<\/div>\n<\/div>\n<div class=\"mc-column content-text active-extra-styles \" data-block-type=\"unstyled\" data-block-weight=\"3\" data-block-id=\"13\">\n<p class=\"content-text__container \" data-track-category=\"Link no Texto\" data-track-links=\"\"><a href=\"http:\/\/www.jmsbhz.com.br\/concurso\/arquivos\/processo\/PmPalmPs.18\/edital\/edital.pdf\" target=\"_blank\" rel=\"noopener\"><strong>Veja o edital.<\/strong><\/a><\/p>\n<\/div>\n<div class=\"row medium-uncollapsed content-text\" data-block-type=\"table-plugin\" data-block-id=\"14\">\n<div class=\"column medium-centered medium-22 large-20\">\n<div class=\"show-table content-media content-media--normal\">\n<p class=\"mc-column show-table__title\">Prefeitura de Pedras de Fogo (PB)<\/p>\n<div class=\"show-table__centralized\">\n<div class=\"show-table__container\">\n<table class=\"show-table__content\n        \"><\/p>\n<tbody>\n<tr>\n<td>T\u00e9rmino das inscri\u00e7\u00f5es<\/td>\n<td>19\/10\/2018<\/td>\n<\/tr>\n<tr>\n<td>Vagas<\/td>\n<td>121<\/td>\n<\/tr>\n<tr>\n<td>Sal\u00e1rio m\u00e1ximo<\/td>\n<td>R$ 2.860,48<\/td>\n<\/tr>\n<tr>\n<td>Escolaridade<\/td>\n<td>fundamental, m\u00e9dio e superior<\/td>\n<\/tr>\n<tr>\n<td>Estado<\/td>\n<td>Para\u00edba<\/td>\n<\/tr>\n<\/tbody>\n<\/table>\n<\/div>\n<div class=\"show-table__footer\">\n<div class=\"show-table__source\">Fonte: G1<\/div>\n<\/div>\n<\/div>\n<\/div>\n<\/div>\n<\/div>\n<div class=\"mc-column content-text active-extra-styles \" data-block-type=\"unstyled\" data-block-weight=\"3\" data-block-id=\"15\">\n<p class=\"content-text__container \" data-track-category=\"Link no Texto\" data-track-links=\"\"><a href=\"https:\/\/g1.globo.com\/pb\/paraiba\/noticia\/2018\/09\/06\/divulgado-edital-do-concurso-da-prefeitura-de-pedras-de-fogo-pb-com-121-vagas.ghtml\"><strong>Veja o edital.<\/strong><\/a><\/p>\n<\/div>\n<div class=\"row medium-uncollapsed content-text\" data-block-type=\"table-plugin\" data-block-id=\"16\">\n<div class=\"column medium-centered medium-22 large-20\">\n<div class=\"show-table content-media content-media--normal\">\n<p class=\"mc-column show-table__title\">Prefeitura de Guapirama (PR)<\/p>\n<div class=\"show-table__centralized\">\n<div class=\"show-table__container\">\n<table class=\"show-table__content\n        \"><\/p>\n<tbody>\n<tr>\n<td>T\u00e9rmino das inscri\u00e7\u00f5es<\/td>\n<td>07\/10\/2018<\/td>\n<\/tr>\n<tr>\n<td>Vagas<\/td>\n<td>27<\/td>\n<\/tr>\n<tr>\n<td>Sal\u00e1rio m\u00e1ximo<\/td>\n<td>R$ 8.992,22<\/td>\n<\/tr>\n<tr>\n<td>Escolaridade<\/td>\n<td>fundamental, m\u00e9dio e superior<\/td>\n<\/tr>\n<tr>\n<td>Estado<\/td>\n<td>Paran\u00e1<\/td>\n<\/tr>\n<\/tbody>\n<\/table>\n<\/div>\n<div class=\"show-table__footer\">\n<div class=\"show-table__source\">Fonte: G1<\/div>\n<\/div>\n<\/div>\n<\/div>\n<\/div>\n<\/div>\n<div class=\"content-ads content-ads--reveal\" data-block-type=\"ads\" data-block-id=\"17\"><\/div>\n<div class=\"mc-column content-text active-extra-styles \" data-block-type=\"unstyled\" data-block-weight=\"3\" data-block-id=\"18\">\n<p class=\"content-text__container \" data-track-category=\"Link no Texto\" data-track-links=\"\"><a href=\"https:\/\/www.fundacaofafipa.org.br\/informacoes\/3628\/\" target=\"_blank\" rel=\"noopener\"><strong>Veja o edital.<\/strong><\/a><\/p>\n<\/div>\n<div class=\"row medium-uncollapsed content-text\" data-block-type=\"table-plugin\" data-block-id=\"19\">\n<div class=\"column medium-centered medium-22 large-20\">\n<div class=\"show-table content-media content-media--normal\">\n<p class=\"mc-column show-table__title\">Tribunal de Justi\u00e7a de S\u00e3o Paulo<\/p>\n<div class=\"show-table__centralized\">\n<div class=\"show-table__container\">\n<table class=\"show-table__content\n        \"><\/p>\n<tbody>\n<tr>\n<td>T\u00e9rmino das inscri\u00e7\u00f5es<\/td>\n<td>07\/10\/2018<\/td>\n<\/tr>\n<tr>\n<td>Vagas<\/td>\n<td>310<\/td>\n<\/tr>\n<tr>\n<td>Sal\u00e1rio m\u00e1ximo<\/td>\n<td>R$ 24.818,71<\/td>\n<\/tr>\n<tr>\n<td>Escolaridade<\/td>\n<td>superior<\/td>\n<\/tr>\n<tr>\n<td>Estado<\/td>\n<td>S\u00e3o Paulo<\/td>\n<\/tr>\n<\/tbody>\n<\/table>\n<\/div>\n<div class=\"show-table__footer\">\n<div class=\"show-table__source\">Fonte: G1<\/div>\n<\/div>\n<\/div>\n<\/div>\n<\/div>\n<\/div>\n<div class=\"mc-column content-text active-extra-styles \" data-block-type=\"unstyled\" data-block-weight=\"3\" data-block-id=\"20\">\n<p class=\"content-text__container \" data-track-category=\"Link no Texto\" data-track-links=\"\"><a href=\"https:\/\/g1.globo.com\/economia\/concursos-e-emprego\/noticia\/2018\/09\/11\/tj-de-sp-abre-310-vagas-para-juiz.ghtml\"><strong>Veja o edital.<\/strong><\/a><\/p>\n<\/div>\n<div class=\"row medium-uncollapsed content-text\" data-block-type=\"table-plugin\" data-block-id=\"21\">\n<div class=\"column medium-centered medium-22 large-20\">\n<div class=\"show-table content-media content-media--normal\">\n<p class=\"mc-column show-table__title\">Prefeitura de Itamb\u00e9 do Mato Dentro (MG)<\/p>\n<div class=\"show-table__centralized\">\n<div class=\"show-table__container\">\n<table class=\"show-table__content\n        \"><\/p>\n<tbody>\n<tr>\n<td>T\u00e9rmino das inscri\u00e7\u00f5es<\/td>\n<td>21\/09\/2018<\/td>\n<\/tr>\n<tr>\n<td>Vagas<\/td>\n<td>2<\/td>\n<\/tr>\n<tr>\n<td>Sal\u00e1rio m\u00e1ximo<\/td>\n<td>R$ 11.651,51<\/td>\n<\/tr>\n<tr>\n<td>Escolaridade<\/td>\n<td>m\u00e9dio e superior<\/td>\n<\/tr>\n<tr>\n<td>Estado<\/td>\n<td>Minas Gerais<\/td>\n<\/tr>\n<\/tbody>\n<\/table>\n<\/div>\n<div class=\"show-table__footer\">\n<div class=\"show-table__source\">Fonte: G1<\/div>\n<\/div>\n<\/div>\n<\/div>\n<\/div>\n<\/div>\n<div class=\"mc-column content-text active-extra-styles \" data-block-type=\"unstyled\" data-block-weight=\"3\" data-block-id=\"22\">\n<p class=\"content-text__container \" data-track-category=\"Link no Texto\" data-track-links=\"\"><a href=\"http:\/\/www.itambedomatodentro.mg.gov.br\/site\/\" target=\"_blank\" rel=\"noopener\"><strong>Veja o edital.<\/strong><\/a><\/p>\n<\/div>\n<div class=\"row medium-uncollapsed content-text\" data-block-type=\"table-plugin\" data-block-id=\"23\">\n<div class=\"column medium-centered medium-22 large-20\">\n<div class=\"show-table content-media content-media--normal\">\n<p class=\"mc-column show-table__title\">Prefeitura de Varginha (MG)<\/p>\n<div class=\"show-table__centralized\">\n<div class=\"show-table__container\">\n<table class=\"show-table__content\n        \"><\/p>\n<tbody>\n<tr>\n<td>T\u00e9rmino das inscri\u00e7\u00f5es<\/td>\n<td>18\/09\/2018<\/td>\n<\/tr>\n<tr>\n<td>Vagas<\/td>\n<td>11<\/td>\n<\/tr>\n<tr>\n<td>Sal\u00e1rio m\u00e1ximo<\/td>\n<td>R$ 5.368,23<\/td>\n<\/tr>\n<tr>\n<td>Escolaridade<\/td>\n<td>superior<\/td>\n<\/tr>\n<tr>\n<td>Estado<\/td>\n<td>Minas Gerais<\/td>\n<\/tr>\n<\/tbody>\n<\/table>\n<\/div>\n<div class=\"show-table__footer\">\n<div class=\"show-table__source\">Fonte: G1<\/div>\n<\/div>\n<\/div>\n<\/div>\n<\/div>\n<\/div>\n<div class=\"mc-column content-text active-extra-styles \" data-block-type=\"unstyled\" data-block-weight=\"3\" data-block-id=\"25\">\n<p class=\"content-text__container \" data-track-category=\"Link no Texto\" data-track-links=\"\"><a href=\"http:\/\/www.varginha.mg.gov.br\/\" target=\"_blank\" rel=\"noopener\"><strong>Veja o edital.<\/strong><\/a><\/p>\n<\/div>\n<div class=\"row medium-uncollapsed content-text\" data-block-type=\"table-plugin\" data-block-id=\"26\">\n<div class=\"column medium-centered medium-22 large-20\">\n<div class=\"show-table content-media content-media--normal\">\n<p class=\"mc-column show-table__title\">Prefeitura de Uberl\u00e2ndia (MG)<\/p>\n<div class=\"show-table__centralized\">\n<div class=\"show-table__container\">\n<table class=\"show-table__content\n        \"><\/p>\n<tbody>\n<tr>\n<td>T\u00e9rmino das inscri\u00e7\u00f5es<\/td>\n<td>28\/09\/2018<\/td>\n<\/tr>\n<tr>\n<td>Vagas<\/td>\n<td>23<\/td>\n<\/tr>\n<tr>\n<td>Sal\u00e1rio m\u00e1ximo<\/td>\n<td>R$ 1.611,88<\/td>\n<\/tr>\n<tr>\n<td>Escolaridade<\/td>\n<td>m\u00e9dio e superior<\/td>\n<\/tr>\n<tr>\n<td>Estado<\/td>\n<td>Minas Gerais<\/td>\n<\/tr>\n<\/tbody>\n<\/table>\n<\/div>\n<div class=\"show-table__footer\">\n<div class=\"show-table__source\">Fonte: G1<\/div>\n<\/div>\n<\/div>\n<\/div>\n<\/div>\n<\/div>\n<\/div>\n<div data-track-category=\"fim do conteudo\" data-track-action=\"ultimo chunk conteudo\" data-track-noninteraction=\"false\" data-track-scroll=\"entrada completa viewport\">\n<div class=\"mc-column content-text active-extra-styles \" data-block-type=\"unstyled\" data-block-weight=\"3\" data-block-id=\"27\">\n<p class=\"content-text__container \" data-track-category=\"Link no Texto\" data-track-links=\"\"><a href=\"http:\/\/www.uberlandia.mg.gov.br\/2014\/\" target=\"_blank\" rel=\"noopener\"><strong>Veja o edital.<\/strong><\/a><\/p>\n<p data-track-category=\"Link no Texto\" data-track-links=\"\"><em><strong>*Por G1<\/strong><\/em><\/p>\n<\/div>\n<\/div>\n<\/div>\n","protected":false},"excerpt":{"rendered":"<p>Cargos s\u00e3o em todos os n\u00edveis de escolaridade. Os sal\u00e1rios chegam a R$ 24.818,71 no Tribunal de Justi\u00e7a de S\u00e3o Paulo Ao menos 213 concursos p\u00fablicos no pa\u00eds est\u00e3o com inscri\u00e7\u00f5es abertas nesta segunda-feira (17) e re\u00fanem mais de 13 mil vagas em cargos de todos os n\u00edveis de escolaridade. As oportunidades s\u00e3o para diversos [&hellip;]<\/p>\n","protected":false},"author":2,"featured_media":0,"comment_status":"open","ping_status":"open","sticky":false,"template":"","format":"standard","meta":{"_acf_changed":false,"_monsterinsights_skip_tracking":false,"_monsterinsights_sitenote_active":false,"_monsterinsights_sitenote_note":"","_monsterinsights_sitenote_category":0,"_jetpack_memberships_contains_paid_content":false,"footnotes":"","jetpack_publicize_message":"","jetpack_publicize_feature_enabled":true,"jetpack_social_post_already_shared":true,"jetpack_social_options":{"image_generator_settings":{"template":"highway","default_image_id":0,"font":"","enabled":false},"version":2}},"categories":[5,1],"tags":[],"class_list":["post-27943","post","type-post","status-publish","format-standard","hentry","category-cotidiano","category-noticias"],"acf":[],"jetpack_publicize_connections":[],"jetpack_featured_media_url":"","jetpack_sharing_enabled":true,"publishpress_future_workflow_manual_trigger":{"enabledWorkflows":[]},"_links":{"self":[{"href":"https:\/\/blogdoeloiltoncajuhy.com.br\/site\/wp-json\/wp\/v2\/posts\/27943","targetHints":{"allow":["GET"]}}],"collection":[{"href":"https:\/\/blogdoeloiltoncajuhy.com.br\/site\/wp-json\/wp\/v2\/posts"}],"about":[{"href":"https:\/\/blogdoeloiltoncajuhy.com.br\/site\/wp-json\/wp\/v2\/types\/post"}],"author":[{"embeddable":true,"href":"https:\/\/blogdoeloiltoncajuhy.com.br\/site\/wp-json\/wp\/v2\/users\/2"}],"replies":[{"embeddable":true,"href":"https:\/\/blogdoeloiltoncajuhy.com.br\/site\/wp-json\/wp\/v2\/comments?post=27943"}],"version-history":[{"count":1,"href":"https:\/\/blogdoeloiltoncajuhy.com.br\/site\/wp-json\/wp\/v2\/posts\/27943\/revisions"}],"predecessor-version":[{"id":27944,"href":"https:\/\/blogdoeloiltoncajuhy.com.br\/site\/wp-json\/wp\/v2\/posts\/27943\/revisions\/27944"}],"wp:attachment":[{"href":"https:\/\/blogdoeloiltoncajuhy.com.br\/site\/wp-json\/wp\/v2\/media?parent=27943"}],"wp:term":[{"taxonomy":"category","embeddable":true,"href":"https:\/\/blogdoeloiltoncajuhy.com.br\/site\/wp-json\/wp\/v2\/categories?post=27943"},{"taxonomy":"post_tag","embeddable":true,"href":"https:\/\/blogdoeloiltoncajuhy.com.br\/site\/wp-json\/wp\/v2\/tags?post=27943"}],"curies":[{"name":"wp","href":"https:\/\/api.w.org\/{rel}","templated":true}]}}