{"id":27940,"date":"2018-09-17T09:53:30","date_gmt":"2018-09-17T12:53:30","guid":{"rendered":"http:\/\/blogdoeloiltoncajuhy.com.br\/site\/?p=27940"},"modified":"2018-09-17T09:53:30","modified_gmt":"2018-09-17T12:53:30","slug":"pm-de-itiuba-prende-quadrilha-que-praticava-assaltos-na-ba-381","status":"publish","type":"post","link":"https:\/\/blogdoeloiltoncajuhy.com.br\/site\/pm-de-itiuba-prende-quadrilha-que-praticava-assaltos-na-ba-381\/","title":{"rendered":"PM de Iti\u00faba prende quadrilha que praticava assaltos na BA 381"},"content":{"rendered":"<p><a href=\"https:\/\/i0.wp.com\/blogdoeloiltoncajuhy.com.br\/site\/wp-content\/uploads\/2018\/09\/quadrilha-itiuba.jpg\"><img data-recalc-dims=\"1\" fetchpriority=\"high\" decoding=\"async\" class=\"aligncenter wp-image-27941\" src=\"https:\/\/i0.wp.com\/blogdoeloiltoncajuhy.com.br\/site\/wp-content\/uploads\/2018\/09\/quadrilha-itiuba.jpg?resize=700%2C246\" alt=\"\" width=\"700\" height=\"246\" srcset=\"https:\/\/i0.wp.com\/blogdoeloiltoncajuhy.com.br\/site\/wp-content\/uploads\/2018\/09\/quadrilha-itiuba.jpg?w=500&amp;ssl=1 500w, https:\/\/i0.wp.com\/blogdoeloiltoncajuhy.com.br\/site\/wp-content\/uploads\/2018\/09\/quadrilha-itiuba.jpg?resize=300%2C106&amp;ssl=1 300w, https:\/\/i0.wp.com\/blogdoeloiltoncajuhy.com.br\/site\/wp-content\/uploads\/2018\/09\/quadrilha-itiuba.jpg?resize=250%2C88&amp;ssl=1 250w\" sizes=\"(max-width: 700px) 100vw, 700px\" \/><\/a>Na manh\u00e3 do \u00faltimo s\u00e1bado (15), a PM de Iti\u00faba, pertencente ao 6\u00ba BPM com sede em Bonfim, prendeu um dos membros de uma quadrilha de assaltantes a feirantes que trafegam pela BA 381, entre Filad\u00e9lfia e Iti\u00faba. Na ocasi\u00e3o foi preso <strong>Cosme Moraes da Silva<\/strong>, 38 anos, residente \u00e0 Rua do Limoeiro, bairro Planaltino em Capim Grosso. Outros tr\u00eas comparsas conseguiram empreender fuga a bordo de um carro tipo Monza de cor verde.<\/p>\n<p>O fato aconteceu ap\u00f3s mais uma tentativa de roubo a um feirante do ramo de cereais, que trafegava pela BA 381, trecho pr\u00f3ximo ao matadouro, em Iti\u00faba, quando o Caminh\u00e3o VW, Euros Worker, com placa de Capim Grosso \u2013 BA, foi interceptado pelos bandidos que efetuaram diversos tiros para parar o ve\u00edculo.<\/p>\n<p>Segundo a v\u00edtima, no dia 24 de junho de 2017, ele foi atacado na mesma estrada, quando lhe roubaram R$ 15.000,00 (quinze mil reais).\u00a0Dando continuidade nas buscas, a PM de Iti\u00faba apresentou no in\u00edcio da tarde deste domingo (16), os tr\u00eas comparsas de Cosme, que haviam fugido.<\/p>\n<p>A Guarni\u00e7\u00e3o Caipora da Policia Militar da cidade de Iti\u00faba apresentou os seguintes elementos:<\/p>\n<p>\u2022 <strong>Luciano de Jesus Santos<\/strong>, 20 anos, natural de Capim Grosso<br \/>\n\u2022 <strong>Carlos Jorge dos Santos<\/strong>, 26 anos, natural de Osasco\/SP<br \/>\n\u2022 <strong>Vinicius Ribeiro da Silva<\/strong>, 18 anos, natural de Capim Grosso.<\/p>\n<p>A quadrilha foi autuada por roubo, conforme a Lei 2848, no artigo. 157, \u00a72\u00aa, inc. II e \u00a72\u00aa-A do CP, ficando a princ\u00edpio sob cust\u00f3dia no Complexo de Bonfim.<\/p>\n<p><em><strong>*Blog do Netto Maravilha<\/strong><\/em><\/p>\n","protected":false},"excerpt":{"rendered":"<p>Na manh\u00e3 do \u00faltimo s\u00e1bado (15), a PM de Iti\u00faba, pertencente ao 6\u00ba BPM com sede em Bonfim, prendeu um dos membros de uma quadrilha de assaltantes a feirantes que trafegam pela BA 381, entre Filad\u00e9lfia e Iti\u00faba. Na ocasi\u00e3o foi preso Cosme Moraes da Silva, 38 anos, residente \u00e0 Rua do Limoeiro, bairro Planaltino [&hellip;]<\/p>\n","protected":false},"author":2,"featured_media":27941,"comment_status":"open","ping_status":"open","sticky":false,"template":"","format":"standard","meta":{"_acf_changed":false,"_monsterinsights_skip_tracking":false,"_monsterinsights_sitenote_active":false,"_monsterinsights_sitenote_note":"","_monsterinsights_sitenote_category":0,"_jetpack_memberships_contains_paid_content":false,"footnotes":"","jetpack_publicize_message":"","jetpack_publicize_feature_enabled":true,"jetpack_social_post_already_shared":true,"jetpack_social_options":{"image_generator_settings":{"template":"highway","default_image_id":0,"font":"","enabled":false},"version":2}},"categories":[5,1,11],"tags":[],"class_list":["post-27940","post","type-post","status-publish","format-standard","has-post-thumbnail","hentry","category-cotidiano","category-noticias","category-regional"],"acf":[],"jetpack_publicize_connections":[],"jetpack_featured_media_url":"https:\/\/i0.wp.com\/blogdoeloiltoncajuhy.com.br\/site\/wp-content\/uploads\/2018\/09\/quadrilha-itiuba.jpg?fit=500%2C176&ssl=1","jetpack_sharing_enabled":true,"publishpress_future_workflow_manual_trigger":{"enabledWorkflows":[]},"_links":{"self":[{"href":"https:\/\/blogdoeloiltoncajuhy.com.br\/site\/wp-json\/wp\/v2\/posts\/27940","targetHints":{"allow":["GET"]}}],"collection":[{"href":"https:\/\/blogdoeloiltoncajuhy.com.br\/site\/wp-json\/wp\/v2\/posts"}],"about":[{"href":"https:\/\/blogdoeloiltoncajuhy.com.br\/site\/wp-json\/wp\/v2\/types\/post"}],"author":[{"embeddable":true,"href":"https:\/\/blogdoeloiltoncajuhy.com.br\/site\/wp-json\/wp\/v2\/users\/2"}],"replies":[{"embeddable":true,"href":"https:\/\/blogdoeloiltoncajuhy.com.br\/site\/wp-json\/wp\/v2\/comments?post=27940"}],"version-history":[{"count":1,"href":"https:\/\/blogdoeloiltoncajuhy.com.br\/site\/wp-json\/wp\/v2\/posts\/27940\/revisions"}],"predecessor-version":[{"id":27942,"href":"https:\/\/blogdoeloiltoncajuhy.com.br\/site\/wp-json\/wp\/v2\/posts\/27940\/revisions\/27942"}],"wp:featuredmedia":[{"embeddable":true,"href":"https:\/\/blogdoeloiltoncajuhy.com.br\/site\/wp-json\/wp\/v2\/media\/27941"}],"wp:attachment":[{"href":"https:\/\/blogdoeloiltoncajuhy.com.br\/site\/wp-json\/wp\/v2\/media?parent=27940"}],"wp:term":[{"taxonomy":"category","embeddable":true,"href":"https:\/\/blogdoeloiltoncajuhy.com.br\/site\/wp-json\/wp\/v2\/categories?post=27940"},{"taxonomy":"post_tag","embeddable":true,"href":"https:\/\/blogdoeloiltoncajuhy.com.br\/site\/wp-json\/wp\/v2\/tags?post=27940"}],"curies":[{"name":"wp","href":"https:\/\/api.w.org\/{rel}","templated":true}]}}