{"id":27898,"date":"2018-09-14T08:06:08","date_gmt":"2018-09-14T11:06:08","guid":{"rendered":"http:\/\/blogdoeloiltoncajuhy.com.br\/site\/?p=27898"},"modified":"2018-09-14T08:06:08","modified_gmt":"2018-09-14T11:06:08","slug":"homem-acusado-de-assaltos-em-andorinha-e-regiao-e-preso-pela-pm-em-senhor-do-bonfim","status":"publish","type":"post","link":"https:\/\/blogdoeloiltoncajuhy.com.br\/site\/homem-acusado-de-assaltos-em-andorinha-e-regiao-e-preso-pela-pm-em-senhor-do-bonfim\/","title":{"rendered":"Homem acusado de assaltos em Andorinha e regi\u00e3o \u00e9 preso pela PM em Senhor do Bonfim"},"content":{"rendered":"<p><a href=\"https:\/\/i0.wp.com\/blogdoeloiltoncajuhy.com.br\/site\/wp-content\/uploads\/2018\/04\/pmba-300x300.jpg\"><img data-recalc-dims=\"1\" fetchpriority=\"high\" decoding=\"async\" class=\"aligncenter size-full wp-image-24254\" src=\"https:\/\/i0.wp.com\/blogdoeloiltoncajuhy.com.br\/site\/wp-content\/uploads\/2018\/04\/pmba-300x300.jpg?resize=300%2C300\" alt=\"\" width=\"300\" height=\"300\" srcset=\"https:\/\/i0.wp.com\/blogdoeloiltoncajuhy.com.br\/site\/wp-content\/uploads\/2018\/04\/pmba-300x300.jpg?resize=300%2C300&amp;ssl=1 300w, https:\/\/i0.wp.com\/blogdoeloiltoncajuhy.com.br\/site\/wp-content\/uploads\/2018\/04\/pmba-300x300.jpg?resize=150%2C150&amp;ssl=1 150w, https:\/\/i0.wp.com\/blogdoeloiltoncajuhy.com.br\/site\/wp-content\/uploads\/2018\/04\/pmba-300x300.jpg?resize=250%2C250&amp;ssl=1 250w, https:\/\/i0.wp.com\/blogdoeloiltoncajuhy.com.br\/site\/wp-content\/uploads\/2018\/04\/pmba-300x300.jpg?resize=48%2C48&amp;ssl=1 48w\" sizes=\"(max-width: 300px) 100vw, 300px\" \/><\/a>No in\u00edcio da noite desta quinta-feira, 13, a Guarni\u00e7\u00e3o T\u00e1tico Rural fazia ronda pelas imedia\u00e7\u00f5es do bairro Itamaraty, em Senhor do Bonfim, quando passou por um indiv\u00edduo que de imediato foi abordado e reconhecido como foragido da cadeia de Andorinha.\u00a0Ele tinha sido apresentado horas antes pela PM ap\u00f3s realizar alguns assaltos naquela cidade.<\/p>\n<p>Durante a abordagem o suspeito apresentou a xerox de um RG falso, tentando ludibriar a guarni\u00e7\u00e3o que, de imediato, deu voz de pris\u00e3o e o conduziu at\u00e9 o Complexo Policial para medidas cab\u00edveis. Lembrando ainda que o homem \u00e9 suspeito de v\u00e1rios assaltos por toda a regi\u00e3o.<\/p>\n<p><em><strong>*Fonte: Ascom\/6\u00ba BPM<\/strong><\/em><\/p>\n","protected":false},"excerpt":{"rendered":"<p>No in\u00edcio da noite desta quinta-feira, 13, a Guarni\u00e7\u00e3o T\u00e1tico Rural fazia ronda pelas imedia\u00e7\u00f5es do bairro Itamaraty, em Senhor do Bonfim, quando passou por um indiv\u00edduo que de imediato foi abordado e reconhecido como foragido da cadeia de Andorinha.\u00a0Ele tinha sido apresentado horas antes pela PM ap\u00f3s realizar alguns assaltos naquela cidade. Durante a [&hellip;]<\/p>\n","protected":false},"author":2,"featured_media":0,"comment_status":"open","ping_status":"open","sticky":false,"template":"","format":"standard","meta":{"_acf_changed":false,"_monsterinsights_skip_tracking":false,"_monsterinsights_sitenote_active":false,"_monsterinsights_sitenote_note":"","_monsterinsights_sitenote_category":0,"_jetpack_memberships_contains_paid_content":false,"footnotes":"","jetpack_publicize_message":"","jetpack_publicize_feature_enabled":true,"jetpack_social_post_already_shared":true,"jetpack_social_options":{"image_generator_settings":{"template":"highway","default_image_id":0,"font":"","enabled":false},"version":2}},"categories":[5,1,11,4],"tags":[],"class_list":["post-27898","post","type-post","status-publish","format-standard","hentry","category-cotidiano","category-noticias","category-regional","category-local"],"acf":[],"jetpack_publicize_connections":[],"jetpack_featured_media_url":"","jetpack_sharing_enabled":true,"publishpress_future_workflow_manual_trigger":{"enabledWorkflows":[]},"_links":{"self":[{"href":"https:\/\/blogdoeloiltoncajuhy.com.br\/site\/wp-json\/wp\/v2\/posts\/27898","targetHints":{"allow":["GET"]}}],"collection":[{"href":"https:\/\/blogdoeloiltoncajuhy.com.br\/site\/wp-json\/wp\/v2\/posts"}],"about":[{"href":"https:\/\/blogdoeloiltoncajuhy.com.br\/site\/wp-json\/wp\/v2\/types\/post"}],"author":[{"embeddable":true,"href":"https:\/\/blogdoeloiltoncajuhy.com.br\/site\/wp-json\/wp\/v2\/users\/2"}],"replies":[{"embeddable":true,"href":"https:\/\/blogdoeloiltoncajuhy.com.br\/site\/wp-json\/wp\/v2\/comments?post=27898"}],"version-history":[{"count":1,"href":"https:\/\/blogdoeloiltoncajuhy.com.br\/site\/wp-json\/wp\/v2\/posts\/27898\/revisions"}],"predecessor-version":[{"id":27899,"href":"https:\/\/blogdoeloiltoncajuhy.com.br\/site\/wp-json\/wp\/v2\/posts\/27898\/revisions\/27899"}],"wp:attachment":[{"href":"https:\/\/blogdoeloiltoncajuhy.com.br\/site\/wp-json\/wp\/v2\/media?parent=27898"}],"wp:term":[{"taxonomy":"category","embeddable":true,"href":"https:\/\/blogdoeloiltoncajuhy.com.br\/site\/wp-json\/wp\/v2\/categories?post=27898"},{"taxonomy":"post_tag","embeddable":true,"href":"https:\/\/blogdoeloiltoncajuhy.com.br\/site\/wp-json\/wp\/v2\/tags?post=27898"}],"curies":[{"name":"wp","href":"https:\/\/api.w.org\/{rel}","templated":true}]}}