{"id":27891,"date":"2018-09-14T07:47:56","date_gmt":"2018-09-14T10:47:56","guid":{"rendered":"http:\/\/blogdoeloiltoncajuhy.com.br\/site\/?p=27891"},"modified":"2018-09-14T07:47:56","modified_gmt":"2018-09-14T10:47:56","slug":"convocados-no-concurso-da-educacao-do-estado-devem-entregar-documentos-ate-segunda-feira-17","status":"publish","type":"post","link":"https:\/\/blogdoeloiltoncajuhy.com.br\/site\/convocados-no-concurso-da-educacao-do-estado-devem-entregar-documentos-ate-segunda-feira-17\/","title":{"rendered":"Convocados no concurso da Educa\u00e7\u00e3o do Estado devem entregar documentos at\u00e9 segunda-feira (17)"},"content":{"rendered":"<h5 style=\"text-align: center;\">Tr\u00eas mil aprovados foram convocados e devem levar documentos na \u00e1rea de atua\u00e7\u00e3o<\/h5>\n<figure id=\"attachment_27892\" aria-describedby=\"caption-attachment-27892\" style=\"width: 984px\" class=\"wp-caption aligncenter\"><a href=\"https:\/\/i0.wp.com\/blogdoeloiltoncajuhy.com.br\/site\/wp-content\/uploads\/2018\/09\/educa%C3%A7%C3%A3o-convoca%C3%A7%C3%A3o-concurso.jpg\"><img data-recalc-dims=\"1\" fetchpriority=\"high\" decoding=\"async\" class=\"wp-image-27892 size-full\" src=\"https:\/\/i0.wp.com\/blogdoeloiltoncajuhy.com.br\/site\/wp-content\/uploads\/2018\/09\/educa%C3%A7%C3%A3o-convoca%C3%A7%C3%A3o-concurso.jpg?resize=800%2C533\" alt=\"\" width=\"800\" height=\"533\" srcset=\"https:\/\/i0.wp.com\/blogdoeloiltoncajuhy.com.br\/site\/wp-content\/uploads\/2018\/09\/educa%C3%A7%C3%A3o-convoca%C3%A7%C3%A3o-concurso.jpg?w=984&amp;ssl=1 984w, https:\/\/i0.wp.com\/blogdoeloiltoncajuhy.com.br\/site\/wp-content\/uploads\/2018\/09\/educa%C3%A7%C3%A3o-convoca%C3%A7%C3%A3o-concurso.jpg?resize=300%2C200&amp;ssl=1 300w, https:\/\/i0.wp.com\/blogdoeloiltoncajuhy.com.br\/site\/wp-content\/uploads\/2018\/09\/educa%C3%A7%C3%A3o-convoca%C3%A7%C3%A3o-concurso.jpg?resize=768%2C512&amp;ssl=1 768w, https:\/\/i0.wp.com\/blogdoeloiltoncajuhy.com.br\/site\/wp-content\/uploads\/2018\/09\/educa%C3%A7%C3%A3o-convoca%C3%A7%C3%A3o-concurso.jpg?resize=250%2C167&amp;ssl=1 250w\" sizes=\"(max-width: 800px) 100vw, 800px\" \/><\/a><figcaption id=\"caption-attachment-27892\" class=\"wp-caption-text\">Convocados no concurso da Rede Estadual de Ensino devem levar documenta\u00e7\u00e3o at\u00e9 segunda-feira (17) \u2014 Foto: Claudionor Jr.\/ Divulga\u00e7\u00e3o<\/figcaption><\/figure>\n<p>Os professores e coordenadores pedag\u00f3gicos aprovados e convocados no concurso p\u00fablico da rede estadual de ensino devem entregar a documenta\u00e7\u00e3o necess\u00e1ria at\u00e9 a segunda-feira (17). A lista de documentos est\u00e1 dispon\u00edvel no edital da convoca\u00e7\u00e3o.<\/p>\n<p>Os candidatos aprovados para o interior devem comparecer nas sedes dos N\u00facleos Territoriais de Educa\u00e7\u00e3o (NTE) para os quais se inscreveram, com os documentos originais e c\u00f3pia, das 8h30 \u00e0s 11h30 e das 14h \u00e0s 17h30.<\/p>\n<p>J\u00e1 os candidatos aprovados no NTE de Salvador (NTE 26) devem comparecer, nos mesmos hor\u00e1rios, na Secretaria da Educa\u00e7\u00e3o do Estado da Bahia, situada na Avenida Luiz Viana Filho, n\u00ba 550, 5\u00aa Avenida, Centro Administrativo da Bahia \u2013 CAB, T\u00e9rreo, sala 04.<\/p>\n<p>A convoca\u00e7\u00e3o de 2.414 novos professores e de 636 coordenadores pedag\u00f3gicos aprovados no concurso p\u00fablico foi publicada pelo Governo do Estado, no Di\u00e1rio Oficial do Estado (DOE), do dia 28 de agosto.<\/p>\n<p>O concurso recebeu mais de 103 mil inscritos, divididos em 27 NTE, situados em Salvador e em outros 26 munic\u00edpios do Estado. A classifica\u00e7\u00e3o \u00e9 separada por cargo, pelo tipo de disciplina e pelo local (NTE).<\/p>\n<p>As provas do certame ocorreram em fevereiro deste ano. Os candidatos passaram por tr\u00eas etapas, entre habilitat\u00f3rias e classificat\u00f3rias, como provas objetivas, discursivas e de t\u00edtulos. O resultado do concurso, organizado pela Funda\u00e7\u00e3o Carlos Chagas (FCC), foi divulgado dia 19 de junho. Ap\u00f3s a nomea\u00e7\u00e3o, os novos servidores ter\u00e3o remunera\u00e7\u00e3o total de R$ 2.814,28, quando professores, ou de R$ 2.890,87, quando coordenadores pedag\u00f3gicos.<\/p>\n<p>As vagas s\u00e3o para Magist\u00e9rio P\u00fablico do Ensino Fundamental e do Ensino M\u00e9dio do Estado da Bahia, nas \u00e1reas de Arte, Biologia, Educa\u00e7\u00e3o F\u00edsica, Filosofia, F\u00edsica, Geografia, Hist\u00f3ria, L\u00edngua Inglesa, L\u00edngua Portuguesa, Matem\u00e1tica, Qu\u00edmica e Sociologia. S\u00e3o exigidos forma\u00e7\u00e3o espec\u00edfica e diploma concedido por institui\u00e7\u00e3o reconhecida pelo Minist\u00e9rio da Educa\u00e7\u00e3o (MEC). Para coordenador pedag\u00f3gico \u00e9 necess\u00e1ria forma\u00e7\u00e3o em pedagogia, tamb\u00e9m com reconhecimento do MEC. Em todos os casos, a carga hor\u00e1ria semanal \u00e9 de 40 horas.<\/p>\n<p><em><strong>*Por G1 BA<\/strong><\/em><\/p>\n","protected":false},"excerpt":{"rendered":"<p>Tr\u00eas mil aprovados foram convocados e devem levar documentos na \u00e1rea de atua\u00e7\u00e3o Os professores e coordenadores pedag\u00f3gicos aprovados e convocados no concurso p\u00fablico da rede estadual de ensino devem entregar a documenta\u00e7\u00e3o necess\u00e1ria at\u00e9 a segunda-feira (17). A lista de documentos est\u00e1 dispon\u00edvel no edital da convoca\u00e7\u00e3o. Os candidatos aprovados para o interior devem [&hellip;]<\/p>\n","protected":false},"author":2,"featured_media":27892,"comment_status":"open","ping_status":"open","sticky":false,"template":"","format":"standard","meta":{"_acf_changed":false,"_monsterinsights_skip_tracking":false,"_monsterinsights_sitenote_active":false,"_monsterinsights_sitenote_note":"","_monsterinsights_sitenote_category":0,"_jetpack_memberships_contains_paid_content":false,"footnotes":"","jetpack_publicize_message":"","jetpack_publicize_feature_enabled":true,"jetpack_social_post_already_shared":true,"jetpack_social_options":{"image_generator_settings":{"template":"highway","default_image_id":0,"font":"","enabled":false},"version":2}},"categories":[14,1],"tags":[],"class_list":["post-27891","post","type-post","status-publish","format-standard","has-post-thumbnail","hentry","category-educacao","category-noticias"],"acf":[],"jetpack_publicize_connections":[],"jetpack_featured_media_url":"https:\/\/i0.wp.com\/blogdoeloiltoncajuhy.com.br\/site\/wp-content\/uploads\/2018\/09\/educa%C3%A7%C3%A3o-convoca%C3%A7%C3%A3o-concurso.jpg?fit=984%2C656&ssl=1","jetpack_sharing_enabled":true,"publishpress_future_workflow_manual_trigger":{"enabledWorkflows":[]},"_links":{"self":[{"href":"https:\/\/blogdoeloiltoncajuhy.com.br\/site\/wp-json\/wp\/v2\/posts\/27891","targetHints":{"allow":["GET"]}}],"collection":[{"href":"https:\/\/blogdoeloiltoncajuhy.com.br\/site\/wp-json\/wp\/v2\/posts"}],"about":[{"href":"https:\/\/blogdoeloiltoncajuhy.com.br\/site\/wp-json\/wp\/v2\/types\/post"}],"author":[{"embeddable":true,"href":"https:\/\/blogdoeloiltoncajuhy.com.br\/site\/wp-json\/wp\/v2\/users\/2"}],"replies":[{"embeddable":true,"href":"https:\/\/blogdoeloiltoncajuhy.com.br\/site\/wp-json\/wp\/v2\/comments?post=27891"}],"version-history":[{"count":1,"href":"https:\/\/blogdoeloiltoncajuhy.com.br\/site\/wp-json\/wp\/v2\/posts\/27891\/revisions"}],"predecessor-version":[{"id":27893,"href":"https:\/\/blogdoeloiltoncajuhy.com.br\/site\/wp-json\/wp\/v2\/posts\/27891\/revisions\/27893"}],"wp:featuredmedia":[{"embeddable":true,"href":"https:\/\/blogdoeloiltoncajuhy.com.br\/site\/wp-json\/wp\/v2\/media\/27892"}],"wp:attachment":[{"href":"https:\/\/blogdoeloiltoncajuhy.com.br\/site\/wp-json\/wp\/v2\/media?parent=27891"}],"wp:term":[{"taxonomy":"category","embeddable":true,"href":"https:\/\/blogdoeloiltoncajuhy.com.br\/site\/wp-json\/wp\/v2\/categories?post=27891"},{"taxonomy":"post_tag","embeddable":true,"href":"https:\/\/blogdoeloiltoncajuhy.com.br\/site\/wp-json\/wp\/v2\/tags?post=27891"}],"curies":[{"name":"wp","href":"https:\/\/api.w.org\/{rel}","templated":true}]}}