{"id":27885,"date":"2018-09-14T07:31:06","date_gmt":"2018-09-14T10:31:06","guid":{"rendered":"http:\/\/blogdoeloiltoncajuhy.com.br\/site\/?p=27885"},"modified":"2018-09-14T07:31:06","modified_gmt":"2018-09-14T10:31:06","slug":"mae-se-passa-por-filha-de-12-anos-flagra-mensagem-de-suspeito-de-pedofilia-e-homem-e-preso","status":"publish","type":"post","link":"https:\/\/blogdoeloiltoncajuhy.com.br\/site\/mae-se-passa-por-filha-de-12-anos-flagra-mensagem-de-suspeito-de-pedofilia-e-homem-e-preso\/","title":{"rendered":"M\u00e3e se passa por filha de 12 anos, flagra mensagem de suspeito de pedofilia e homem \u00e9 preso"},"content":{"rendered":"<h5 style=\"text-align: center;\">V\u00edtima mora em Manaus. Ap\u00f3s conversa com suspeito, m\u00e3e conseguiu endere\u00e7o dele e repassou para pol\u00edcia baiana, que o encontrou na cidade de Feira de Santana<\/h5>\n<figure id=\"attachment_27886\" aria-describedby=\"caption-attachment-27886\" style=\"width: 984px\" class=\"wp-caption aligncenter\"><a href=\"https:\/\/i0.wp.com\/blogdoeloiltoncajuhy.com.br\/site\/wp-content\/uploads\/2018\/09\/FS_pedofilo-01.jpeg\"><img data-recalc-dims=\"1\" fetchpriority=\"high\" decoding=\"async\" class=\"wp-image-27886 size-full\" src=\"https:\/\/i0.wp.com\/blogdoeloiltoncajuhy.com.br\/site\/wp-content\/uploads\/2018\/09\/FS_pedofilo-01.jpeg?resize=800%2C710\" alt=\"\" width=\"800\" height=\"710\" srcset=\"https:\/\/i0.wp.com\/blogdoeloiltoncajuhy.com.br\/site\/wp-content\/uploads\/2018\/09\/FS_pedofilo-01.jpeg?w=984&amp;ssl=1 984w, https:\/\/i0.wp.com\/blogdoeloiltoncajuhy.com.br\/site\/wp-content\/uploads\/2018\/09\/FS_pedofilo-01.jpeg?resize=300%2C266&amp;ssl=1 300w, https:\/\/i0.wp.com\/blogdoeloiltoncajuhy.com.br\/site\/wp-content\/uploads\/2018\/09\/FS_pedofilo-01.jpeg?resize=768%2C681&amp;ssl=1 768w, https:\/\/i0.wp.com\/blogdoeloiltoncajuhy.com.br\/site\/wp-content\/uploads\/2018\/09\/FS_pedofilo-01.jpeg?resize=250%2C222&amp;ssl=1 250w\" sizes=\"(max-width: 800px) 100vw, 800px\" \/><\/a><figcaption id=\"caption-attachment-27886\" class=\"wp-caption-text\">M\u00e3e se passava por filha em conversa no WhatsApp \u2014 Foto: Divulga\u00e7\u00e3o\/SSP-BA<\/figcaption><\/figure>\n<p>Um homem de 30 anos foi preso suspeito de aliciar crian\u00e7as e adolescentes, nas redes sociais, na tarde de quarta-feira (12), em Feira de Santana. Conforme a Secretaria de Seguran\u00e7a P\u00fablica (SSP-BA), a m\u00e3e de uma das v\u00edtimas, que tem 12 anos, e mora em Manaus, conseguiu o endere\u00e7o dele e repassou para a pol\u00edcia.<\/p>\n<p>De acordo com informa\u00e7\u00f5es da SSP, a m\u00e3e da garota, denunciou <strong>Rafael Matos Coutinho<\/strong>, por meio do WhatsApp da Pol\u00edcia Militar de Feira de Santana. O homem foi autuado por aliciamento de menores, na Central de Flagrantes de Feira de Santana e, ap\u00f3s pagar fian\u00e7a, foi liberado. Ele vai responder ao crime em liberdade.<\/p>\n<p><strong>Contato com a v\u00edtima<\/strong><\/p>\n<figure id=\"attachment_27887\" aria-describedby=\"caption-attachment-27887\" style=\"width: 984px\" class=\"wp-caption aligncenter\"><a href=\"https:\/\/i0.wp.com\/blogdoeloiltoncajuhy.com.br\/site\/wp-content\/uploads\/2018\/09\/FS_pedofilo-02.jpg\"><img data-recalc-dims=\"1\" decoding=\"async\" class=\"wp-image-27887 size-full\" src=\"https:\/\/i0.wp.com\/blogdoeloiltoncajuhy.com.br\/site\/wp-content\/uploads\/2018\/09\/FS_pedofilo-02.jpg?resize=800%2C846\" alt=\"\" width=\"800\" height=\"846\" srcset=\"https:\/\/i0.wp.com\/blogdoeloiltoncajuhy.com.br\/site\/wp-content\/uploads\/2018\/09\/FS_pedofilo-02.jpg?w=984&amp;ssl=1 984w, https:\/\/i0.wp.com\/blogdoeloiltoncajuhy.com.br\/site\/wp-content\/uploads\/2018\/09\/FS_pedofilo-02.jpg?resize=284%2C300&amp;ssl=1 284w, https:\/\/i0.wp.com\/blogdoeloiltoncajuhy.com.br\/site\/wp-content\/uploads\/2018\/09\/FS_pedofilo-02.jpg?resize=768%2C812&amp;ssl=1 768w, https:\/\/i0.wp.com\/blogdoeloiltoncajuhy.com.br\/site\/wp-content\/uploads\/2018\/09\/FS_pedofilo-02.jpg?resize=968%2C1024&amp;ssl=1 968w, https:\/\/i0.wp.com\/blogdoeloiltoncajuhy.com.br\/site\/wp-content\/uploads\/2018\/09\/FS_pedofilo-02.jpg?resize=236%2C250&amp;ssl=1 236w\" sizes=\"(max-width: 800px) 100vw, 800px\" \/><\/a><figcaption id=\"caption-attachment-27887\" class=\"wp-caption-text\">Homem pediu fotos \u00edntimas \u00e0 v\u00edtima pelo celular \u2014 Foto: SSP\/ Divulga\u00e7\u00e3o<\/figcaption><\/figure>\n<p>Segundo a Secretaria de Seguran\u00e7a P\u00fablica, o primeiro contato foi feito atrav\u00e9s do Facebook, onde foram trocados n\u00fameros de telefone.<\/p>\n<p>Ap\u00f3s a v\u00edtima desconfiar do caso, a menina passou para a m\u00e3e que come\u00e7ou a conversar com o suspeito, pelo WhatsApp, informou a SSP. Em diversos trechos, o homem pediu fotos da menina de calcinha, sem roupa e revelou desejos er\u00f3ticos.<\/p>\n<p>A SSP informou que Rafael Coutinho chegou a comentar que manteve rela\u00e7\u00e3o sexual com uma garota de quatro anos e enviou um v\u00eddeo em que se masturbava. O suspeito disse para a menina que morava em S\u00e3o Paulo, mas o DDD da cidade despertou a curiosidade da m\u00e3e da v\u00edtima.<\/p>\n<p>A m\u00e3e da garota, ao se passar pela filha, prometeu viajar para encontr\u00e1-lo e pediu uma foto da casa onde morava, disse a SSP. Quando o suspeito mandou a imagem e disse o endere\u00e7o, todo o material foi repassado para equipes da 65\u00aa Companhia Independente da Pol\u00edcia Militar (CIPM\/Feira de Santana).<\/p>\n<p>O \u00f3rg\u00e3o informou que o celular usado para conversar com a v\u00edtima foi apreendido. No aparelho, os militares encontraram outras conversas com outras poss\u00edveis v\u00edtimas adolescentes e fotos er\u00f3ticas.<\/p>\n<figure id=\"attachment_27888\" aria-describedby=\"caption-attachment-27888\" style=\"width: 984px\" class=\"wp-caption aligncenter\"><a href=\"https:\/\/i0.wp.com\/blogdoeloiltoncajuhy.com.br\/site\/wp-content\/uploads\/2018\/09\/FS_pedofilo-03.jpg\"><img data-recalc-dims=\"1\" decoding=\"async\" class=\"wp-image-27888 size-full\" src=\"https:\/\/i0.wp.com\/blogdoeloiltoncajuhy.com.br\/site\/wp-content\/uploads\/2018\/09\/FS_pedofilo-03.jpg?resize=800%2C874\" alt=\"\" width=\"800\" height=\"874\" srcset=\"https:\/\/i0.wp.com\/blogdoeloiltoncajuhy.com.br\/site\/wp-content\/uploads\/2018\/09\/FS_pedofilo-03.jpg?w=984&amp;ssl=1 984w, https:\/\/i0.wp.com\/blogdoeloiltoncajuhy.com.br\/site\/wp-content\/uploads\/2018\/09\/FS_pedofilo-03.jpg?resize=275%2C300&amp;ssl=1 275w, https:\/\/i0.wp.com\/blogdoeloiltoncajuhy.com.br\/site\/wp-content\/uploads\/2018\/09\/FS_pedofilo-03.jpg?resize=768%2C839&amp;ssl=1 768w, https:\/\/i0.wp.com\/blogdoeloiltoncajuhy.com.br\/site\/wp-content\/uploads\/2018\/09\/FS_pedofilo-03.jpg?resize=937%2C1024&amp;ssl=1 937w, https:\/\/i0.wp.com\/blogdoeloiltoncajuhy.com.br\/site\/wp-content\/uploads\/2018\/09\/FS_pedofilo-03.jpg?resize=229%2C250&amp;ssl=1 229w\" sizes=\"(max-width: 800px) 100vw, 800px\" \/><\/a><figcaption id=\"caption-attachment-27888\" class=\"wp-caption-text\">Nas mensagens, homem ainda revelou que teve rela\u00e7\u00e3o sexual com uma crian\u00e7a de 4 anos \u2014 Foto: Divulga\u00e7\u00e3o\/ SSP<\/figcaption><\/figure>\n<figure id=\"attachment_27889\" aria-describedby=\"caption-attachment-27889\" style=\"width: 984px\" class=\"wp-caption aligncenter\"><a href=\"https:\/\/i0.wp.com\/blogdoeloiltoncajuhy.com.br\/site\/wp-content\/uploads\/2018\/09\/FS_pedofilo-04.jpg\"><img data-recalc-dims=\"1\" loading=\"lazy\" decoding=\"async\" class=\"wp-image-27889 size-full\" src=\"https:\/\/i0.wp.com\/blogdoeloiltoncajuhy.com.br\/site\/wp-content\/uploads\/2018\/09\/FS_pedofilo-04.jpg?resize=800%2C1183\" alt=\"\" width=\"800\" height=\"1183\" srcset=\"https:\/\/i0.wp.com\/blogdoeloiltoncajuhy.com.br\/site\/wp-content\/uploads\/2018\/09\/FS_pedofilo-04.jpg?w=984&amp;ssl=1 984w, https:\/\/i0.wp.com\/blogdoeloiltoncajuhy.com.br\/site\/wp-content\/uploads\/2018\/09\/FS_pedofilo-04.jpg?resize=203%2C300&amp;ssl=1 203w, https:\/\/i0.wp.com\/blogdoeloiltoncajuhy.com.br\/site\/wp-content\/uploads\/2018\/09\/FS_pedofilo-04.jpg?resize=768%2C1136&amp;ssl=1 768w, https:\/\/i0.wp.com\/blogdoeloiltoncajuhy.com.br\/site\/wp-content\/uploads\/2018\/09\/FS_pedofilo-04.jpg?resize=693%2C1024&amp;ssl=1 693w, https:\/\/i0.wp.com\/blogdoeloiltoncajuhy.com.br\/site\/wp-content\/uploads\/2018\/09\/FS_pedofilo-04.jpg?resize=169%2C250&amp;ssl=1 169w\" sizes=\"(max-width: 800px) 100vw, 800px\" \/><\/a><figcaption id=\"caption-attachment-27889\" class=\"wp-caption-text\">Homem foi preso ap\u00f3s enviar nome e foto da rua onde morava, em Feira de Santana, na Bahia \u2014 Foto: Divulga\u00e7\u00e3o\/ SSP<\/figcaption><\/figure>\n<p><em><strong> *Por G1 BA<\/strong><\/em><\/p>\n","protected":false},"excerpt":{"rendered":"<p>V\u00edtima mora em Manaus. Ap\u00f3s conversa com suspeito, m\u00e3e conseguiu endere\u00e7o dele e repassou para pol\u00edcia baiana, que o encontrou na cidade de Feira de Santana Um homem de 30 anos foi preso suspeito de aliciar crian\u00e7as e adolescentes, nas redes sociais, na tarde de quarta-feira (12), em Feira de Santana. Conforme a Secretaria de [&hellip;]<\/p>\n","protected":false},"author":2,"featured_media":27889,"comment_status":"open","ping_status":"open","sticky":false,"template":"","format":"standard","meta":{"_acf_changed":false,"_monsterinsights_skip_tracking":false,"_monsterinsights_sitenote_active":false,"_monsterinsights_sitenote_note":"","_monsterinsights_sitenote_category":0,"_jetpack_memberships_contains_paid_content":false,"footnotes":"","jetpack_publicize_message":"","jetpack_publicize_feature_enabled":true,"jetpack_social_post_already_shared":true,"jetpack_social_options":{"image_generator_settings":{"template":"highway","default_image_id":0,"font":"","enabled":false},"version":2}},"categories":[5,1],"tags":[],"class_list":["post-27885","post","type-post","status-publish","format-standard","has-post-thumbnail","hentry","category-cotidiano","category-noticias"],"acf":[],"jetpack_publicize_connections":[],"jetpack_featured_media_url":"https:\/\/i0.wp.com\/blogdoeloiltoncajuhy.com.br\/site\/wp-content\/uploads\/2018\/09\/FS_pedofilo-04.jpg?fit=984%2C1455&ssl=1","jetpack_sharing_enabled":true,"publishpress_future_workflow_manual_trigger":{"enabledWorkflows":[]},"_links":{"self":[{"href":"https:\/\/blogdoeloiltoncajuhy.com.br\/site\/wp-json\/wp\/v2\/posts\/27885","targetHints":{"allow":["GET"]}}],"collection":[{"href":"https:\/\/blogdoeloiltoncajuhy.com.br\/site\/wp-json\/wp\/v2\/posts"}],"about":[{"href":"https:\/\/blogdoeloiltoncajuhy.com.br\/site\/wp-json\/wp\/v2\/types\/post"}],"author":[{"embeddable":true,"href":"https:\/\/blogdoeloiltoncajuhy.com.br\/site\/wp-json\/wp\/v2\/users\/2"}],"replies":[{"embeddable":true,"href":"https:\/\/blogdoeloiltoncajuhy.com.br\/site\/wp-json\/wp\/v2\/comments?post=27885"}],"version-history":[{"count":1,"href":"https:\/\/blogdoeloiltoncajuhy.com.br\/site\/wp-json\/wp\/v2\/posts\/27885\/revisions"}],"predecessor-version":[{"id":27890,"href":"https:\/\/blogdoeloiltoncajuhy.com.br\/site\/wp-json\/wp\/v2\/posts\/27885\/revisions\/27890"}],"wp:featuredmedia":[{"embeddable":true,"href":"https:\/\/blogdoeloiltoncajuhy.com.br\/site\/wp-json\/wp\/v2\/media\/27889"}],"wp:attachment":[{"href":"https:\/\/blogdoeloiltoncajuhy.com.br\/site\/wp-json\/wp\/v2\/media?parent=27885"}],"wp:term":[{"taxonomy":"category","embeddable":true,"href":"https:\/\/blogdoeloiltoncajuhy.com.br\/site\/wp-json\/wp\/v2\/categories?post=27885"},{"taxonomy":"post_tag","embeddable":true,"href":"https:\/\/blogdoeloiltoncajuhy.com.br\/site\/wp-json\/wp\/v2\/tags?post=27885"}],"curies":[{"name":"wp","href":"https:\/\/api.w.org\/{rel}","templated":true}]}}