{"id":27860,"date":"2018-09-12T20:09:16","date_gmt":"2018-09-12T23:09:16","guid":{"rendered":"http:\/\/blogdoeloiltoncajuhy.com.br\/site\/?p=27860"},"modified":"2018-09-12T20:12:15","modified_gmt":"2018-09-12T23:12:15","slug":"mp-ba-investiga-servidores-que-se-licenciaram-para-eleicoes-mas-nao-disputaram-pleitos","status":"publish","type":"post","link":"https:\/\/blogdoeloiltoncajuhy.com.br\/site\/mp-ba-investiga-servidores-que-se-licenciaram-para-eleicoes-mas-nao-disputaram-pleitos\/","title":{"rendered":"MP-BA investiga servidores que se licenciaram para elei\u00e7\u00f5es, mas n\u00e3o disputaram pleitos"},"content":{"rendered":"<figure id=\"attachment_27861\" aria-describedby=\"caption-attachment-27861\" style=\"width: 380px\" class=\"wp-caption alignleft\"><a href=\"https:\/\/i0.wp.com\/blogdoeloiltoncajuhy.com.br\/site\/wp-content\/uploads\/2018\/09\/MP-BA.jpg\"><img data-recalc-dims=\"1\" fetchpriority=\"high\" decoding=\"async\" class=\"wp-image-27861 size-full\" src=\"https:\/\/i0.wp.com\/blogdoeloiltoncajuhy.com.br\/site\/wp-content\/uploads\/2018\/09\/MP-BA.jpg?resize=380%2C280\" alt=\"\" width=\"380\" height=\"280\" srcset=\"https:\/\/i0.wp.com\/blogdoeloiltoncajuhy.com.br\/site\/wp-content\/uploads\/2018\/09\/MP-BA.jpg?w=380&amp;ssl=1 380w, https:\/\/i0.wp.com\/blogdoeloiltoncajuhy.com.br\/site\/wp-content\/uploads\/2018\/09\/MP-BA.jpg?resize=300%2C221&amp;ssl=1 300w, https:\/\/i0.wp.com\/blogdoeloiltoncajuhy.com.br\/site\/wp-content\/uploads\/2018\/09\/MP-BA.jpg?resize=250%2C184&amp;ssl=1 250w\" sizes=\"(max-width: 380px) 100vw, 380px\" \/><\/a><figcaption id=\"caption-attachment-27861\" class=\"wp-caption-text\">Sede do MP-BA | Foto: Divulga\u00e7\u00e3o \/ Cecom \/ MP-BA<\/figcaption><\/figure>\n<p>O Minist\u00e9rio P\u00fablico da Bahia (MP-BA) abriu dois inqu\u00e9ritos para investigar servidores p\u00fablicos que pediram licen\u00e7a dos cargos para disputar as elei\u00e7\u00f5es de 2014 e 2016, sem que tivessem efetivamente participado do processo eleitoral. Eles s\u00e3o suspeitos de crime de improbidade administrativa.<\/p>\n<p>Segundo publica\u00e7\u00f5es do Di\u00e1rio da Justi\u00e7a desta quarta-feira (12), as apura\u00e7\u00f5es foram instauradas na segunda (10). As investiga\u00e7\u00f5es foram abertas ap\u00f3s a Procuradoria Regional Eleitoral verificar irregularidades na candidatura destes servidores.<\/p>\n<p>No caso do inqu\u00e9rito sobre as elei\u00e7\u00f5es de 2014, 10 servidores est\u00e3o sendo investigados. O <strong>Bahia Not\u00edcias<\/strong> apurou que um deles se candidatou a deputado estadual pelo PHS, mas acabou tendo a candidatura indeferida pelo Tribunal Regional Eleitoral (TRE-BA).<\/p>\n<p>O procedimento, conduzido pela promotora Patr\u00edcia Kathy Medrado, apura a conduta de candidatos barrados pelo TRE-BA, mas tamb\u00e9m daqueles que tiveram vota\u00e7\u00e3o muito pequena. No entanto, segundo a assessoria do MP, a promotora n\u00e3o conseguiu encontrar ind\u00edcios suficientes de irregularidades a nove dos investigados, o que pode fazer com que o inqu\u00e9rito contra eles seja arquivado. Apenas um ainda est\u00e1 sendo alvo de dilig\u00eancias e, por isso, n\u00e3o teve as investiga\u00e7\u00f5es conclu\u00eddas.<\/p>\n<p>J\u00e1 em rela\u00e7\u00e3o \u00e0 investiga\u00e7\u00e3o sobre o pleito de 2016, o MP-BA n\u00e3o soube informar quantas pessoas s\u00e3o alvos do inqu\u00e9rito.<\/p>\n<p>Procurada pelo <strong>BN<\/strong>, a assessoria de comunica\u00e7\u00e3o do MP-BA disse que n\u00e3o poderia fornecer os nomes dos investigados porque ainda est\u00e1 em fase inicial de averigua\u00e7\u00e3o dos casos. O \u00f3rg\u00e3o tamb\u00e9m n\u00e3o soube informar por quais cidades os investigados se candidataram em 2016, ano de elei\u00e7\u00f5es municipais para prefeito e vereadores. O MP pediu \u00e0 Justi\u00e7a Eleitoral informa\u00e7\u00f5es sobre os alvos dos inqu\u00e9ritos.<\/p>\n<p><em><strong>*Bahia Not\u00edcias<\/strong><\/em><\/p>\n","protected":false},"excerpt":{"rendered":"<p>O Minist\u00e9rio P\u00fablico da Bahia (MP-BA) abriu dois inqu\u00e9ritos para investigar servidores p\u00fablicos que pediram licen\u00e7a dos cargos para disputar as elei\u00e7\u00f5es de 2014 e 2016, sem que tivessem efetivamente participado do processo eleitoral. Eles s\u00e3o suspeitos de crime de improbidade administrativa. Segundo publica\u00e7\u00f5es do Di\u00e1rio da Justi\u00e7a desta quarta-feira (12), as apura\u00e7\u00f5es foram instauradas [&hellip;]<\/p>\n","protected":false},"author":2,"featured_media":27861,"comment_status":"open","ping_status":"open","sticky":false,"template":"","format":"standard","meta":{"_acf_changed":false,"_monsterinsights_skip_tracking":false,"_monsterinsights_sitenote_active":false,"_monsterinsights_sitenote_note":"","_monsterinsights_sitenote_category":0,"_jetpack_memberships_contains_paid_content":false,"footnotes":"","jetpack_publicize_message":"","jetpack_publicize_feature_enabled":true,"jetpack_social_post_already_shared":true,"jetpack_social_options":{"image_generator_settings":{"template":"highway","default_image_id":0,"font":"","enabled":false},"version":2}},"categories":[5,1,3],"tags":[],"class_list":["post-27860","post","type-post","status-publish","format-standard","has-post-thumbnail","hentry","category-cotidiano","category-noticias","category-politica"],"acf":[],"jetpack_publicize_connections":[],"jetpack_featured_media_url":"https:\/\/i0.wp.com\/blogdoeloiltoncajuhy.com.br\/site\/wp-content\/uploads\/2018\/09\/MP-BA.jpg?fit=380%2C280&ssl=1","jetpack_sharing_enabled":true,"publishpress_future_workflow_manual_trigger":{"enabledWorkflows":[]},"_links":{"self":[{"href":"https:\/\/blogdoeloiltoncajuhy.com.br\/site\/wp-json\/wp\/v2\/posts\/27860","targetHints":{"allow":["GET"]}}],"collection":[{"href":"https:\/\/blogdoeloiltoncajuhy.com.br\/site\/wp-json\/wp\/v2\/posts"}],"about":[{"href":"https:\/\/blogdoeloiltoncajuhy.com.br\/site\/wp-json\/wp\/v2\/types\/post"}],"author":[{"embeddable":true,"href":"https:\/\/blogdoeloiltoncajuhy.com.br\/site\/wp-json\/wp\/v2\/users\/2"}],"replies":[{"embeddable":true,"href":"https:\/\/blogdoeloiltoncajuhy.com.br\/site\/wp-json\/wp\/v2\/comments?post=27860"}],"version-history":[{"count":2,"href":"https:\/\/blogdoeloiltoncajuhy.com.br\/site\/wp-json\/wp\/v2\/posts\/27860\/revisions"}],"predecessor-version":[{"id":27863,"href":"https:\/\/blogdoeloiltoncajuhy.com.br\/site\/wp-json\/wp\/v2\/posts\/27860\/revisions\/27863"}],"wp:featuredmedia":[{"embeddable":true,"href":"https:\/\/blogdoeloiltoncajuhy.com.br\/site\/wp-json\/wp\/v2\/media\/27861"}],"wp:attachment":[{"href":"https:\/\/blogdoeloiltoncajuhy.com.br\/site\/wp-json\/wp\/v2\/media?parent=27860"}],"wp:term":[{"taxonomy":"category","embeddable":true,"href":"https:\/\/blogdoeloiltoncajuhy.com.br\/site\/wp-json\/wp\/v2\/categories?post=27860"},{"taxonomy":"post_tag","embeddable":true,"href":"https:\/\/blogdoeloiltoncajuhy.com.br\/site\/wp-json\/wp\/v2\/tags?post=27860"}],"curies":[{"name":"wp","href":"https:\/\/api.w.org\/{rel}","templated":true}]}}