{"id":27843,"date":"2018-09-12T15:21:46","date_gmt":"2018-09-12T18:21:46","guid":{"rendered":"http:\/\/blogdoeloiltoncajuhy.com.br\/site\/?p=27843"},"modified":"2018-09-12T15:21:46","modified_gmt":"2018-09-12T18:21:46","slug":"39a-missao-da-terra-acontece-neste-domingo-16-em-capim-grosso-ba","status":"publish","type":"post","link":"https:\/\/blogdoeloiltoncajuhy.com.br\/site\/39a-missao-da-terra-acontece-neste-domingo-16-em-capim-grosso-ba\/","title":{"rendered":"39\u00aa Miss\u00e3o da Terra acontece neste domingo (16), em Capim Grosso (BA)"},"content":{"rendered":"<p><a href=\"https:\/\/i0.wp.com\/blogdoeloiltoncajuhy.com.br\/site\/wp-content\/uploads\/2018\/09\/miss%C3%A3o-terra_2018.jpeg\"><img data-recalc-dims=\"1\" fetchpriority=\"high\" decoding=\"async\" class=\"size-full wp-image-27844 alignright\" src=\"https:\/\/i0.wp.com\/blogdoeloiltoncajuhy.com.br\/site\/wp-content\/uploads\/2018\/09\/miss%C3%A3o-terra_2018.jpeg?resize=331%2C480\" alt=\"\" width=\"331\" height=\"480\" srcset=\"https:\/\/i0.wp.com\/blogdoeloiltoncajuhy.com.br\/site\/wp-content\/uploads\/2018\/09\/miss%C3%A3o-terra_2018.jpeg?w=331&amp;ssl=1 331w, https:\/\/i0.wp.com\/blogdoeloiltoncajuhy.com.br\/site\/wp-content\/uploads\/2018\/09\/miss%C3%A3o-terra_2018.jpeg?resize=207%2C300&amp;ssl=1 207w, https:\/\/i0.wp.com\/blogdoeloiltoncajuhy.com.br\/site\/wp-content\/uploads\/2018\/09\/miss%C3%A3o-terra_2018.jpeg?resize=172%2C250&amp;ssl=1 172w\" sizes=\"(max-width: 331px) 100vw, 331px\" \/><\/a>Com o tema <strong>\u201cTerra e \u00c1gua, Fontes de Paz e de Bem Viver\u201d<\/strong> e o lema <strong>\u201cO fruto da justi\u00e7a ser\u00e1 a paz\u201d<\/strong> (Isa\u00edas 32, 17), a <strong>39\u00aa Miss\u00e3o da Terra<\/strong> acontecer\u00e1 neste domingo, dia 16, na cidade de Capim Grosso (BA), da Diocese de Bonfim. A Comiss\u00e3o Pastoral da Terra (CPT) e a par\u00f3quia local convidam a todos a participar deste dia para celebrar a f\u00e9 e a vida, al\u00e9m de ecoar o grito do povo do campo e da cidade na luta pela constru\u00e7\u00e3o de uma sociedade justa e fraterna.<\/p>\n<p>Este \u00e9 o ano que a Igreja constituiu como Ano Nacional dos Crist\u00e3os Leigos e Leigas, seguindo o convite de Jesus: \u201c<em>V\u00f3s sois o sal da terra e v\u00f3s sois a luz do mundo<\/em>\u201d (Mateus 5,13-14). A miss\u00e3o para a qual Jesus nos convoca, nos deve levar a sair de n\u00f3s mesmos, iluminar o mundo e dar a ele sabor e gosto. Na luta pela terra e pela \u00e1gua, que s\u00e3o \u201c<em>fontes de paz e de bem viver<\/em>\u201d, estamos dando gosto \u00e0 nossa vida e \u00e0 sociedade em que vivemos. Nossa luta j\u00e1 \u00e9 vitoriosa porque Deus vai \u00e0 nossa frente como na conquista da terra pelo povo hebreu, conforme conta o Antigo Testamento.<\/p>\n<p>A par\u00f3quia S\u00e3o Crist\u00f3v\u00e3o de Capim Grosso acolhe a todos os romeiros e romeiras e contribuir\u00e1 para manter acesa a chama da op\u00e7\u00e3o preferencial pelos pobres e exclu\u00eddos da sociedade.<\/p>\n<p><strong>Programa\u00e7\u00e3o:<\/strong><\/p>\n<p>A 39\u00aa Miss\u00e3o da Terra ter\u00e1 in\u00edcio com a concentra\u00e7\u00e3o e acolhida dos romeiros e romeiras na comunidade de \u00c1gua Nova, que fica a 2km da cidade;<\/p>\n<p><em>-08h30: Abertura oficial da 39\u00aa Miss\u00e3o da Terra. Respons\u00e1vel por esse momento par\u00f3quia local S\u00e3o Crist\u00f3v\u00e3o.<\/em><\/p>\n<p><em>-09h: In\u00edcio da caminhada com 03 paradas:<\/em><\/p>\n<p>1\u00aa. Parada: Contorno BR 324<\/p>\n<p>Tema: Terra e \u00c1gua privatizadas, vidas roubadas!<\/p>\n<p>Respons\u00e1veis: Movimento dos Pequenos Agricultores \u2013 MPA e Frei Luciano Bernardi, CPT\/BA;<\/p>\n<p>2\u00aa. Parada: Pra\u00e7a da F\u00f3rum<\/p>\n<p>Tema: Superar os v\u00e1rios rostos da viol\u00eancia \u00e9 tarefa de todos<\/p>\n<p>Respons\u00e1vel: Par\u00f3quia S\u00e3o Gon\u00e7alo de Amarante-Ca\u00e9m;<\/p>\n<p>3\u00aa. Parada: Pra\u00e7a da Igreja<\/p>\n<p>Tema: Terra e \u00c1gua: Justi\u00e7a, Paz e Bem Viver<\/p>\n<p>Respons\u00e1vel: Escola Fam\u00edlia Agr\u00edcola de Jaboticaba;<\/p>\n<p><em>-12h: Partilha da farofa\u2026<\/em><\/p>\n<p><em>-13 \u00e0s 15h30: Momento Cultural: Apresenta\u00e7\u00e3o de m\u00fasicas, poesias, exposi\u00e7\u00e3o de material das entidades e Confiss\u00f5es;<\/em><\/p>\n<p><em>-15h30: Celebra\u00e7\u00e3o Eucar\u00edstica presidida pelo Administrador Diocesano, Padre Jarbas Gon\u00e7alves e concelebrada pelos padres presentes e, ao final da celebra\u00e7\u00e3o, momento de envio dos romeiros e romeiras para suas comunidades.<\/em><\/p>\n<p><em><strong>*CPT-BA<\/strong><\/em><\/p>\n","protected":false},"excerpt":{"rendered":"<p>Com o tema \u201cTerra e \u00c1gua, Fontes de Paz e de Bem Viver\u201d e o lema \u201cO fruto da justi\u00e7a ser\u00e1 a paz\u201d (Isa\u00edas 32, 17), a 39\u00aa Miss\u00e3o da Terra acontecer\u00e1 neste domingo, dia 16, na cidade de Capim Grosso (BA), da Diocese de Bonfim. A Comiss\u00e3o Pastoral da Terra (CPT) e a par\u00f3quia [&hellip;]<\/p>\n","protected":false},"author":2,"featured_media":27844,"comment_status":"open","ping_status":"open","sticky":false,"template":"","format":"standard","meta":{"_acf_changed":false,"_monsterinsights_skip_tracking":false,"_monsterinsights_sitenote_active":false,"_monsterinsights_sitenote_note":"","_monsterinsights_sitenote_category":0,"_jetpack_memberships_contains_paid_content":false,"footnotes":"","jetpack_publicize_message":"","jetpack_publicize_feature_enabled":true,"jetpack_social_post_already_shared":true,"jetpack_social_options":{"image_generator_settings":{"template":"highway","default_image_id":0,"font":"","enabled":false},"version":2}},"categories":[1,11],"tags":[],"class_list":["post-27843","post","type-post","status-publish","format-standard","has-post-thumbnail","hentry","category-noticias","category-regional"],"acf":[],"jetpack_publicize_connections":[],"jetpack_featured_media_url":"https:\/\/i0.wp.com\/blogdoeloiltoncajuhy.com.br\/site\/wp-content\/uploads\/2018\/09\/miss%C3%A3o-terra_2018.jpeg?fit=331%2C480&ssl=1","jetpack_sharing_enabled":true,"publishpress_future_workflow_manual_trigger":{"enabledWorkflows":[]},"_links":{"self":[{"href":"https:\/\/blogdoeloiltoncajuhy.com.br\/site\/wp-json\/wp\/v2\/posts\/27843","targetHints":{"allow":["GET"]}}],"collection":[{"href":"https:\/\/blogdoeloiltoncajuhy.com.br\/site\/wp-json\/wp\/v2\/posts"}],"about":[{"href":"https:\/\/blogdoeloiltoncajuhy.com.br\/site\/wp-json\/wp\/v2\/types\/post"}],"author":[{"embeddable":true,"href":"https:\/\/blogdoeloiltoncajuhy.com.br\/site\/wp-json\/wp\/v2\/users\/2"}],"replies":[{"embeddable":true,"href":"https:\/\/blogdoeloiltoncajuhy.com.br\/site\/wp-json\/wp\/v2\/comments?post=27843"}],"version-history":[{"count":1,"href":"https:\/\/blogdoeloiltoncajuhy.com.br\/site\/wp-json\/wp\/v2\/posts\/27843\/revisions"}],"predecessor-version":[{"id":27845,"href":"https:\/\/blogdoeloiltoncajuhy.com.br\/site\/wp-json\/wp\/v2\/posts\/27843\/revisions\/27845"}],"wp:featuredmedia":[{"embeddable":true,"href":"https:\/\/blogdoeloiltoncajuhy.com.br\/site\/wp-json\/wp\/v2\/media\/27844"}],"wp:attachment":[{"href":"https:\/\/blogdoeloiltoncajuhy.com.br\/site\/wp-json\/wp\/v2\/media?parent=27843"}],"wp:term":[{"taxonomy":"category","embeddable":true,"href":"https:\/\/blogdoeloiltoncajuhy.com.br\/site\/wp-json\/wp\/v2\/categories?post=27843"},{"taxonomy":"post_tag","embeddable":true,"href":"https:\/\/blogdoeloiltoncajuhy.com.br\/site\/wp-json\/wp\/v2\/tags?post=27843"}],"curies":[{"name":"wp","href":"https:\/\/api.w.org\/{rel}","templated":true}]}}