{"id":27837,"date":"2018-09-12T08:57:08","date_gmt":"2018-09-12T11:57:08","guid":{"rendered":"http:\/\/blogdoeloiltoncajuhy.com.br\/site\/?p=27837"},"modified":"2018-09-12T08:57:08","modified_gmt":"2018-09-12T11:57:08","slug":"eleitores-tem-ate-27-de-setembro-para-solicitar-segunda-via-do-titulo-na-cidade-onde-vota-saiba-como","status":"publish","type":"post","link":"https:\/\/blogdoeloiltoncajuhy.com.br\/site\/eleitores-tem-ate-27-de-setembro-para-solicitar-segunda-via-do-titulo-na-cidade-onde-vota-saiba-como\/","title":{"rendered":"Eleitores t\u00eam at\u00e9 27 de setembro para solicitar segunda via do t\u00edtulo na cidade onde vota; saiba como"},"content":{"rendered":"<h5 style=\"text-align: center;\"><em>Ap\u00f3s essa data, n\u00e3o ser\u00e1 poss\u00edvel requerer a segunda via antes do pleito de 2018; cidad\u00e3os que est\u00e3o em dia com a Justi\u00e7a tamb\u00e9m podem pedir a vers\u00e3o digital do t\u00edtulo<\/em><\/h5>\n<figure id=\"attachment_27838\" aria-describedby=\"caption-attachment-27838\" style=\"width: 600px\" class=\"wp-caption aligncenter\"><a href=\"https:\/\/i0.wp.com\/blogdoeloiltoncajuhy.com.br\/site\/wp-content\/uploads\/2018\/09\/titulo-de-eleitor-1234.jpg\"><img data-recalc-dims=\"1\" fetchpriority=\"high\" decoding=\"async\" class=\"wp-image-27838 size-full\" src=\"https:\/\/i0.wp.com\/blogdoeloiltoncajuhy.com.br\/site\/wp-content\/uploads\/2018\/09\/titulo-de-eleitor-1234.jpg?resize=600%2C452\" alt=\"\" width=\"600\" height=\"452\" srcset=\"https:\/\/i0.wp.com\/blogdoeloiltoncajuhy.com.br\/site\/wp-content\/uploads\/2018\/09\/titulo-de-eleitor-1234.jpg?w=600&amp;ssl=1 600w, https:\/\/i0.wp.com\/blogdoeloiltoncajuhy.com.br\/site\/wp-content\/uploads\/2018\/09\/titulo-de-eleitor-1234.jpg?resize=300%2C226&amp;ssl=1 300w, https:\/\/i0.wp.com\/blogdoeloiltoncajuhy.com.br\/site\/wp-content\/uploads\/2018\/09\/titulo-de-eleitor-1234.jpg?resize=250%2C188&amp;ssl=1 250w\" sizes=\"(max-width: 600px) 100vw, 600px\" \/><\/a><figcaption id=\"caption-attachment-27838\" class=\"wp-caption-text\">Segunda via do t\u00edtulo de eleitor pode ser solicitada at\u00e9 o dia 27 de setembro (Foto: Ana Clara Marinho\/TV Globo)<\/figcaption><\/figure>\n<p>Quem estiver no domic\u00edlio eleitoral e perdeu o t\u00edtulo de eleitor tem at\u00e9 o dia 27 de setembro, 10 dias antes da elei\u00e7\u00e3o, para solicitar a segunda via do documento em qualquer cart\u00f3rio eleitoral. O prazo \u00e9 v\u00e1lido para todo o pa\u00eds.<\/p>\n<p>Ap\u00f3s essa data, n\u00e3o ser\u00e1 poss\u00edvel requerer a segunda via antes do pleito de 2018. Para os eleitores que est\u00e3o fora do domic\u00edlio eleitoral, o prazo foi at\u00e9 o dia 8 de agosto, ou 60 dias antes do pleito 2018, respeitando o C\u00f3digo Eleitoral, art. 53.<\/p>\n<p>Para tirar a segunda via do t\u00edtulo, \u00e9 necess\u00e1rio levar um documento de identifica\u00e7\u00e3o original como RG; Certid\u00e3o de Nascimento, se solteiro, ou de Casamento; Carteira de Trabalho e Previd\u00eancia Social; Carteira emitida pelos \u00f3rg\u00e3os criados por lei federal, controladores do exerc\u00edcio profissional (OAB, CRM, CREA etc); ou Carteira Nacional de Habilita\u00e7\u00e3o.<\/p>\n<p>N\u00e3o ser\u00e1 aceito o passaporte, por n\u00e3o conter dados de filia\u00e7\u00e3o. Al\u00e9m disso, os documentos devem estar em bom estado e dentro do prazo de validade.<\/p>\n<p>Para a emiss\u00e3o da segunda via do t\u00edtulo eleitoral, o eleitor deve estar quite com a Justi\u00e7a Eleitoral. A consulta \u00e0 situa\u00e7\u00e3o eleitoral pode ser feita por meio do nome do eleitor ou do n\u00famero do t\u00edtulo eleitoral no site do TRE-BA.<\/p>\n<p>Al\u00e9m da quita\u00e7\u00e3o eleitoral, o interessado n\u00e3o poder\u00e1 possuir condena\u00e7\u00e3o criminal cuja pena n\u00e3o tenha sido integralmente cumprida, ter sido declarado interditado por senten\u00e7a judicial definitiva, possuir condena\u00e7\u00e3o por improbidade administrativa cuja pena de suspens\u00e3o de direitos pol\u00edticos n\u00e3o tenha sido cumprida; estar cumprindo ou n\u00e3o ter prestado o servi\u00e7o militar obrigat\u00f3rio, ter pend\u00eancia no cadastro eleitoral referente a n\u00e3o apresenta\u00e7\u00e3o de presta\u00e7\u00e3o de contas de campanha eleitoral, e inabilita\u00e7\u00e3o.<\/p>\n<p><strong>E-t\u00edtulo<\/strong><\/p>\n<p>Os eleitores que est\u00e3o em dia com a Justi\u00e7a Eleitoral e desejam uma segunda via do t\u00edtulo podem ainda optar pela vers\u00e3o digital, por meio do e-T\u00edtulo, que pode ser apresentando na hora do voto em substitui\u00e7\u00e3o ao documento tradicional.<\/p>\n<p>O aplicativo est\u00e1 dispon\u00edvel para iPhone (iOS), smartphones (Android) e tablets. Al\u00e9m da vers\u00e3o digital do t\u00edtulo eleitoral, \u00e9 poss\u00edvel acessar informa\u00e7\u00f5es como dados da zona eleitoral do usu\u00e1rio e a situa\u00e7\u00e3o cadastral do eleitor em tempo real.<\/p>\n<p>Ap\u00f3s baix\u00e1-lo, basta que o eleitor insira seus dados pessoais. Para os eleitores j\u00e1 cadastrados biometricamente, o documento exibir\u00e1 ainda foto.<\/p>\n<p><em><strong>*Por G1 BA<\/strong><\/em><\/p>\n","protected":false},"excerpt":{"rendered":"<p>Ap\u00f3s essa data, n\u00e3o ser\u00e1 poss\u00edvel requerer a segunda via antes do pleito de 2018; cidad\u00e3os que est\u00e3o em dia com a Justi\u00e7a tamb\u00e9m podem pedir a vers\u00e3o digital do t\u00edtulo Quem estiver no domic\u00edlio eleitoral e perdeu o t\u00edtulo de eleitor tem at\u00e9 o dia 27 de setembro, 10 dias antes da elei\u00e7\u00e3o, para [&hellip;]<\/p>\n","protected":false},"author":2,"featured_media":27838,"comment_status":"open","ping_status":"open","sticky":false,"template":"","format":"standard","meta":{"_acf_changed":false,"_monsterinsights_skip_tracking":false,"_monsterinsights_sitenote_active":false,"_monsterinsights_sitenote_note":"","_monsterinsights_sitenote_category":0,"_jetpack_memberships_contains_paid_content":false,"footnotes":"","jetpack_publicize_message":"","jetpack_publicize_feature_enabled":true,"jetpack_social_post_already_shared":true,"jetpack_social_options":{"image_generator_settings":{"template":"highway","default_image_id":0,"font":"","enabled":false},"version":2}},"categories":[5,1],"tags":[],"class_list":["post-27837","post","type-post","status-publish","format-standard","has-post-thumbnail","hentry","category-cotidiano","category-noticias"],"acf":[],"jetpack_publicize_connections":[],"jetpack_featured_media_url":"https:\/\/i0.wp.com\/blogdoeloiltoncajuhy.com.br\/site\/wp-content\/uploads\/2018\/09\/titulo-de-eleitor-1234.jpg?fit=600%2C452&ssl=1","jetpack_sharing_enabled":true,"publishpress_future_workflow_manual_trigger":{"enabledWorkflows":[]},"_links":{"self":[{"href":"https:\/\/blogdoeloiltoncajuhy.com.br\/site\/wp-json\/wp\/v2\/posts\/27837","targetHints":{"allow":["GET"]}}],"collection":[{"href":"https:\/\/blogdoeloiltoncajuhy.com.br\/site\/wp-json\/wp\/v2\/posts"}],"about":[{"href":"https:\/\/blogdoeloiltoncajuhy.com.br\/site\/wp-json\/wp\/v2\/types\/post"}],"author":[{"embeddable":true,"href":"https:\/\/blogdoeloiltoncajuhy.com.br\/site\/wp-json\/wp\/v2\/users\/2"}],"replies":[{"embeddable":true,"href":"https:\/\/blogdoeloiltoncajuhy.com.br\/site\/wp-json\/wp\/v2\/comments?post=27837"}],"version-history":[{"count":1,"href":"https:\/\/blogdoeloiltoncajuhy.com.br\/site\/wp-json\/wp\/v2\/posts\/27837\/revisions"}],"predecessor-version":[{"id":27839,"href":"https:\/\/blogdoeloiltoncajuhy.com.br\/site\/wp-json\/wp\/v2\/posts\/27837\/revisions\/27839"}],"wp:featuredmedia":[{"embeddable":true,"href":"https:\/\/blogdoeloiltoncajuhy.com.br\/site\/wp-json\/wp\/v2\/media\/27838"}],"wp:attachment":[{"href":"https:\/\/blogdoeloiltoncajuhy.com.br\/site\/wp-json\/wp\/v2\/media?parent=27837"}],"wp:term":[{"taxonomy":"category","embeddable":true,"href":"https:\/\/blogdoeloiltoncajuhy.com.br\/site\/wp-json\/wp\/v2\/categories?post=27837"},{"taxonomy":"post_tag","embeddable":true,"href":"https:\/\/blogdoeloiltoncajuhy.com.br\/site\/wp-json\/wp\/v2\/tags?post=27837"}],"curies":[{"name":"wp","href":"https:\/\/api.w.org\/{rel}","templated":true}]}}