{"id":27825,"date":"2018-09-11T20:13:33","date_gmt":"2018-09-11T23:13:33","guid":{"rendered":"http:\/\/blogdoeloiltoncajuhy.com.br\/site\/?p=27825"},"modified":"2018-09-11T20:13:33","modified_gmt":"2018-09-11T23:13:33","slug":"bonfim-em-desenvolvimento-sistema-de-abastecimento-de-agua-foi-inaugurado-na-comunidade-de-limoes","status":"publish","type":"post","link":"https:\/\/blogdoeloiltoncajuhy.com.br\/site\/bonfim-em-desenvolvimento-sistema-de-abastecimento-de-agua-foi-inaugurado-na-comunidade-de-limoes\/","title":{"rendered":"Bonfim em Desenvolvimento: Sistema de Abastecimento de \u00c1gua foi inaugurado na comunidade de Lim\u00f5es"},"content":{"rendered":"<p><a href=\"https:\/\/i0.wp.com\/blogdoeloiltoncajuhy.com.br\/site\/wp-content\/uploads\/2018\/09\/agua-lim%C3%B5es.jpg\"><img data-recalc-dims=\"1\" fetchpriority=\"high\" decoding=\"async\" class=\"aligncenter size-full wp-image-27826\" src=\"https:\/\/i0.wp.com\/blogdoeloiltoncajuhy.com.br\/site\/wp-content\/uploads\/2018\/09\/agua-lim%C3%B5es.jpg?resize=550%2C367\" alt=\"\" width=\"550\" height=\"367\" srcset=\"https:\/\/i0.wp.com\/blogdoeloiltoncajuhy.com.br\/site\/wp-content\/uploads\/2018\/09\/agua-lim%C3%B5es.jpg?w=550&amp;ssl=1 550w, https:\/\/i0.wp.com\/blogdoeloiltoncajuhy.com.br\/site\/wp-content\/uploads\/2018\/09\/agua-lim%C3%B5es.jpg?resize=300%2C200&amp;ssl=1 300w, https:\/\/i0.wp.com\/blogdoeloiltoncajuhy.com.br\/site\/wp-content\/uploads\/2018\/09\/agua-lim%C3%B5es.jpg?resize=250%2C167&amp;ssl=1 250w\" sizes=\"(max-width: 550px) 100vw, 550px\" \/><\/a>Aconteceu na \u00faltima segunda-feira,10 de setembro, a inaugura\u00e7\u00e3o do sistema de abastecimento de \u00e1gua tratada na comunidade de Lim\u00f5es, interior do munic\u00edpio de Senhor do Bonfim. O ato simb\u00f3lico com a presen\u00e7a do prefeito e representantes da Embasa aconteceu na sede da Associa\u00e7\u00e3o de Moradores de Lim\u00f5es.<\/p>\n<p>\u201c<em>Essa \u00e1gua foi uma luta&#8230; H\u00e1 mais de dez anos a gente esperava. N\u00f3s estamos contentes com nosso prefeito Carlos Brasileiro, a vereadora L\u00facia e o vereador R\u00ea, por essa luta que hoje vira realidade<\/em>\u201d, frisou Nilson Nascimento de Ara\u00fajo, popular \u201cPacheco\u201d, presidente da Associa\u00e7\u00e3o de Moradores de Lim\u00f5es.<\/p>\n<p>Com investimento de cerca R$ 150 mil, o novo sistema de abastecimento de \u00e1gua vai atender 43 fam\u00edlias da comunidade de Lim\u00f5es. A obra tem 5 km de tubos de 60 mm e foi realizada pela a Empresa Baiana de \u00c1guas e Saneamento (Embasa) em parceria com a prefeitura de Senhor do Bonfim.<\/p>\n<p>O sistema de abastecimento de \u00e1gua de Lim\u00f5es \u00e9 mais um investimento do programa Bonfim em Desenvolvimento. \u201c<em>Essa \u00e9 uma obra de um cunho social muito forte, isso prova que o governador Rui Costa olha para todos os \u201ccantos\u201d da Bahia, principalmente para quem mais precisa. Estou muito feliz por estar inaugurando mais um compromisso de campanha<\/em>\u201d, destacou Brasileiro.<\/p>\n<p>Em agosto, cerca de 400 moradores das comunidades de Queimado, Lagoa do Boi, Caldeir\u00e3o do Boi, Junco e Sim\u00e3o tamb\u00e9m formam beneficiados com a instala\u00e7\u00e3o do sistema de \u00e1gua tratada.<\/p>\n<p>Tamb\u00e9m participaram da solenidade o vice-prefeito Jos\u00e9 Ant\u00f4nio, o gerente regional da Embasa, Raimundo Nonato, secret\u00e1rios de governo, lideran\u00e7as comunit\u00e1rias e moradores.<\/p>\n<p><em><strong>*Ascom Prefeitura de Senhor do Bonfim-BA<\/strong><\/em><\/p>\n","protected":false},"excerpt":{"rendered":"<p>Aconteceu na \u00faltima segunda-feira,10 de setembro, a inaugura\u00e7\u00e3o do sistema de abastecimento de \u00e1gua tratada na comunidade de Lim\u00f5es, interior do munic\u00edpio de Senhor do Bonfim. O ato simb\u00f3lico com a presen\u00e7a do prefeito e representantes da Embasa aconteceu na sede da Associa\u00e7\u00e3o de Moradores de Lim\u00f5es. \u201cEssa \u00e1gua foi uma luta&#8230; H\u00e1 mais de [&hellip;]<\/p>\n","protected":false},"author":2,"featured_media":27826,"comment_status":"open","ping_status":"open","sticky":false,"template":"","format":"standard","meta":{"_acf_changed":false,"_monsterinsights_skip_tracking":false,"_monsterinsights_sitenote_active":false,"_monsterinsights_sitenote_note":"","_monsterinsights_sitenote_category":0,"_jetpack_memberships_contains_paid_content":false,"footnotes":"","jetpack_publicize_message":"","jetpack_publicize_feature_enabled":true,"jetpack_social_post_already_shared":true,"jetpack_social_options":{"image_generator_settings":{"template":"highway","default_image_id":0,"font":"","enabled":false},"version":2}},"categories":[1,3,4],"tags":[],"class_list":["post-27825","post","type-post","status-publish","format-standard","has-post-thumbnail","hentry","category-noticias","category-politica","category-local"],"acf":[],"jetpack_publicize_connections":[],"jetpack_featured_media_url":"https:\/\/i0.wp.com\/blogdoeloiltoncajuhy.com.br\/site\/wp-content\/uploads\/2018\/09\/agua-lim%C3%B5es.jpg?fit=550%2C367&ssl=1","jetpack_sharing_enabled":true,"publishpress_future_workflow_manual_trigger":{"enabledWorkflows":[]},"_links":{"self":[{"href":"https:\/\/blogdoeloiltoncajuhy.com.br\/site\/wp-json\/wp\/v2\/posts\/27825","targetHints":{"allow":["GET"]}}],"collection":[{"href":"https:\/\/blogdoeloiltoncajuhy.com.br\/site\/wp-json\/wp\/v2\/posts"}],"about":[{"href":"https:\/\/blogdoeloiltoncajuhy.com.br\/site\/wp-json\/wp\/v2\/types\/post"}],"author":[{"embeddable":true,"href":"https:\/\/blogdoeloiltoncajuhy.com.br\/site\/wp-json\/wp\/v2\/users\/2"}],"replies":[{"embeddable":true,"href":"https:\/\/blogdoeloiltoncajuhy.com.br\/site\/wp-json\/wp\/v2\/comments?post=27825"}],"version-history":[{"count":1,"href":"https:\/\/blogdoeloiltoncajuhy.com.br\/site\/wp-json\/wp\/v2\/posts\/27825\/revisions"}],"predecessor-version":[{"id":27827,"href":"https:\/\/blogdoeloiltoncajuhy.com.br\/site\/wp-json\/wp\/v2\/posts\/27825\/revisions\/27827"}],"wp:featuredmedia":[{"embeddable":true,"href":"https:\/\/blogdoeloiltoncajuhy.com.br\/site\/wp-json\/wp\/v2\/media\/27826"}],"wp:attachment":[{"href":"https:\/\/blogdoeloiltoncajuhy.com.br\/site\/wp-json\/wp\/v2\/media?parent=27825"}],"wp:term":[{"taxonomy":"category","embeddable":true,"href":"https:\/\/blogdoeloiltoncajuhy.com.br\/site\/wp-json\/wp\/v2\/categories?post=27825"},{"taxonomy":"post_tag","embeddable":true,"href":"https:\/\/blogdoeloiltoncajuhy.com.br\/site\/wp-json\/wp\/v2\/tags?post=27825"}],"curies":[{"name":"wp","href":"https:\/\/api.w.org\/{rel}","templated":true}]}}