{"id":27821,"date":"2018-09-11T20:07:14","date_gmt":"2018-09-11T23:07:14","guid":{"rendered":"http:\/\/blogdoeloiltoncajuhy.com.br\/site\/?p=27821"},"modified":"2018-09-11T20:28:45","modified_gmt":"2018-09-11T23:28:45","slug":"campanha-de-vacinacao-contra-polio-e-sarampo-acontece-ate-a-proxima-sexta-feira-14-em-andorinha","status":"publish","type":"post","link":"https:\/\/blogdoeloiltoncajuhy.com.br\/site\/campanha-de-vacinacao-contra-polio-e-sarampo-acontece-ate-a-proxima-sexta-feira-14-em-andorinha\/","title":{"rendered":"Campanha de vacina\u00e7\u00e3o contra p\u00f3lio e sarampo acontece at\u00e9 a pr\u00f3xima sexta-feira (14) em Andorinha"},"content":{"rendered":"<p><a href=\"https:\/\/i0.wp.com\/blogdoeloiltoncajuhy.com.br\/site\/wp-content\/uploads\/2018\/09\/campanha-de-vacinacao-contra-a-poliomielitw-e-o-sarampo-3.jpg\"><img data-recalc-dims=\"1\" fetchpriority=\"high\" decoding=\"async\" class=\"aligncenter size-full wp-image-27822\" src=\"https:\/\/i0.wp.com\/blogdoeloiltoncajuhy.com.br\/site\/wp-content\/uploads\/2018\/09\/campanha-de-vacinacao-contra-a-poliomielitw-e-o-sarampo-3.jpg?resize=600%2C400\" alt=\"\" width=\"600\" height=\"400\" srcset=\"https:\/\/i0.wp.com\/blogdoeloiltoncajuhy.com.br\/site\/wp-content\/uploads\/2018\/09\/campanha-de-vacinacao-contra-a-poliomielitw-e-o-sarampo-3.jpg?w=600&amp;ssl=1 600w, https:\/\/i0.wp.com\/blogdoeloiltoncajuhy.com.br\/site\/wp-content\/uploads\/2018\/09\/campanha-de-vacinacao-contra-a-poliomielitw-e-o-sarampo-3.jpg?resize=300%2C200&amp;ssl=1 300w, https:\/\/i0.wp.com\/blogdoeloiltoncajuhy.com.br\/site\/wp-content\/uploads\/2018\/09\/campanha-de-vacinacao-contra-a-poliomielitw-e-o-sarampo-3.jpg?resize=250%2C167&amp;ssl=1 250w\" sizes=\"(max-width: 600px) 100vw, 600px\" \/><\/a>Andorinha prorrogou a campanha de vacina\u00e7\u00e3o contra a poliomielite e o sarampo at\u00e9 o dia 14 de setembro (sexta-feira). At\u00e9 agora, a taxa de cobertura no munic\u00edpio \u00e9 de 94,55%. A meta da campanha \u00e9 imunizar 95% das crian\u00e7as de 1 ano a 5 incompletos.<\/p>\n<p>A vacina\u00e7\u00e3o \u00e9 obrigat\u00f3ria e pais ou respons\u00e1veis devem procurar a secretaria de Sa\u00fade ou uma unidade de atendimento pr\u00f3xima da resid\u00eancia para obter mais informa\u00e7\u00f5es sobre a vacina\u00e7\u00e3o contra a p\u00f3lio e sarampo no munic\u00edpio de Andorinha.<\/p>\n<p>De acordo com o Calend\u00e1rio Nacional de Vacina\u00e7\u00e3o do Minist\u00e9rio da Sa\u00fade, a recomenda\u00e7\u00e3o para a prote\u00e7\u00e3o contra a p\u00f3lio \u00e9 de tr\u00eas doses da VIP (Vacina Inativa da Poliomielite) at\u00e9 1 ano de idade. A partir de 1 ano, at\u00e9 menos de 5, as crian\u00e7as que j\u00e1 tiverem tomado uma ou mais doses, receber\u00e3o a vacina oral da poliomielite, a chamada gotinha.<\/p>\n<p>No caso do sarampo, elas receber\u00e3o uma dose do tr\u00edplice viral, que protege contra a doen\u00e7a, al\u00e9m da rub\u00e9ola e caxumba, independentemente da situa\u00e7\u00e3o vacinal, desde que n\u00e3o tenham sido imunizadas nos \u00faltimos 30 dias.<\/p>\n<p><strong>Perguntas e respostas:<\/strong><\/p>\n<p><em><strong>Qual o foco da campanha?<\/strong><\/em><\/p>\n<p>Crian\u00e7as com idade entre 1 ano e 5 anos incompletos (4 anos, 11 meses e 29 dias).<\/p>\n<p><em><strong>Crian\u00e7as que j\u00e1 foram vacinadas anteriormente devem ser levadas aos postos?<\/strong><\/em><\/p>\n<p>Sim. Todas as crian\u00e7as com idade entre um ano e menores de cinco anos devem comparecer aos postos. Quem estiver com o esquema vacinal incompleto receber\u00e1 as doses necess\u00e1rias para atualiza\u00e7\u00e3o e quem estiver com o esquema vacinal completo receber\u00e1 outro refor\u00e7o.<\/p>\n<p><em><strong>H\u00e1 riscos ao tomar doses a mais?<\/strong><\/em><\/p>\n<p>N\u00e3o h\u00e1 riscos.<\/p>\n<p><em><strong>Alguma das vacinas t\u00eam contraindica\u00e7\u00e3o?<\/strong><\/em><\/p>\n<p>N\u00e3o, mas crian\u00e7as com doen\u00e7as imunossupressoras devem passar por avalia\u00e7\u00e3o m\u00e9dica.<\/p>\n<p><em><strong>Qual a vacina usada contra a p\u00f3lio?<\/strong><\/em><\/p>\n<p>Crian\u00e7as que nunca foram imunizadas contra a p\u00f3lio v\u00e3o receber a Vacina Inativada Poliomielite (VIP), na forma injet\u00e1vel. Crian\u00e7as que j\u00e1 receberam uma ou mais doses contra a p\u00f3lio v\u00e3o receber a Vacina Oral Poliomielite (VOP), na forma de gotinha.<\/p>\n<p><em><strong>Qual a vacina usada contra o sarampo?<\/strong><\/em><\/p>\n<p>A vacina contra o sarampo usada na campanha \u00e9 a tr\u00edplice viral, que protege tamb\u00e9m contra a rub\u00e9ola e a caxumba.<\/p>\n<p><em><strong>O que levar?<\/strong><\/em><\/p>\n<p>A caderneta de vacina\u00e7\u00e3o. Mas mesmo quem n\u00e3o tiver o documento deve procurar o posto de sa\u00fade para imuniza\u00e7\u00e3o.<\/p>\n<p><em><strong>Adultos participam da campanha?<\/strong><\/em><\/p>\n<p>N\u00e3o. A campanha tem como foco crian\u00e7as, mas conforme previsto no Calend\u00e1rio.<\/p>\n<p><em><strong>*Ascom Prefeitura Municipal de Andorinha &#8211; BA<\/strong><\/em><\/p>\n","protected":false},"excerpt":{"rendered":"<p>Andorinha prorrogou a campanha de vacina\u00e7\u00e3o contra a poliomielite e o sarampo at\u00e9 o dia 14 de setembro (sexta-feira). At\u00e9 agora, a taxa de cobertura no munic\u00edpio \u00e9 de 94,55%. A meta da campanha \u00e9 imunizar 95% das crian\u00e7as de 1 ano a 5 incompletos. A vacina\u00e7\u00e3o \u00e9 obrigat\u00f3ria e pais ou respons\u00e1veis devem procurar [&hellip;]<\/p>\n","protected":false},"author":2,"featured_media":27822,"comment_status":"open","ping_status":"open","sticky":false,"template":"","format":"standard","meta":{"_acf_changed":false,"_monsterinsights_skip_tracking":false,"_monsterinsights_sitenote_active":false,"_monsterinsights_sitenote_note":"","_monsterinsights_sitenote_category":0,"_jetpack_memberships_contains_paid_content":false,"footnotes":"","jetpack_publicize_message":"","jetpack_publicize_feature_enabled":true,"jetpack_social_post_already_shared":true,"jetpack_social_options":{"image_generator_settings":{"template":"highway","default_image_id":0,"font":"","enabled":false},"version":2}},"categories":[1,11,7],"tags":[],"class_list":["post-27821","post","type-post","status-publish","format-standard","has-post-thumbnail","hentry","category-noticias","category-regional","category-saude"],"acf":[],"jetpack_publicize_connections":[],"jetpack_featured_media_url":"https:\/\/i0.wp.com\/blogdoeloiltoncajuhy.com.br\/site\/wp-content\/uploads\/2018\/09\/campanha-de-vacinacao-contra-a-poliomielitw-e-o-sarampo-3.jpg?fit=600%2C400&ssl=1","jetpack_sharing_enabled":true,"publishpress_future_workflow_manual_trigger":{"enabledWorkflows":[]},"_links":{"self":[{"href":"https:\/\/blogdoeloiltoncajuhy.com.br\/site\/wp-json\/wp\/v2\/posts\/27821","targetHints":{"allow":["GET"]}}],"collection":[{"href":"https:\/\/blogdoeloiltoncajuhy.com.br\/site\/wp-json\/wp\/v2\/posts"}],"about":[{"href":"https:\/\/blogdoeloiltoncajuhy.com.br\/site\/wp-json\/wp\/v2\/types\/post"}],"author":[{"embeddable":true,"href":"https:\/\/blogdoeloiltoncajuhy.com.br\/site\/wp-json\/wp\/v2\/users\/2"}],"replies":[{"embeddable":true,"href":"https:\/\/blogdoeloiltoncajuhy.com.br\/site\/wp-json\/wp\/v2\/comments?post=27821"}],"version-history":[{"count":2,"href":"https:\/\/blogdoeloiltoncajuhy.com.br\/site\/wp-json\/wp\/v2\/posts\/27821\/revisions"}],"predecessor-version":[{"id":27832,"href":"https:\/\/blogdoeloiltoncajuhy.com.br\/site\/wp-json\/wp\/v2\/posts\/27821\/revisions\/27832"}],"wp:featuredmedia":[{"embeddable":true,"href":"https:\/\/blogdoeloiltoncajuhy.com.br\/site\/wp-json\/wp\/v2\/media\/27822"}],"wp:attachment":[{"href":"https:\/\/blogdoeloiltoncajuhy.com.br\/site\/wp-json\/wp\/v2\/media?parent=27821"}],"wp:term":[{"taxonomy":"category","embeddable":true,"href":"https:\/\/blogdoeloiltoncajuhy.com.br\/site\/wp-json\/wp\/v2\/categories?post=27821"},{"taxonomy":"post_tag","embeddable":true,"href":"https:\/\/blogdoeloiltoncajuhy.com.br\/site\/wp-json\/wp\/v2\/tags?post=27821"}],"curies":[{"name":"wp","href":"https:\/\/api.w.org\/{rel}","templated":true}]}}