{"id":27457,"date":"2018-08-24T11:40:29","date_gmt":"2018-08-24T14:40:29","guid":{"rendered":"http:\/\/blogdoeloiltoncajuhy.com.br\/site\/?p=27457"},"modified":"2018-08-24T11:40:29","modified_gmt":"2018-08-24T14:40:29","slug":"bonfim-carlos-brasileiro-participa-de-inauguracao-de-sistema-de-abastecimento-de-agua-no-interior-do-municipio","status":"publish","type":"post","link":"https:\/\/blogdoeloiltoncajuhy.com.br\/site\/bonfim-carlos-brasileiro-participa-de-inauguracao-de-sistema-de-abastecimento-de-agua-no-interior-do-municipio\/","title":{"rendered":"BONFIM: Carlos Brasileiro participa de inaugura\u00e7\u00e3o de sistema de abastecimento de \u00e1gua no interior do munic\u00edpio"},"content":{"rendered":"<p><a href=\"https:\/\/i0.wp.com\/blogdoeloiltoncajuhy.com.br\/site\/wp-content\/uploads\/2018\/08\/inaugura%C3%A7%C3%A3o-agua-queimado.jpg\"><img data-recalc-dims=\"1\" fetchpriority=\"high\" decoding=\"async\" class=\"size-full wp-image-27458 alignright\" src=\"https:\/\/i0.wp.com\/blogdoeloiltoncajuhy.com.br\/site\/wp-content\/uploads\/2018\/08\/inaugura%C3%A7%C3%A3o-agua-queimado.jpg?resize=420%2C280\" alt=\"\" width=\"420\" height=\"280\" srcset=\"https:\/\/i0.wp.com\/blogdoeloiltoncajuhy.com.br\/site\/wp-content\/uploads\/2018\/08\/inaugura%C3%A7%C3%A3o-agua-queimado.jpg?w=420&amp;ssl=1 420w, https:\/\/i0.wp.com\/blogdoeloiltoncajuhy.com.br\/site\/wp-content\/uploads\/2018\/08\/inaugura%C3%A7%C3%A3o-agua-queimado.jpg?resize=300%2C200&amp;ssl=1 300w, https:\/\/i0.wp.com\/blogdoeloiltoncajuhy.com.br\/site\/wp-content\/uploads\/2018\/08\/inaugura%C3%A7%C3%A3o-agua-queimado.jpg?resize=250%2C167&amp;ssl=1 250w\" sizes=\"(max-width: 420px) 100vw, 420px\" \/><\/a>Os moradores da Fazenda Queimado realizaram um grande sonho na \u00faltima quarta-feira, 22 de agosto, quando foi inaugurado oficialmente o sistema de abastecimento de \u00e1gua tratada na comunidade.<\/p>\n<p>O sistema est\u00e1 beneficiando com \u00e1gua de qualidade cerca de 400 pessoas que dependiam de cisternas com \u00e1gua da chuva e carro-pipa para suprir as necessidades do dia a dia, inclusive para atender o consumo humano.<\/p>\n<p>Ao todo, foram implantados mais de 14 mil metros de tubula\u00e7\u00e3o. \u201c<em>Em cada real que investimos em saneamento e abastecimento, estamos economizando 4 reais em sa\u00fade. Esse empreendimento vai gerar sa\u00fade e qualidade de vida a popula\u00e7\u00e3o<\/em>\u201d, pontua o gerente da Embasa, Raimundo Nonato.<\/p>\n<p>Al\u00e9m da Fazenda Queimado, o abastecimento com \u00e1gua tratada est\u00e1 beneficiando as localidades de Lagoa do Boi, Caldeir\u00e3o do Boi, Junco e Sim\u00e3o.<\/p>\n<p>\u201c<em>Essa obra \u00e9 motivo de grande satisfa\u00e7\u00e3o. Gra\u00e7as aos nossos parceiros, governo do estado, sindicato e o nosso prefeito Carlos Brasileiro, que n\u00e3o tem medido esfor\u00e7os para levar dignidade para nossa popula\u00e7\u00e3o do campo<\/em>\u201d, salienta o vereador R\u00ea do Sindicato.<\/p>\n<p>A aposentada Maria Luiza, mora h\u00e1 56 anos na Fazenda Queimado. Ela e mais oito resid\u00eancias de familiares passaram a receber \u00e1gua encanada. \u201c<em>Foi bom pra todos n\u00f3s. Agora facilitou mais, gra\u00e7as a Deus est\u00e1 bom demais<\/em>\u201d, elogia dona Maria.<\/p>\n<p>A \u00e1gua tratada chega encanada nas torneiras das resid\u00eancias vinda da barragem de Ponto Novo. \u201c<em>Eles[moradores] est\u00e3o super felizes. \u00c9 vida que chega, uma vez que \u00e1gua \u00e9 vida<\/em>\u201d, enfatiza a secret\u00e1ria de Desenvolvimento da Agricultura Familiar, Damiana Duarte.<\/p>\n<p>Durante sua fala na solenidade de inaugura\u00e7\u00e3o, o prefeito ,emocionado, lembrou o esfor\u00e7o de longa data para trazer \u00e1gua de boa qualidade para os moradores e anunciou novos investimentos para outras comunidades rurais do munic\u00edpio.<\/p>\n<p>\u201c<em>Ver a alegria e o brilho nos olhos dessas pessoas n\u00e3o tem pre\u00e7o. Este projeto a gente trabalha desde quando era deputado. Estamos muito felizes. Aproveito para agradecer ao governador Rui Costa e o deputado Bob\u00f4, que deu o aval junto a Cerb<\/em>\u201d, lembra Carlos Brasileiro.<\/p>\n<p>Ainda segundo o prefeito, os novos investimentos do Programa Bonfim em Desenvolvimento para levar \u00e1gua tratada para comunidades rurais do munic\u00edpio v\u00e3o beneficiar as comunidades de Tei\u00fa, Boa Esperan\u00e7a, Pedro de Souza, V\u00e1rzea dos Porcos e Lagoa do Peixe, na regi\u00e3o de Lim\u00f5es.<\/p>\n<p>\u201c<em>Os recursos est\u00e3o garantidos por meio da Funasa e superam R$ 300 mil de investimento para levar \u00e1gua para essas localidades. E na pr\u00f3xima semana ser\u00e1 inaugurada a extens\u00e3o de \u00e1gua de Cariac\u00e1, que vai beneficiar mais 40 fam\u00edlias. \u00c9 juntando as m\u00e3os que a gente consegue avan\u00e7ar<\/em>\u201d, destaca Brasileiro.<\/p>\n<p>O investimento para constru\u00e7\u00e3o do sistema de abastecimento de \u00e1gua realizado pela Embasa, por meio do Fundo Estadual de Combate e Erradica\u00e7\u00e3o da Pobreza (Funcep), foi de cerca de R$ 220 mil.<\/p>\n<p>Participaram tamb\u00e9m do evento, o vice-prefeito Jos\u00e9 Ant\u00f4nio, a superintendente da secret\u00e1ria de Meio Ambiente, Bernadeth Rocha, lideran\u00e7as comunit\u00e1rias e moradores de diversas comunidades rurais.<\/p>\n<p><em><strong>*ASCOM &#8211; Prefeitura Municipal de Senhor do Bonfim &#8211; BA<br \/>\n<\/strong>Telefones: 74 3541-8366 \/ 99110-9117<\/em><br \/>\n<em>Endere\u00e7o: Pra\u00e7a Juracy Magalh\u00e3es, 126<\/em><br \/>\n<em>E-MAIL: ascom@pmsb.ba.gov.br <\/em><br \/>\n<em>SITE OFICIAL: www.pmsb.ba.gov.br<\/em><br \/>\n<em>FAN PAGE: www.facebook.com\/oficialpmsb<\/em><\/p>\n","protected":false},"excerpt":{"rendered":"<p>Os moradores da Fazenda Queimado realizaram um grande sonho na \u00faltima quarta-feira, 22 de agosto, quando foi inaugurado oficialmente o sistema de abastecimento de \u00e1gua tratada na comunidade. O sistema est\u00e1 beneficiando com \u00e1gua de qualidade cerca de 400 pessoas que dependiam de cisternas com \u00e1gua da chuva e carro-pipa para suprir as necessidades do [&hellip;]<\/p>\n","protected":false},"author":2,"featured_media":27458,"comment_status":"open","ping_status":"open","sticky":false,"template":"","format":"standard","meta":{"_acf_changed":false,"_monsterinsights_skip_tracking":false,"_monsterinsights_sitenote_active":false,"_monsterinsights_sitenote_note":"","_monsterinsights_sitenote_category":0,"_jetpack_memberships_contains_paid_content":false,"footnotes":"","jetpack_publicize_message":"","jetpack_publicize_feature_enabled":true,"jetpack_social_post_already_shared":true,"jetpack_social_options":{"image_generator_settings":{"template":"highway","default_image_id":0,"font":"","enabled":false},"version":2}},"categories":[1,3,4],"tags":[],"class_list":["post-27457","post","type-post","status-publish","format-standard","has-post-thumbnail","hentry","category-noticias","category-politica","category-local"],"acf":[],"jetpack_publicize_connections":[],"jetpack_featured_media_url":"https:\/\/i0.wp.com\/blogdoeloiltoncajuhy.com.br\/site\/wp-content\/uploads\/2018\/08\/inaugura%C3%A7%C3%A3o-agua-queimado.jpg?fit=420%2C280&ssl=1","jetpack_sharing_enabled":true,"publishpress_future_workflow_manual_trigger":{"enabledWorkflows":[]},"_links":{"self":[{"href":"https:\/\/blogdoeloiltoncajuhy.com.br\/site\/wp-json\/wp\/v2\/posts\/27457","targetHints":{"allow":["GET"]}}],"collection":[{"href":"https:\/\/blogdoeloiltoncajuhy.com.br\/site\/wp-json\/wp\/v2\/posts"}],"about":[{"href":"https:\/\/blogdoeloiltoncajuhy.com.br\/site\/wp-json\/wp\/v2\/types\/post"}],"author":[{"embeddable":true,"href":"https:\/\/blogdoeloiltoncajuhy.com.br\/site\/wp-json\/wp\/v2\/users\/2"}],"replies":[{"embeddable":true,"href":"https:\/\/blogdoeloiltoncajuhy.com.br\/site\/wp-json\/wp\/v2\/comments?post=27457"}],"version-history":[{"count":1,"href":"https:\/\/blogdoeloiltoncajuhy.com.br\/site\/wp-json\/wp\/v2\/posts\/27457\/revisions"}],"predecessor-version":[{"id":27459,"href":"https:\/\/blogdoeloiltoncajuhy.com.br\/site\/wp-json\/wp\/v2\/posts\/27457\/revisions\/27459"}],"wp:featuredmedia":[{"embeddable":true,"href":"https:\/\/blogdoeloiltoncajuhy.com.br\/site\/wp-json\/wp\/v2\/media\/27458"}],"wp:attachment":[{"href":"https:\/\/blogdoeloiltoncajuhy.com.br\/site\/wp-json\/wp\/v2\/media?parent=27457"}],"wp:term":[{"taxonomy":"category","embeddable":true,"href":"https:\/\/blogdoeloiltoncajuhy.com.br\/site\/wp-json\/wp\/v2\/categories?post=27457"},{"taxonomy":"post_tag","embeddable":true,"href":"https:\/\/blogdoeloiltoncajuhy.com.br\/site\/wp-json\/wp\/v2\/tags?post=27457"}],"curies":[{"name":"wp","href":"https:\/\/api.w.org\/{rel}","templated":true}]}}