{"id":27451,"date":"2018-08-24T07:41:29","date_gmt":"2018-08-24T10:41:29","guid":{"rendered":"http:\/\/blogdoeloiltoncajuhy.com.br\/site\/?p=27451"},"modified":"2018-08-24T07:41:29","modified_gmt":"2018-08-24T10:41:29","slug":"empregos-assembleia-legislativa-da-bahia-abre-120-vagas-em-concurso-salario-e-de-r-6-mil","status":"publish","type":"post","link":"https:\/\/blogdoeloiltoncajuhy.com.br\/site\/empregos-assembleia-legislativa-da-bahia-abre-120-vagas-em-concurso-salario-e-de-r-6-mil\/","title":{"rendered":"EMPREGOS: Assembleia Legislativa da Bahia abre 120 vagas em concurso; sal\u00e1rio \u00e9 de R$ 6 mil"},"content":{"rendered":"<h5 style=\"text-align: center;\">Exame ser\u00e1 composto de quatro etapas: prova objetiva discursiva, teste de aptid\u00e3o f\u00edsica, avalia\u00e7\u00e3o psicol\u00f3gica e investiga\u00e7\u00e3o social documental<\/h5>\n<figure id=\"attachment_27452\" aria-describedby=\"caption-attachment-27452\" style=\"width: 560px\" class=\"wp-caption aligncenter\"><a href=\"https:\/\/i0.wp.com\/blogdoeloiltoncajuhy.com.br\/site\/wp-content\/uploads\/2018\/08\/alba.jpg\"><img data-recalc-dims=\"1\" fetchpriority=\"high\" decoding=\"async\" class=\"wp-image-27452 size-full\" src=\"https:\/\/i0.wp.com\/blogdoeloiltoncajuhy.com.br\/site\/wp-content\/uploads\/2018\/08\/alba.jpg?resize=560%2C360\" alt=\"\" width=\"560\" height=\"360\" srcset=\"https:\/\/i0.wp.com\/blogdoeloiltoncajuhy.com.br\/site\/wp-content\/uploads\/2018\/08\/alba.jpg?w=560&amp;ssl=1 560w, https:\/\/i0.wp.com\/blogdoeloiltoncajuhy.com.br\/site\/wp-content\/uploads\/2018\/08\/alba.jpg?resize=300%2C193&amp;ssl=1 300w, https:\/\/i0.wp.com\/blogdoeloiltoncajuhy.com.br\/site\/wp-content\/uploads\/2018\/08\/alba.jpg?resize=250%2C161&amp;ssl=1 250w\" sizes=\"(max-width: 560px) 100vw, 560px\" \/><\/a><figcaption id=\"caption-attachment-27452\" class=\"wp-caption-text\">Foto: Reprodu\u00e7\u00e3o<\/figcaption><\/figure>\n<p>A Assembleia Legislativa da Bahia vai abrir concurso com 120 vagas para agente de pol\u00edcia legislativa e outros cargos de n\u00edveis m\u00e9dio e superior. De acordo com a Folha Dirigida, a Funda\u00e7\u00e3o Get\u00falio Vargas \u00e9 a banca organizadora e o edital deve ser liberado em breve.<\/p>\n<p>Para n\u00edvel m\u00e9dio s\u00e3o ao todo 54 vagas para agente de pol\u00edcia legislativa e 38 para o quadro t\u00e9cnico legislativo. Para n\u00edvel superior s\u00e3o 28 vagas para analista legislativo. Ao todo, 5% das vagas s\u00e3o reservadas para pessoas com defici\u00eancia.<\/p>\n<p>A remunera\u00e7\u00e3o inicial para t\u00e9cnico administrativo \u00e9 de R$5.8883,81 e R$6.960,87 para analista legislativo, de n\u00edvel superior.\u00a0O exame ser\u00e1 composto de quatro etapas: prova objetiva discursiva, teste de aptid\u00e3o f\u00edsica, avalia\u00e7\u00e3o psicol\u00f3gica e investiga\u00e7\u00e3o social documental.<\/p>\n<p><em><strong>*Ibahia<\/strong><\/em><\/p>\n","protected":false},"excerpt":{"rendered":"<p>Exame ser\u00e1 composto de quatro etapas: prova objetiva discursiva, teste de aptid\u00e3o f\u00edsica, avalia\u00e7\u00e3o psicol\u00f3gica e investiga\u00e7\u00e3o social documental A Assembleia Legislativa da Bahia vai abrir concurso com 120 vagas para agente de pol\u00edcia legislativa e outros cargos de n\u00edveis m\u00e9dio e superior. De acordo com a Folha Dirigida, a Funda\u00e7\u00e3o Get\u00falio Vargas \u00e9 a [&hellip;]<\/p>\n","protected":false},"author":2,"featured_media":27452,"comment_status":"open","ping_status":"open","sticky":false,"template":"","format":"standard","meta":{"_acf_changed":false,"_monsterinsights_skip_tracking":false,"_monsterinsights_sitenote_active":false,"_monsterinsights_sitenote_note":"","_monsterinsights_sitenote_category":0,"_jetpack_memberships_contains_paid_content":false,"footnotes":"","jetpack_publicize_message":"","jetpack_publicize_feature_enabled":true,"jetpack_social_post_already_shared":true,"jetpack_social_options":{"image_generator_settings":{"template":"highway","default_image_id":0,"font":"","enabled":false},"version":2}},"categories":[5,1],"tags":[],"class_list":["post-27451","post","type-post","status-publish","format-standard","has-post-thumbnail","hentry","category-cotidiano","category-noticias"],"acf":[],"jetpack_publicize_connections":[],"jetpack_featured_media_url":"https:\/\/i0.wp.com\/blogdoeloiltoncajuhy.com.br\/site\/wp-content\/uploads\/2018\/08\/alba.jpg?fit=560%2C360&ssl=1","jetpack_sharing_enabled":true,"publishpress_future_workflow_manual_trigger":{"enabledWorkflows":[]},"_links":{"self":[{"href":"https:\/\/blogdoeloiltoncajuhy.com.br\/site\/wp-json\/wp\/v2\/posts\/27451","targetHints":{"allow":["GET"]}}],"collection":[{"href":"https:\/\/blogdoeloiltoncajuhy.com.br\/site\/wp-json\/wp\/v2\/posts"}],"about":[{"href":"https:\/\/blogdoeloiltoncajuhy.com.br\/site\/wp-json\/wp\/v2\/types\/post"}],"author":[{"embeddable":true,"href":"https:\/\/blogdoeloiltoncajuhy.com.br\/site\/wp-json\/wp\/v2\/users\/2"}],"replies":[{"embeddable":true,"href":"https:\/\/blogdoeloiltoncajuhy.com.br\/site\/wp-json\/wp\/v2\/comments?post=27451"}],"version-history":[{"count":1,"href":"https:\/\/blogdoeloiltoncajuhy.com.br\/site\/wp-json\/wp\/v2\/posts\/27451\/revisions"}],"predecessor-version":[{"id":27453,"href":"https:\/\/blogdoeloiltoncajuhy.com.br\/site\/wp-json\/wp\/v2\/posts\/27451\/revisions\/27453"}],"wp:featuredmedia":[{"embeddable":true,"href":"https:\/\/blogdoeloiltoncajuhy.com.br\/site\/wp-json\/wp\/v2\/media\/27452"}],"wp:attachment":[{"href":"https:\/\/blogdoeloiltoncajuhy.com.br\/site\/wp-json\/wp\/v2\/media?parent=27451"}],"wp:term":[{"taxonomy":"category","embeddable":true,"href":"https:\/\/blogdoeloiltoncajuhy.com.br\/site\/wp-json\/wp\/v2\/categories?post=27451"},{"taxonomy":"post_tag","embeddable":true,"href":"https:\/\/blogdoeloiltoncajuhy.com.br\/site\/wp-json\/wp\/v2\/tags?post=27451"}],"curies":[{"name":"wp","href":"https:\/\/api.w.org\/{rel}","templated":true}]}}