{"id":27445,"date":"2018-08-24T06:50:48","date_gmt":"2018-08-24T09:50:48","guid":{"rendered":"http:\/\/blogdoeloiltoncajuhy.com.br\/site\/?p=27445"},"modified":"2018-08-24T06:50:48","modified_gmt":"2018-08-24T09:50:48","slug":"prefeitura-de-bonfim-inaugura-mais-uma-sala-de-recursos-multifuncionais-na-semana-da-pessoa-com-deficiencia","status":"publish","type":"post","link":"https:\/\/blogdoeloiltoncajuhy.com.br\/site\/prefeitura-de-bonfim-inaugura-mais-uma-sala-de-recursos-multifuncionais-na-semana-da-pessoa-com-deficiencia\/","title":{"rendered":"Prefeitura de Bonfim inaugura mais uma Sala de Recursos Multifuncionais na Semana da Pessoa com Defici\u00eancia"},"content":{"rendered":"<p><a href=\"https:\/\/i0.wp.com\/blogdoeloiltoncajuhy.com.br\/site\/wp-content\/uploads\/2018\/08\/sala-recursos-austricliano.jpg\"><img data-recalc-dims=\"1\" fetchpriority=\"high\" decoding=\"async\" class=\"size-full wp-image-27446 alignleft\" src=\"https:\/\/i0.wp.com\/blogdoeloiltoncajuhy.com.br\/site\/wp-content\/uploads\/2018\/08\/sala-recursos-austricliano.jpg?resize=420%2C280\" alt=\"\" width=\"420\" height=\"280\" srcset=\"https:\/\/i0.wp.com\/blogdoeloiltoncajuhy.com.br\/site\/wp-content\/uploads\/2018\/08\/sala-recursos-austricliano.jpg?w=420&amp;ssl=1 420w, https:\/\/i0.wp.com\/blogdoeloiltoncajuhy.com.br\/site\/wp-content\/uploads\/2018\/08\/sala-recursos-austricliano.jpg?resize=300%2C200&amp;ssl=1 300w, https:\/\/i0.wp.com\/blogdoeloiltoncajuhy.com.br\/site\/wp-content\/uploads\/2018\/08\/sala-recursos-austricliano.jpg?resize=250%2C167&amp;ssl=1 250w\" sizes=\"(max-width: 420px) 100vw, 420px\" \/><\/a>A Prefeitura de Senhor do Bonfim, por meio da Secretaria Municipal de Educa\u00e7\u00e3o, inaugurou mais uma Sala de Recursos Multifuncionais (SRM). A a\u00e7\u00e3o acontece durante a realiza\u00e7\u00e3o da Semana da Pessoa com Defici\u00eancia, que est\u00e1 sendo comemorada de 21 a 28 de agosto.<\/p>\n<p>A sala trata-se de um espa\u00e7o para Atendimento Educacional Especializado (AEE) e foi instalada na Escola Municipal Austricliano de Carvalho, que fica no bairro do Derba. Na abertura da semana, a creche Fernando Dantas, no Alto da Maravilha, tamb\u00e9m foi contemplada com uma SRM.<\/p>\n<p>&#8220;<em>O espa\u00e7o visa oferecer suporte \u00e0s necessidades educacionais dos educandos com defici\u00eancia, favorecendo seu acesso ao conhecimento e desenvolvimento de compet\u00eancias e habilidades pr\u00f3prias<\/em>\u201d, destaca a secret\u00e1ria de Educa\u00e7\u00e3o, Cristiane Maia.<\/p>\n<p>No espa\u00e7o ser\u00e3o atendidos alunos com defici\u00eancia, transtornos globais do desenvolvimento, deficientes sensoriais, deficientes intelectuais e altas habilidades ou superdota\u00e7\u00e3o, cujo atendimento ser\u00e1 realizado em turno oposto ao da classe comum.<\/p>\n<p>Na solenidade de inaugura\u00e7\u00e3o, participaram o diretor da escola, Ant\u00f4nio Messias, a coordenadora municipal de educa\u00e7\u00e3o especial\/inclusiva, Ednalda Alves da Silva, orientadores, coordenadores, pais, alunos e professores do AEE.<\/p>\n<p>A sala de Recursos Multifuncionais foi a 26\u00aa inaugurada na rede municipal de ensino. A programa\u00e7\u00e3o alusiva a pessoa com defici\u00eancia continua na sexta-feira, 24, com uma mesa redonda a partir das 8 horas da manh\u00e3, na C\u00e2mara de Vereadores.<\/p>\n<p>Fazendo parte da programa\u00e7\u00e3o, acontece at\u00e9 o dia 27, trabalhos de sensibiliza\u00e7\u00e3o nas escolas e institui\u00e7\u00f5es p\u00fablicas do munic\u00edpio. No \u00faltimo dia, 28 de agosto (ter\u00e7a-feira), uma caminhada vai encerrar a programa\u00e7\u00e3o. A concentra\u00e7\u00e3o ser\u00e1 na Pra\u00e7a Nova do Congresso, a partir das 8 horas da manh\u00e3.<\/p>\n<p>A Semana da Pessoa com Defici\u00eancia tem como proposta promover a\u00e7\u00f5es de inclus\u00e3o social e de combate ao preconceito e \u00e0 discrimina\u00e7\u00e3o contra as pessoas com defici\u00eancia, al\u00e9m de sensibilizar governos e comunidades em rela\u00e7\u00e3o \u00e0s potencialidades das pessoas com defici\u00eancia intelectual e m\u00faltipla, e chamar a aten\u00e7\u00e3o para suas necessidades, tanto para a defini\u00e7\u00e3o de pol\u00edticas p\u00fablicas quanto para o combate ao preconceito.<\/p>\n<p><em><strong>*Ascom Prefeitura Municipal de Senhor do Bonfim-BA<\/strong><\/em><\/p>\n","protected":false},"excerpt":{"rendered":"<p>A Prefeitura de Senhor do Bonfim, por meio da Secretaria Municipal de Educa\u00e7\u00e3o, inaugurou mais uma Sala de Recursos Multifuncionais (SRM). A a\u00e7\u00e3o acontece durante a realiza\u00e7\u00e3o da Semana da Pessoa com Defici\u00eancia, que est\u00e1 sendo comemorada de 21 a 28 de agosto. A sala trata-se de um espa\u00e7o para Atendimento Educacional Especializado (AEE) e [&hellip;]<\/p>\n","protected":false},"author":2,"featured_media":27446,"comment_status":"open","ping_status":"open","sticky":false,"template":"","format":"standard","meta":{"_acf_changed":false,"_monsterinsights_skip_tracking":false,"_monsterinsights_sitenote_active":false,"_monsterinsights_sitenote_note":"","_monsterinsights_sitenote_category":0,"_jetpack_memberships_contains_paid_content":false,"footnotes":"","jetpack_publicize_message":"","jetpack_publicize_feature_enabled":true,"jetpack_social_post_already_shared":true,"jetpack_social_options":{"image_generator_settings":{"template":"highway","default_image_id":0,"font":"","enabled":false},"version":2}},"categories":[14,1,4],"tags":[],"class_list":["post-27445","post","type-post","status-publish","format-standard","has-post-thumbnail","hentry","category-educacao","category-noticias","category-local"],"acf":[],"jetpack_publicize_connections":[],"jetpack_featured_media_url":"https:\/\/i0.wp.com\/blogdoeloiltoncajuhy.com.br\/site\/wp-content\/uploads\/2018\/08\/sala-recursos-austricliano.jpg?fit=420%2C280&ssl=1","jetpack_sharing_enabled":true,"publishpress_future_workflow_manual_trigger":{"enabledWorkflows":[]},"_links":{"self":[{"href":"https:\/\/blogdoeloiltoncajuhy.com.br\/site\/wp-json\/wp\/v2\/posts\/27445","targetHints":{"allow":["GET"]}}],"collection":[{"href":"https:\/\/blogdoeloiltoncajuhy.com.br\/site\/wp-json\/wp\/v2\/posts"}],"about":[{"href":"https:\/\/blogdoeloiltoncajuhy.com.br\/site\/wp-json\/wp\/v2\/types\/post"}],"author":[{"embeddable":true,"href":"https:\/\/blogdoeloiltoncajuhy.com.br\/site\/wp-json\/wp\/v2\/users\/2"}],"replies":[{"embeddable":true,"href":"https:\/\/blogdoeloiltoncajuhy.com.br\/site\/wp-json\/wp\/v2\/comments?post=27445"}],"version-history":[{"count":1,"href":"https:\/\/blogdoeloiltoncajuhy.com.br\/site\/wp-json\/wp\/v2\/posts\/27445\/revisions"}],"predecessor-version":[{"id":27447,"href":"https:\/\/blogdoeloiltoncajuhy.com.br\/site\/wp-json\/wp\/v2\/posts\/27445\/revisions\/27447"}],"wp:featuredmedia":[{"embeddable":true,"href":"https:\/\/blogdoeloiltoncajuhy.com.br\/site\/wp-json\/wp\/v2\/media\/27446"}],"wp:attachment":[{"href":"https:\/\/blogdoeloiltoncajuhy.com.br\/site\/wp-json\/wp\/v2\/media?parent=27445"}],"wp:term":[{"taxonomy":"category","embeddable":true,"href":"https:\/\/blogdoeloiltoncajuhy.com.br\/site\/wp-json\/wp\/v2\/categories?post=27445"},{"taxonomy":"post_tag","embeddable":true,"href":"https:\/\/blogdoeloiltoncajuhy.com.br\/site\/wp-json\/wp\/v2\/tags?post=27445"}],"curies":[{"name":"wp","href":"https:\/\/api.w.org\/{rel}","templated":true}]}}