{"id":27441,"date":"2018-08-24T06:39:50","date_gmt":"2018-08-24T09:39:50","guid":{"rendered":"http:\/\/blogdoeloiltoncajuhy.com.br\/site\/?p=27441"},"modified":"2018-08-24T06:39:50","modified_gmt":"2018-08-24T09:39:50","slug":"andorinha-caravana-acao-cidadania-sera-realizada-em-medrado-na-quinta-feira-30-de-agosto","status":"publish","type":"post","link":"https:\/\/blogdoeloiltoncajuhy.com.br\/site\/andorinha-caravana-acao-cidadania-sera-realizada-em-medrado-na-quinta-feira-30-de-agosto\/","title":{"rendered":"ANDORINHA: Caravana A\u00e7\u00e3o Cidadania ser\u00e1 realizada em Medrado na quinta-feira, 30 de agosto"},"content":{"rendered":"<p><a href=\"https:\/\/i0.wp.com\/blogdoeloiltoncajuhy.com.br\/site\/wp-content\/uploads\/2018\/08\/caravana-acao-cidadania.png\"><img data-recalc-dims=\"1\" fetchpriority=\"high\" decoding=\"async\" class=\"aligncenter size-full wp-image-27442\" src=\"https:\/\/i0.wp.com\/blogdoeloiltoncajuhy.com.br\/site\/wp-content\/uploads\/2018\/08\/caravana-acao-cidadania.png?resize=500%2C333\" alt=\"\" width=\"500\" height=\"333\" srcset=\"https:\/\/i0.wp.com\/blogdoeloiltoncajuhy.com.br\/site\/wp-content\/uploads\/2018\/08\/caravana-acao-cidadania.png?w=500&amp;ssl=1 500w, https:\/\/i0.wp.com\/blogdoeloiltoncajuhy.com.br\/site\/wp-content\/uploads\/2018\/08\/caravana-acao-cidadania.png?resize=300%2C200&amp;ssl=1 300w, https:\/\/i0.wp.com\/blogdoeloiltoncajuhy.com.br\/site\/wp-content\/uploads\/2018\/08\/caravana-acao-cidadania.png?resize=250%2C167&amp;ssl=1 250w\" sizes=\"(max-width: 500px) 100vw, 500px\" \/><\/a>Com o objetivo de levar os servi\u00e7os ofertados pela Prefeitura para os moradores da sede e zona rural, a Prefeitura de Andorinha realiza na pr\u00f3xima quinta-feira, 30 de agosto, o programa Caravana A\u00e7\u00e3o e Cidadania.<\/p>\n<p>A 2\u00aa edi\u00e7\u00e3o do projeto vai acontecer na comunidade de Medrado, interior do munic\u00edpio. O projeto \u00e9 coordenado pela Secretaria de A\u00e7\u00e3o Social, em parceria com todas as secretarias governamentais.<\/p>\n<p>Cerca de 50 servi\u00e7os ser\u00e3o ofertados de forma gratuita para os moradores da comunidade e adjac\u00eancias.<\/p>\n<p><strong><a href=\"https:\/\/i0.wp.com\/blogdoeloiltoncajuhy.com.br\/site\/wp-content\/uploads\/2018\/08\/caravana-acao-cidadania-prefeito.png\"><img data-recalc-dims=\"1\" decoding=\"async\" class=\"aligncenter size-full wp-image-27443\" src=\"https:\/\/i0.wp.com\/blogdoeloiltoncajuhy.com.br\/site\/wp-content\/uploads\/2018\/08\/caravana-acao-cidadania-prefeito.png?resize=500%2C375\" alt=\"\" width=\"500\" height=\"375\" srcset=\"https:\/\/i0.wp.com\/blogdoeloiltoncajuhy.com.br\/site\/wp-content\/uploads\/2018\/08\/caravana-acao-cidadania-prefeito.png?w=500&amp;ssl=1 500w, https:\/\/i0.wp.com\/blogdoeloiltoncajuhy.com.br\/site\/wp-content\/uploads\/2018\/08\/caravana-acao-cidadania-prefeito.png?resize=300%2C225&amp;ssl=1 300w, https:\/\/i0.wp.com\/blogdoeloiltoncajuhy.com.br\/site\/wp-content\/uploads\/2018\/08\/caravana-acao-cidadania-prefeito.png?resize=250%2C188&amp;ssl=1 250w\" sizes=\"(max-width: 500px) 100vw, 500px\" \/><\/a>Entre os servi\u00e7os oferecidos est\u00e3o os seguintes:<\/strong><\/p>\n<p>Exame de Ultrassom, Limpeza P\u00fablica, Aferi\u00e7\u00e3o de Press\u00e3o, Palestra, Cadastro e Recadastramento do Bolsa Fam\u00edlia, Atendimento Psicossocial, Projeto Proativo, Recrea\u00e7\u00e3o Infantil, Distribui\u00e7\u00e3o de Mudas Frut\u00edferas e Nativas, Manuten\u00e7\u00e3o da Ilumina\u00e7\u00e3o P\u00fablica, Atendimento Veterin\u00e1rio, entre outros.<\/p>\n<p>Durante o evento, o prefeito tamb\u00e9m ir\u00e1 atender a popula\u00e7\u00e3o no gabinete Itinerante. Os atendimentos acontecer\u00e3o na Escola Municipal de Medrado, das 8h \u00e0s 15 horas.<\/p>\n<p><em><strong>*Ascom Prefeitura Municipal de Andorinha-BA<\/strong><\/em><\/p>\n","protected":false},"excerpt":{"rendered":"<p>Com o objetivo de levar os servi\u00e7os ofertados pela Prefeitura para os moradores da sede e zona rural, a Prefeitura de Andorinha realiza na pr\u00f3xima quinta-feira, 30 de agosto, o programa Caravana A\u00e7\u00e3o e Cidadania. A 2\u00aa edi\u00e7\u00e3o do projeto vai acontecer na comunidade de Medrado, interior do munic\u00edpio. O projeto \u00e9 coordenado pela Secretaria [&hellip;]<\/p>\n","protected":false},"author":2,"featured_media":27443,"comment_status":"open","ping_status":"open","sticky":false,"template":"","format":"standard","meta":{"_acf_changed":false,"_monsterinsights_skip_tracking":false,"_monsterinsights_sitenote_active":false,"_monsterinsights_sitenote_note":"","_monsterinsights_sitenote_category":0,"_jetpack_memberships_contains_paid_content":false,"footnotes":"","jetpack_publicize_message":"","jetpack_publicize_feature_enabled":true,"jetpack_social_post_already_shared":true,"jetpack_social_options":{"image_generator_settings":{"template":"highway","default_image_id":0,"font":"","enabled":false},"version":2}},"categories":[1,3,11],"tags":[],"class_list":["post-27441","post","type-post","status-publish","format-standard","has-post-thumbnail","hentry","category-noticias","category-politica","category-regional"],"acf":[],"jetpack_publicize_connections":[],"jetpack_featured_media_url":"https:\/\/i0.wp.com\/blogdoeloiltoncajuhy.com.br\/site\/wp-content\/uploads\/2018\/08\/caravana-acao-cidadania-prefeito.png?fit=500%2C375&ssl=1","jetpack_sharing_enabled":true,"publishpress_future_workflow_manual_trigger":{"enabledWorkflows":[]},"_links":{"self":[{"href":"https:\/\/blogdoeloiltoncajuhy.com.br\/site\/wp-json\/wp\/v2\/posts\/27441","targetHints":{"allow":["GET"]}}],"collection":[{"href":"https:\/\/blogdoeloiltoncajuhy.com.br\/site\/wp-json\/wp\/v2\/posts"}],"about":[{"href":"https:\/\/blogdoeloiltoncajuhy.com.br\/site\/wp-json\/wp\/v2\/types\/post"}],"author":[{"embeddable":true,"href":"https:\/\/blogdoeloiltoncajuhy.com.br\/site\/wp-json\/wp\/v2\/users\/2"}],"replies":[{"embeddable":true,"href":"https:\/\/blogdoeloiltoncajuhy.com.br\/site\/wp-json\/wp\/v2\/comments?post=27441"}],"version-history":[{"count":1,"href":"https:\/\/blogdoeloiltoncajuhy.com.br\/site\/wp-json\/wp\/v2\/posts\/27441\/revisions"}],"predecessor-version":[{"id":27444,"href":"https:\/\/blogdoeloiltoncajuhy.com.br\/site\/wp-json\/wp\/v2\/posts\/27441\/revisions\/27444"}],"wp:featuredmedia":[{"embeddable":true,"href":"https:\/\/blogdoeloiltoncajuhy.com.br\/site\/wp-json\/wp\/v2\/media\/27443"}],"wp:attachment":[{"href":"https:\/\/blogdoeloiltoncajuhy.com.br\/site\/wp-json\/wp\/v2\/media?parent=27441"}],"wp:term":[{"taxonomy":"category","embeddable":true,"href":"https:\/\/blogdoeloiltoncajuhy.com.br\/site\/wp-json\/wp\/v2\/categories?post=27441"},{"taxonomy":"post_tag","embeddable":true,"href":"https:\/\/blogdoeloiltoncajuhy.com.br\/site\/wp-json\/wp\/v2\/tags?post=27441"}],"curies":[{"name":"wp","href":"https:\/\/api.w.org\/{rel}","templated":true}]}}