{"id":27439,"date":"2018-08-24T06:30:33","date_gmt":"2018-08-24T09:30:33","guid":{"rendered":"http:\/\/blogdoeloiltoncajuhy.com.br\/site\/?p=27439"},"modified":"2018-08-24T06:30:33","modified_gmt":"2018-08-24T09:30:33","slug":"paralisacao-de-professores-da-uneb-e-uefs-nao-acarretara-em-desconto-salarial-informa-governo","status":"publish","type":"post","link":"https:\/\/blogdoeloiltoncajuhy.com.br\/site\/paralisacao-de-professores-da-uneb-e-uefs-nao-acarretara-em-desconto-salarial-informa-governo\/","title":{"rendered":"Paralisa\u00e7\u00e3o de professores da Uneb e Uefs n\u00e3o acarretar\u00e1 em desconto salarial, informa Governo"},"content":{"rendered":"<p><a href=\"https:\/\/i0.wp.com\/blogdoeloiltoncajuhy.com.br\/site\/wp-content\/uploads\/2016\/04\/educa%C3%A7%C3%A3o.jpg\"><img data-recalc-dims=\"1\" fetchpriority=\"high\" decoding=\"async\" class=\"alignright wp-image-9303 size-medium\" src=\"https:\/\/i0.wp.com\/blogdoeloiltoncajuhy.com.br\/site\/wp-content\/uploads\/2016\/04\/educa%C3%A7%C3%A3o.jpg?resize=300%2C210\" alt=\"\" width=\"300\" height=\"210\" srcset=\"https:\/\/i0.wp.com\/blogdoeloiltoncajuhy.com.br\/site\/wp-content\/uploads\/2016\/04\/educa%C3%A7%C3%A3o.jpg?resize=300%2C210&amp;ssl=1 300w, https:\/\/i0.wp.com\/blogdoeloiltoncajuhy.com.br\/site\/wp-content\/uploads\/2016\/04\/educa%C3%A7%C3%A3o.jpg?resize=250%2C175&amp;ssl=1 250w, https:\/\/i0.wp.com\/blogdoeloiltoncajuhy.com.br\/site\/wp-content\/uploads\/2016\/04\/educa%C3%A7%C3%A3o.jpg?w=640&amp;ssl=1 640w\" sizes=\"(max-width: 300px) 100vw, 300px\" \/><\/a>Os reitores da Uneb e Uefs apresentaram o plano de compensa\u00e7\u00e3o de frequ\u00eancia pelos dias n\u00e3o trabalhados na institui\u00e7\u00e3o, com reposi\u00e7\u00e3o integral da carga hor\u00e1ria n\u00e3o cumprida, e os descontos nos vencimentos dos servidores (t\u00e9cnicos e professores da Uneb e t\u00e9cnicos da Uefs) n\u00e3o ser\u00e3o praticados. Os cr\u00e9ditos salariais v\u00e3o ocorrer na folha do m\u00eas de agosto, cujo pagamento ser\u00e1 efetuado no pr\u00f3ximo dia 31.<\/p>\n<p>A decis\u00e3o, tomada anteriormente pela Secretaria da Administra\u00e7\u00e3o do Estado (Saeb), de efetuar os descontos seguiu entendimento do Supremo Tribunal Federal (STF), na linha de que a administra\u00e7\u00e3o p\u00fablica deve proceder ao desconto dos dias de paralisa\u00e7\u00e3o decorrentes do exerc\u00edcio do direito de greve pelos servidores p\u00fablicos.<\/p>\n<p>A Saeb entende que a pauta da categoria \u00e9 inexequ\u00edvel para este momento, haja vista o per\u00edodo eleitoral e as restri\u00e7\u00f5es impostas pela Lei de Responsabilidade Fiscal (LRF).<\/p>\n<p>\u00c9 importante destacar que, embora impossibilitado de aplicar reajustes gerais, o Governo do Estado vem conseguindo, de modo planejado e com foco na responsabilidade fiscal, manter uma pol\u00edtica de pessoal voltada para a valoriza\u00e7\u00e3o das carreiras, com ganhos salariais vinculados aos processos de promo\u00e7\u00f5es e progress\u00f5es, e promovendo ajustes salariais em setores espec\u00edficos, a exemplo da educa\u00e7\u00e3o e da seguran\u00e7a p\u00fablica.<\/p>\n<p><em><strong>*Secom-BA<\/strong><\/em><\/p>\n","protected":false},"excerpt":{"rendered":"<p>Os reitores da Uneb e Uefs apresentaram o plano de compensa\u00e7\u00e3o de frequ\u00eancia pelos dias n\u00e3o trabalhados na institui\u00e7\u00e3o, com reposi\u00e7\u00e3o integral da carga hor\u00e1ria n\u00e3o cumprida, e os descontos nos vencimentos dos servidores (t\u00e9cnicos e professores da Uneb e t\u00e9cnicos da Uefs) n\u00e3o ser\u00e3o praticados. Os cr\u00e9ditos salariais v\u00e3o ocorrer na folha do m\u00eas [&hellip;]<\/p>\n","protected":false},"author":2,"featured_media":0,"comment_status":"open","ping_status":"open","sticky":false,"template":"","format":"standard","meta":{"_acf_changed":false,"_monsterinsights_skip_tracking":false,"_monsterinsights_sitenote_active":false,"_monsterinsights_sitenote_note":"","_monsterinsights_sitenote_category":0,"_jetpack_memberships_contains_paid_content":false,"footnotes":"","jetpack_publicize_message":"","jetpack_publicize_feature_enabled":true,"jetpack_social_post_already_shared":true,"jetpack_social_options":{"image_generator_settings":{"template":"highway","default_image_id":0,"font":"","enabled":false},"version":2}},"categories":[14,1],"tags":[],"class_list":["post-27439","post","type-post","status-publish","format-standard","hentry","category-educacao","category-noticias"],"acf":[],"jetpack_publicize_connections":[],"jetpack_featured_media_url":"","jetpack_sharing_enabled":true,"publishpress_future_workflow_manual_trigger":{"enabledWorkflows":[]},"_links":{"self":[{"href":"https:\/\/blogdoeloiltoncajuhy.com.br\/site\/wp-json\/wp\/v2\/posts\/27439","targetHints":{"allow":["GET"]}}],"collection":[{"href":"https:\/\/blogdoeloiltoncajuhy.com.br\/site\/wp-json\/wp\/v2\/posts"}],"about":[{"href":"https:\/\/blogdoeloiltoncajuhy.com.br\/site\/wp-json\/wp\/v2\/types\/post"}],"author":[{"embeddable":true,"href":"https:\/\/blogdoeloiltoncajuhy.com.br\/site\/wp-json\/wp\/v2\/users\/2"}],"replies":[{"embeddable":true,"href":"https:\/\/blogdoeloiltoncajuhy.com.br\/site\/wp-json\/wp\/v2\/comments?post=27439"}],"version-history":[{"count":1,"href":"https:\/\/blogdoeloiltoncajuhy.com.br\/site\/wp-json\/wp\/v2\/posts\/27439\/revisions"}],"predecessor-version":[{"id":27440,"href":"https:\/\/blogdoeloiltoncajuhy.com.br\/site\/wp-json\/wp\/v2\/posts\/27439\/revisions\/27440"}],"wp:attachment":[{"href":"https:\/\/blogdoeloiltoncajuhy.com.br\/site\/wp-json\/wp\/v2\/media?parent=27439"}],"wp:term":[{"taxonomy":"category","embeddable":true,"href":"https:\/\/blogdoeloiltoncajuhy.com.br\/site\/wp-json\/wp\/v2\/categories?post=27439"},{"taxonomy":"post_tag","embeddable":true,"href":"https:\/\/blogdoeloiltoncajuhy.com.br\/site\/wp-json\/wp\/v2\/tags?post=27439"}],"curies":[{"name":"wp","href":"https:\/\/api.w.org\/{rel}","templated":true}]}}