{"id":27433,"date":"2018-08-22T20:23:46","date_gmt":"2018-08-22T23:23:46","guid":{"rendered":"http:\/\/blogdoeloiltoncajuhy.com.br\/site\/?p=27433"},"modified":"2018-08-22T20:23:46","modified_gmt":"2018-08-22T23:23:46","slug":"junta-de-servico-militar-de-senhor-do-bonfim-inicia-a-entrega-dos-certificados-de-dispensa-de-incorporacao","status":"publish","type":"post","link":"https:\/\/blogdoeloiltoncajuhy.com.br\/site\/junta-de-servico-militar-de-senhor-do-bonfim-inicia-a-entrega-dos-certificados-de-dispensa-de-incorporacao\/","title":{"rendered":"Junta de Servi\u00e7o Militar de Senhor do Bonfim inicia a entrega dos Certificados de Dispensa de Incorpora\u00e7\u00e3o"},"content":{"rendered":"<p><a href=\"https:\/\/i0.wp.com\/blogdoeloiltoncajuhy.com.br\/site\/wp-content\/uploads\/2018\/08\/alistamento-militar.jpg\"><img data-recalc-dims=\"1\" fetchpriority=\"high\" decoding=\"async\" class=\"aligncenter size-full wp-image-27434\" src=\"https:\/\/i0.wp.com\/blogdoeloiltoncajuhy.com.br\/site\/wp-content\/uploads\/2018\/08\/alistamento-militar.jpg?resize=450%2C300\" alt=\"\" width=\"450\" height=\"300\" srcset=\"https:\/\/i0.wp.com\/blogdoeloiltoncajuhy.com.br\/site\/wp-content\/uploads\/2018\/08\/alistamento-militar.jpg?w=450&amp;ssl=1 450w, https:\/\/i0.wp.com\/blogdoeloiltoncajuhy.com.br\/site\/wp-content\/uploads\/2018\/08\/alistamento-militar.jpg?resize=300%2C200&amp;ssl=1 300w, https:\/\/i0.wp.com\/blogdoeloiltoncajuhy.com.br\/site\/wp-content\/uploads\/2018\/08\/alistamento-militar.jpg?resize=250%2C167&amp;ssl=1 250w\" sizes=\"(max-width: 450px) 100vw, 450px\" \/><\/a>A Prefeitura de Senhor do Bonfim, por meio do Presidente da Junta de Servi\u00e7o Militar, Prefeito Carlos Brasileiro, convida todos os cidad\u00e3os alistados at\u00e9 31 de julho de 2018 para comparecerem na Sede da Junta de Servi\u00e7o Militar, localizada na Avenida 02 de Julho, n\u00ba 488 \u2013 Centro (antigo Tiro de Guerra), de segunda a sexta, \u00e0s 10h, com a finalidade de receberem o CDI \u2013 Certificado de Dispensa de Incorpora\u00e7\u00e3o.<\/p>\n<p><em><strong>*ASCOM &#8211; Prefeitura Municipal de Senhor do Bonfim &#8211; BA<\/strong><\/em><br \/>\n<em>Telefones: 74 3541-8366 \/ 99110-9117<\/em><br \/>\n<em>Endere\u00e7o: Pra\u00e7a Juracy Magalh\u00e3es, 126<\/em><br \/>\n<em>E-MAIL: ascom@pmsb.ba.gov.br <\/em><br \/>\n<em>SITE OFICIAL: www.pmsb.ba.gov.br<\/em><br \/>\n<em>FAN PAGE: www.facebook.com\/oficialpmsb<\/em><\/p>\n","protected":false},"excerpt":{"rendered":"<p>A Prefeitura de Senhor do Bonfim, por meio do Presidente da Junta de Servi\u00e7o Militar, Prefeito Carlos Brasileiro, convida todos os cidad\u00e3os alistados at\u00e9 31 de julho de 2018 para comparecerem na Sede da Junta de Servi\u00e7o Militar, localizada na Avenida 02 de Julho, n\u00ba 488 \u2013 Centro (antigo Tiro de Guerra), de segunda a [&hellip;]<\/p>\n","protected":false},"author":2,"featured_media":27434,"comment_status":"open","ping_status":"open","sticky":false,"template":"","format":"standard","meta":{"_acf_changed":false,"_monsterinsights_skip_tracking":false,"_monsterinsights_sitenote_active":false,"_monsterinsights_sitenote_note":"","_monsterinsights_sitenote_category":0,"_jetpack_memberships_contains_paid_content":false,"footnotes":"","jetpack_publicize_message":"","jetpack_publicize_feature_enabled":true,"jetpack_social_post_already_shared":true,"jetpack_social_options":{"image_generator_settings":{"template":"highway","default_image_id":0,"font":"","enabled":false},"version":2}},"categories":[1,4],"tags":[],"class_list":["post-27433","post","type-post","status-publish","format-standard","has-post-thumbnail","hentry","category-noticias","category-local"],"acf":[],"jetpack_publicize_connections":[],"jetpack_featured_media_url":"https:\/\/i0.wp.com\/blogdoeloiltoncajuhy.com.br\/site\/wp-content\/uploads\/2018\/08\/alistamento-militar.jpg?fit=450%2C300&ssl=1","jetpack_sharing_enabled":true,"publishpress_future_workflow_manual_trigger":{"enabledWorkflows":[]},"_links":{"self":[{"href":"https:\/\/blogdoeloiltoncajuhy.com.br\/site\/wp-json\/wp\/v2\/posts\/27433","targetHints":{"allow":["GET"]}}],"collection":[{"href":"https:\/\/blogdoeloiltoncajuhy.com.br\/site\/wp-json\/wp\/v2\/posts"}],"about":[{"href":"https:\/\/blogdoeloiltoncajuhy.com.br\/site\/wp-json\/wp\/v2\/types\/post"}],"author":[{"embeddable":true,"href":"https:\/\/blogdoeloiltoncajuhy.com.br\/site\/wp-json\/wp\/v2\/users\/2"}],"replies":[{"embeddable":true,"href":"https:\/\/blogdoeloiltoncajuhy.com.br\/site\/wp-json\/wp\/v2\/comments?post=27433"}],"version-history":[{"count":1,"href":"https:\/\/blogdoeloiltoncajuhy.com.br\/site\/wp-json\/wp\/v2\/posts\/27433\/revisions"}],"predecessor-version":[{"id":27435,"href":"https:\/\/blogdoeloiltoncajuhy.com.br\/site\/wp-json\/wp\/v2\/posts\/27433\/revisions\/27435"}],"wp:featuredmedia":[{"embeddable":true,"href":"https:\/\/blogdoeloiltoncajuhy.com.br\/site\/wp-json\/wp\/v2\/media\/27434"}],"wp:attachment":[{"href":"https:\/\/blogdoeloiltoncajuhy.com.br\/site\/wp-json\/wp\/v2\/media?parent=27433"}],"wp:term":[{"taxonomy":"category","embeddable":true,"href":"https:\/\/blogdoeloiltoncajuhy.com.br\/site\/wp-json\/wp\/v2\/categories?post=27433"},{"taxonomy":"post_tag","embeddable":true,"href":"https:\/\/blogdoeloiltoncajuhy.com.br\/site\/wp-json\/wp\/v2\/tags?post=27433"}],"curies":[{"name":"wp","href":"https:\/\/api.w.org\/{rel}","templated":true}]}}