{"id":27430,"date":"2018-08-22T19:06:10","date_gmt":"2018-08-22T22:06:10","guid":{"rendered":"http:\/\/blogdoeloiltoncajuhy.com.br\/site\/?p=27430"},"modified":"2018-08-22T19:06:10","modified_gmt":"2018-08-22T22:06:10","slug":"ebal-faz-acordo-com-funcionarios-demitidos-e-deve-pagar-r-3-milhoes-em-indenizacoes","status":"publish","type":"post","link":"https:\/\/blogdoeloiltoncajuhy.com.br\/site\/ebal-faz-acordo-com-funcionarios-demitidos-e-deve-pagar-r-3-milhoes-em-indenizacoes\/","title":{"rendered":"Ebal faz acordo com funcion\u00e1rios demitidos e deve pagar R$ 3 milh\u00f5es em indeniza\u00e7\u00f5es"},"content":{"rendered":"<h5 style=\"text-align: center;\"><em>Quantia ser\u00e1 dividida entre os cerca de 1.700 empregados dispensados. Com acordo, determina\u00e7\u00e3o da Justi\u00e7a de readmitir trabalhadores foi suspensa, diz MPT<\/em><\/h5>\n<figure id=\"attachment_27431\" aria-describedby=\"caption-attachment-27431\" style=\"width: 550px\" class=\"wp-caption aligncenter\"><a href=\"https:\/\/i0.wp.com\/blogdoeloiltoncajuhy.com.br\/site\/wp-content\/uploads\/2018\/08\/cesta-povo-bonfim.jpg\"><img data-recalc-dims=\"1\" fetchpriority=\"high\" decoding=\"async\" class=\"wp-image-27431 size-full\" src=\"https:\/\/i0.wp.com\/blogdoeloiltoncajuhy.com.br\/site\/wp-content\/uploads\/2018\/08\/cesta-povo-bonfim.jpg?resize=550%2C528\" alt=\"\" width=\"550\" height=\"528\" srcset=\"https:\/\/i0.wp.com\/blogdoeloiltoncajuhy.com.br\/site\/wp-content\/uploads\/2018\/08\/cesta-povo-bonfim.jpg?w=550&amp;ssl=1 550w, https:\/\/i0.wp.com\/blogdoeloiltoncajuhy.com.br\/site\/wp-content\/uploads\/2018\/08\/cesta-povo-bonfim.jpg?resize=300%2C288&amp;ssl=1 300w, https:\/\/i0.wp.com\/blogdoeloiltoncajuhy.com.br\/site\/wp-content\/uploads\/2018\/08\/cesta-povo-bonfim.jpg?resize=250%2C240&amp;ssl=1 250w\" sizes=\"(max-width: 550px) 100vw, 550px\" \/><\/a><figcaption id=\"caption-attachment-27431\" class=\"wp-caption-text\">Pr\u00e9dio onde funcionou a Cesta do Povo em Senhor do Bonfim (Foto: Imagem Google)<\/figcaption><\/figure>\n<p>A Empresa Baiana de Alimentos (Ebal) deve pagar R$ 3 milh\u00f5es em indeniza\u00e7\u00e3o para os funcion\u00e1rios que foram demitidos da rede de supermercados Cesta do Povo, segundo informa\u00e7\u00f5es divulgadas, nesta quarta-feira (25), pelo Minist\u00e9rio P\u00fablico do Trabalho da Bahia (MPT-BA).<\/p>\n<p>De acordo com o MPT, a antiga admnistra\u00e7\u00e3o da empresa fechou um acordo com os trabalhadores durante uma audi\u00eancia p\u00fablica realizada na sede do \u00f3rg\u00e3o, na segunda-feira (20). O valor deve ser dividido entre os cerca de 1.700 empregados que foram dispensados desde 2014.<\/p>\n<p>Com o acordo, conforme o MPT, a decis\u00e3o da Justi\u00e7a que previa, pela segunda vez, a readmiss\u00e3o dos trabalhadores ao quadro de funcion\u00e1rios da empresa foi suspensa. Na primeira decis\u00e3o, a determina\u00e7\u00e3o n\u00e3o foi cumprida.<\/p>\n<p>A a\u00e7\u00e3o de concilia\u00e7\u00e3o foi conduzida pela procuradora Rosineide Moura e o acordo foi negociado sob a media\u00e7\u00e3o da procuradora Adriana Campelo. Participaram do encontro representantes dos trabalhadores e do Governo do Estado, ent\u00e3o acionista principal da empresa at\u00e9 a venda dela, realizada em abril deste ano.<\/p>\n<p>O <strong>G1<\/strong> tentou contato com a Procuradoria Geral do Estado (PGE), que est\u00e1 \u00e0 frente do caso, e ficou de se posicionar, mas n\u00e3o respondeu at\u00e9 a publica\u00e7\u00e3o desta reportagem.<\/p>\n<p><strong>Venda<\/strong><\/p>\n<p>A Ebal foi arrematada por R$ 15 milh\u00f5es em um leil\u00e3o, ap\u00f3s duas tentativas anteriores. A estatal teve uma \u00fanica proposta dada pela NGV Empreendimentos e Participa\u00e7\u00f5es. Conforme o Estado, os dois primeiros leil\u00f5es n\u00e3o atra\u00edram participantes.<\/p>\n<p>De acordo com a Secretaria de Desenvolvimento Econ\u00f4mico (SDE), a vencedora arremata a participa\u00e7\u00e3o acion\u00e1ria da empresa e os fundos de com\u00e9rcio relativos \u00e0s 49 lojas da Cesta do Povo, al\u00e9m do direito de explora\u00e7\u00e3o da marca Cesta do Povo e o Programa Credicesta.<\/p>\n<p><em><strong>*Por G1 BA<\/strong><\/em><\/p>\n","protected":false},"excerpt":{"rendered":"<p>Quantia ser\u00e1 dividida entre os cerca de 1.700 empregados dispensados. Com acordo, determina\u00e7\u00e3o da Justi\u00e7a de readmitir trabalhadores foi suspensa, diz MPT A Empresa Baiana de Alimentos (Ebal) deve pagar R$ 3 milh\u00f5es em indeniza\u00e7\u00e3o para os funcion\u00e1rios que foram demitidos da rede de supermercados Cesta do Povo, segundo informa\u00e7\u00f5es divulgadas, nesta quarta-feira (25), pelo [&hellip;]<\/p>\n","protected":false},"author":2,"featured_media":27431,"comment_status":"open","ping_status":"open","sticky":false,"template":"","format":"standard","meta":{"_acf_changed":false,"_monsterinsights_skip_tracking":false,"_monsterinsights_sitenote_active":false,"_monsterinsights_sitenote_note":"","_monsterinsights_sitenote_category":0,"_jetpack_memberships_contains_paid_content":false,"footnotes":"","jetpack_publicize_message":"","jetpack_publicize_feature_enabled":true,"jetpack_social_post_already_shared":true,"jetpack_social_options":{"image_generator_settings":{"template":"highway","default_image_id":0,"font":"","enabled":false},"version":2}},"categories":[5,1],"tags":[],"class_list":["post-27430","post","type-post","status-publish","format-standard","has-post-thumbnail","hentry","category-cotidiano","category-noticias"],"acf":[],"jetpack_publicize_connections":[],"jetpack_featured_media_url":"https:\/\/i0.wp.com\/blogdoeloiltoncajuhy.com.br\/site\/wp-content\/uploads\/2018\/08\/cesta-povo-bonfim.jpg?fit=550%2C528&ssl=1","jetpack_sharing_enabled":true,"publishpress_future_workflow_manual_trigger":{"enabledWorkflows":[]},"_links":{"self":[{"href":"https:\/\/blogdoeloiltoncajuhy.com.br\/site\/wp-json\/wp\/v2\/posts\/27430","targetHints":{"allow":["GET"]}}],"collection":[{"href":"https:\/\/blogdoeloiltoncajuhy.com.br\/site\/wp-json\/wp\/v2\/posts"}],"about":[{"href":"https:\/\/blogdoeloiltoncajuhy.com.br\/site\/wp-json\/wp\/v2\/types\/post"}],"author":[{"embeddable":true,"href":"https:\/\/blogdoeloiltoncajuhy.com.br\/site\/wp-json\/wp\/v2\/users\/2"}],"replies":[{"embeddable":true,"href":"https:\/\/blogdoeloiltoncajuhy.com.br\/site\/wp-json\/wp\/v2\/comments?post=27430"}],"version-history":[{"count":1,"href":"https:\/\/blogdoeloiltoncajuhy.com.br\/site\/wp-json\/wp\/v2\/posts\/27430\/revisions"}],"predecessor-version":[{"id":27432,"href":"https:\/\/blogdoeloiltoncajuhy.com.br\/site\/wp-json\/wp\/v2\/posts\/27430\/revisions\/27432"}],"wp:featuredmedia":[{"embeddable":true,"href":"https:\/\/blogdoeloiltoncajuhy.com.br\/site\/wp-json\/wp\/v2\/media\/27431"}],"wp:attachment":[{"href":"https:\/\/blogdoeloiltoncajuhy.com.br\/site\/wp-json\/wp\/v2\/media?parent=27430"}],"wp:term":[{"taxonomy":"category","embeddable":true,"href":"https:\/\/blogdoeloiltoncajuhy.com.br\/site\/wp-json\/wp\/v2\/categories?post=27430"},{"taxonomy":"post_tag","embeddable":true,"href":"https:\/\/blogdoeloiltoncajuhy.com.br\/site\/wp-json\/wp\/v2\/tags?post=27430"}],"curies":[{"name":"wp","href":"https:\/\/api.w.org\/{rel}","templated":true}]}}