{"id":27421,"date":"2018-08-22T18:42:35","date_gmt":"2018-08-22T21:42:35","guid":{"rendered":"http:\/\/blogdoeloiltoncajuhy.com.br\/site\/?p=27421"},"modified":"2018-08-22T18:42:35","modified_gmt":"2018-08-22T21:42:35","slug":"semana-da-pessoa-com-deficiencia-comeca-com-inauguracao-da-25a-sala-de-recursos-multifuncionais-em-senhor-do-bonfim","status":"publish","type":"post","link":"https:\/\/blogdoeloiltoncajuhy.com.br\/site\/semana-da-pessoa-com-deficiencia-comeca-com-inauguracao-da-25a-sala-de-recursos-multifuncionais-em-senhor-do-bonfim\/","title":{"rendered":"Semana da Pessoa com Defici\u00eancia come\u00e7a com inaugura\u00e7\u00e3o da 25\u00aa Sala de Recursos Multifuncionais em Senhor do Bonfim"},"content":{"rendered":"<p><a href=\"https:\/\/i0.wp.com\/blogdoeloiltoncajuhy.com.br\/site\/wp-content\/uploads\/2018\/08\/crianca-2.jpg\"><img data-recalc-dims=\"1\" fetchpriority=\"high\" decoding=\"async\" class=\"aligncenter size-full wp-image-27422\" src=\"https:\/\/i0.wp.com\/blogdoeloiltoncajuhy.com.br\/site\/wp-content\/uploads\/2018\/08\/crianca-2.jpg?resize=600%2C338\" alt=\"\" width=\"600\" height=\"338\" srcset=\"https:\/\/i0.wp.com\/blogdoeloiltoncajuhy.com.br\/site\/wp-content\/uploads\/2018\/08\/crianca-2.jpg?w=600&amp;ssl=1 600w, https:\/\/i0.wp.com\/blogdoeloiltoncajuhy.com.br\/site\/wp-content\/uploads\/2018\/08\/crianca-2.jpg?resize=300%2C169&amp;ssl=1 300w, https:\/\/i0.wp.com\/blogdoeloiltoncajuhy.com.br\/site\/wp-content\/uploads\/2018\/08\/crianca-2.jpg?resize=250%2C141&amp;ssl=1 250w\" sizes=\"(max-width: 600px) 100vw, 600px\" \/><\/a>Come\u00e7ou nesta ter\u00e7a-feira (21), a Semana da Pessoa com Defici\u00eancia de Senhor do Bonfim. Com o tema \u201c<em>Conviver e Acolher as diferen\u00e7as na terra do bom come\u00e7o<\/em>\u201d, a programa\u00e7\u00e3o do evento conta com palestras, rodas de di\u00e1logo, exibi\u00e7\u00e3o de filmes, caminhada, al\u00e9m da inaugura\u00e7\u00e3o de duas salas de recursos multifuncionais para alunos com necessidades educacionais especiais.<\/p>\n<p>A primeira sala inaugurada para atendimento educacional especializado foi instalada na creche Fernando Dantas, que fica no bairro Alto da Maravilha. O espa\u00e7o \u00e9 o 25\u00ba implantado na rede municipal de ensino. Dentro da programa\u00e7\u00e3o alusiva \u00e0 Semana de Pessoa com Defici\u00eancia, uma nova sala tamb\u00e9m foi inaugurada nesta quarta-feira, 22, na Escola Municipal Municipal Austricliano de Carvalho.<\/p>\n<p>As Salas de Recursos Multifuncionais s\u00e3o espa\u00e7os da escola onde se realiza o atendimento educacional especializado para os alunos com necessidades educacionais especiais, por meio de desenvolvimento de estrat\u00e9gias de aprendizagem centradas em um novo fazer pedag\u00f3gico que favore\u00e7am a constru\u00e7\u00e3o de conhecimentos pelos alunos, subsidiando-os para que desenvolvam o curr\u00edculo e participem da vida escolar.<\/p>\n<p>O evento est\u00e1 sendo realizado pela prefeitura de Senhor do Bonfim, por meio da secretaria de Educa\u00e7\u00e3o. O Terno de Reis Caroazinho, formado por alunos da institui\u00e7\u00e3o educacional foi a grande atra\u00e7\u00e3o da solenidade. As atividades alusivas \u00e0 Semana de Pessoas com Defici\u00eancia acontecem de 21 a 28 de agosto.<\/p>\n<p>A solenidade de abertura contou com a presen\u00e7a do chefe de gabinete, Helder Amorim, que representou o prefeito Carlos Brasileiro, a secretaria de Educa\u00e7\u00e3o, Cristiane Maia, o secret\u00e1rio de Administra\u00e7\u00e3o, Claudio Nunes, a coordenadora geral da Educa\u00e7\u00e3o Inclusiva da prefeitura de Senhor do Bonfim, Ednalda Alves, a gestora da creche, professora Vilma Lucia, al\u00e9m do corpo funcional da creche, pais e alunos.<\/p>\n<p><strong>Confira programa\u00e7\u00e3o completa:<\/strong><\/p>\n<p><span style=\"color: #ff0000;\"><em>-De 21 a 27:\u00a0Sensibiliza\u00e7\u00e3o nas escolas e institui\u00e7\u00f5es p\u00fablicas;<\/em><\/span><br \/>\n<span style=\"color: #ff0000;\"><em>-21\/08: Inaugura\u00e7\u00e3o da Sala Multifuncional na Creche Fernando Dantas;<\/em><\/span><br \/>\n<span style=\"color: #ff0000;\"><em>-22\/08:\u00a0Inaugura\u00e7\u00e3o da Sala de Recursos Multifuncionais na escola Municipal Austricliano de Carvalho;<\/em><\/span><br \/>\n<span style=\"color: #ff0000;\"><em>-23\/08:\u00a0Cinema Inclusivo \u2013 no Centro Cultural &#8211; pela manh\u00e3 e tarde;<\/em><\/span><br \/>\n<span style=\"color: #ff0000;\"><em>-24\/08:\u00a0Mesa Redonda na C\u00e2mara de Vereadores &#8211; a partir das 8 horas da manh\u00e3;<\/em><\/span><br \/>\n<span style=\"color: #ff0000;\"><em>-28\/08:\u00a0Caminhada Inclusiva \u2013 sa\u00edda \u00e0s 8 horas da Pra\u00e7a Nova do Congresso.<\/em><\/span><\/p>\n<p><em><strong>*ASCOM &#8211; Prefeitura Municipal de Senhor do Bonfim &#8211; BA<\/strong><\/em><br \/>\n<em>Telefones: 74 3541-8366 \/ 99110-9117<\/em><br \/>\n<em>Endere\u00e7o: Pra\u00e7a Juracy Magalh\u00e3es, 126<\/em><br \/>\n<em>E-MAIL: ascom@pmsb.ba.gov.br <\/em><br \/>\n<em>SITE OFICIAL: www.pmsb.ba.gov.br<\/em><br \/>\n<em>FAN PAGE: www.facebook.com\/oficialpmsb<\/em><\/p>\n","protected":false},"excerpt":{"rendered":"<p>Come\u00e7ou nesta ter\u00e7a-feira (21), a Semana da Pessoa com Defici\u00eancia de Senhor do Bonfim. Com o tema \u201cConviver e Acolher as diferen\u00e7as na terra do bom come\u00e7o\u201d, a programa\u00e7\u00e3o do evento conta com palestras, rodas de di\u00e1logo, exibi\u00e7\u00e3o de filmes, caminhada, al\u00e9m da inaugura\u00e7\u00e3o de duas salas de recursos multifuncionais para alunos com necessidades educacionais [&hellip;]<\/p>\n","protected":false},"author":2,"featured_media":27422,"comment_status":"open","ping_status":"open","sticky":false,"template":"","format":"standard","meta":{"_acf_changed":false,"_monsterinsights_skip_tracking":false,"_monsterinsights_sitenote_active":false,"_monsterinsights_sitenote_note":"","_monsterinsights_sitenote_category":0,"_jetpack_memberships_contains_paid_content":false,"footnotes":"","jetpack_publicize_message":"","jetpack_publicize_feature_enabled":true,"jetpack_social_post_already_shared":true,"jetpack_social_options":{"image_generator_settings":{"template":"highway","default_image_id":0,"font":"","enabled":false},"version":2}},"categories":[5,1,4],"tags":[],"class_list":["post-27421","post","type-post","status-publish","format-standard","has-post-thumbnail","hentry","category-cotidiano","category-noticias","category-local"],"acf":[],"jetpack_publicize_connections":[],"jetpack_featured_media_url":"https:\/\/i0.wp.com\/blogdoeloiltoncajuhy.com.br\/site\/wp-content\/uploads\/2018\/08\/crianca-2.jpg?fit=600%2C338&ssl=1","jetpack_sharing_enabled":true,"publishpress_future_workflow_manual_trigger":{"enabledWorkflows":[]},"_links":{"self":[{"href":"https:\/\/blogdoeloiltoncajuhy.com.br\/site\/wp-json\/wp\/v2\/posts\/27421","targetHints":{"allow":["GET"]}}],"collection":[{"href":"https:\/\/blogdoeloiltoncajuhy.com.br\/site\/wp-json\/wp\/v2\/posts"}],"about":[{"href":"https:\/\/blogdoeloiltoncajuhy.com.br\/site\/wp-json\/wp\/v2\/types\/post"}],"author":[{"embeddable":true,"href":"https:\/\/blogdoeloiltoncajuhy.com.br\/site\/wp-json\/wp\/v2\/users\/2"}],"replies":[{"embeddable":true,"href":"https:\/\/blogdoeloiltoncajuhy.com.br\/site\/wp-json\/wp\/v2\/comments?post=27421"}],"version-history":[{"count":1,"href":"https:\/\/blogdoeloiltoncajuhy.com.br\/site\/wp-json\/wp\/v2\/posts\/27421\/revisions"}],"predecessor-version":[{"id":27423,"href":"https:\/\/blogdoeloiltoncajuhy.com.br\/site\/wp-json\/wp\/v2\/posts\/27421\/revisions\/27423"}],"wp:featuredmedia":[{"embeddable":true,"href":"https:\/\/blogdoeloiltoncajuhy.com.br\/site\/wp-json\/wp\/v2\/media\/27422"}],"wp:attachment":[{"href":"https:\/\/blogdoeloiltoncajuhy.com.br\/site\/wp-json\/wp\/v2\/media?parent=27421"}],"wp:term":[{"taxonomy":"category","embeddable":true,"href":"https:\/\/blogdoeloiltoncajuhy.com.br\/site\/wp-json\/wp\/v2\/categories?post=27421"},{"taxonomy":"post_tag","embeddable":true,"href":"https:\/\/blogdoeloiltoncajuhy.com.br\/site\/wp-json\/wp\/v2\/tags?post=27421"}],"curies":[{"name":"wp","href":"https:\/\/api.w.org\/{rel}","templated":true}]}}