{"id":27416,"date":"2018-08-22T09:40:11","date_gmt":"2018-08-22T12:40:11","guid":{"rendered":"http:\/\/blogdoeloiltoncajuhy.com.br\/site\/?p=27416"},"modified":"2018-08-22T09:40:11","modified_gmt":"2018-08-22T12:40:11","slug":"agencias-dos-correios-poderao-emitir-carteira-profissional-sem-custo","status":"publish","type":"post","link":"https:\/\/blogdoeloiltoncajuhy.com.br\/site\/agencias-dos-correios-poderao-emitir-carteira-profissional-sem-custo\/","title":{"rendered":"Ag\u00eancias dos Correios poder\u00e3o emitir carteira profissional sem custo"},"content":{"rendered":"<p><a href=\"https:\/\/i0.wp.com\/blogdoeloiltoncajuhy.com.br\/site\/wp-content\/uploads\/2016\/02\/carteiras-de-trababalho.jpg\"><img data-recalc-dims=\"1\" fetchpriority=\"high\" decoding=\"async\" class=\"wp-image-7403 alignleft\" src=\"https:\/\/i0.wp.com\/blogdoeloiltoncajuhy.com.br\/site\/wp-content\/uploads\/2016\/02\/carteiras-de-trababalho.jpg?resize=400%2C300\" alt=\"\" width=\"400\" height=\"300\" srcset=\"https:\/\/i0.wp.com\/blogdoeloiltoncajuhy.com.br\/site\/wp-content\/uploads\/2016\/02\/carteiras-de-trababalho.jpg?w=600&amp;ssl=1 600w, https:\/\/i0.wp.com\/blogdoeloiltoncajuhy.com.br\/site\/wp-content\/uploads\/2016\/02\/carteiras-de-trababalho.jpg?resize=300%2C225&amp;ssl=1 300w, https:\/\/i0.wp.com\/blogdoeloiltoncajuhy.com.br\/site\/wp-content\/uploads\/2016\/02\/carteiras-de-trababalho.jpg?resize=250%2C188&amp;ssl=1 250w\" sizes=\"(max-width: 400px) 100vw, 400px\" \/><\/a>O Minist\u00e9rio do Trabalho e Emprego pretende ampliar os pontos de emiss\u00e3o da carteira de trabalho em todo o Pa\u00eds, sem custos para os cidad\u00e3os. A amplia\u00e7\u00e3o seria poss\u00edvel por meio de um acordo em discuss\u00e3o com os Correios, que t\u00eam ag\u00eancias nos 5.570 munic\u00edpios brasileiros.<\/p>\n<p>A emiss\u00e3o do documento continuar\u00e1 gratuita. De acordo com o minist\u00e9rio, a taxa de entrega da carteira expedida pelos Correios seria custeada pela pasta. O custo do servi\u00e7o ainda est\u00e1 sendo avaliado.<\/p>\n<p>Em julho deste ano, foi anunciado que um acordo de coopera\u00e7\u00e3o t\u00e9cnica seria assinado entre o Minist\u00e9rio do Trabalho e os Correios e um projeto-piloto teria in\u00edcio no estado de S\u00e3o Paulo.<\/p>\n<p>O objetivo do acordo \u00e9 permitir que todos os trabalhadores brasileiros, em especial os que vivem nos munic\u00edpios mais distantes dos grandes centros, tenham acesso ao documento.<\/p>\n<p>A pasta informou que a expedi\u00e7\u00e3o da carteira de trabalho continuar\u00e1 ocorrendo normalmente em toda a rede de atendimento como postos do Sistema Nacional de Emprego (Sine), ger\u00eancias regionais e superintend\u00eancias do Trabalho nos estados.<\/p>\n<p>A carteira de trabalho \u00e9 obrigat\u00f3ria para toda pessoa prestar algum tipo de servi\u00e7o, seja na ind\u00fastria, no com\u00e9rcio, na agricultura, na pecu\u00e1ria ou de natureza dom\u00e9stica.<\/p>\n<p>Os registros das atividades do trabalhador feitos no documento garantem o acesso a alguns dos principais direitos trabalhistas, como seguro-desemprego, benef\u00edcios previdenci\u00e1rios e Fundo de Garantia do Tempo de Servi\u00e7o (FGTS).<\/p>\n<p><em><strong>*Yara Aquino l Ag\u00eancia Brasil<\/strong><\/em><\/p>\n","protected":false},"excerpt":{"rendered":"<p>O Minist\u00e9rio do Trabalho e Emprego pretende ampliar os pontos de emiss\u00e3o da carteira de trabalho em todo o Pa\u00eds, sem custos para os cidad\u00e3os. A amplia\u00e7\u00e3o seria poss\u00edvel por meio de um acordo em discuss\u00e3o com os Correios, que t\u00eam ag\u00eancias nos 5.570 munic\u00edpios brasileiros. A emiss\u00e3o do documento continuar\u00e1 gratuita. De acordo com [&hellip;]<\/p>\n","protected":false},"author":2,"featured_media":0,"comment_status":"open","ping_status":"open","sticky":false,"template":"","format":"standard","meta":{"_acf_changed":false,"_monsterinsights_skip_tracking":false,"_monsterinsights_sitenote_active":false,"_monsterinsights_sitenote_note":"","_monsterinsights_sitenote_category":0,"_jetpack_memberships_contains_paid_content":false,"footnotes":"","jetpack_publicize_message":"","jetpack_publicize_feature_enabled":true,"jetpack_social_post_already_shared":true,"jetpack_social_options":{"image_generator_settings":{"template":"highway","default_image_id":0,"font":"","enabled":false},"version":2}},"categories":[5,1],"tags":[],"class_list":["post-27416","post","type-post","status-publish","format-standard","hentry","category-cotidiano","category-noticias"],"acf":[],"jetpack_publicize_connections":[],"jetpack_featured_media_url":"","jetpack_sharing_enabled":true,"publishpress_future_workflow_manual_trigger":{"enabledWorkflows":[]},"_links":{"self":[{"href":"https:\/\/blogdoeloiltoncajuhy.com.br\/site\/wp-json\/wp\/v2\/posts\/27416","targetHints":{"allow":["GET"]}}],"collection":[{"href":"https:\/\/blogdoeloiltoncajuhy.com.br\/site\/wp-json\/wp\/v2\/posts"}],"about":[{"href":"https:\/\/blogdoeloiltoncajuhy.com.br\/site\/wp-json\/wp\/v2\/types\/post"}],"author":[{"embeddable":true,"href":"https:\/\/blogdoeloiltoncajuhy.com.br\/site\/wp-json\/wp\/v2\/users\/2"}],"replies":[{"embeddable":true,"href":"https:\/\/blogdoeloiltoncajuhy.com.br\/site\/wp-json\/wp\/v2\/comments?post=27416"}],"version-history":[{"count":1,"href":"https:\/\/blogdoeloiltoncajuhy.com.br\/site\/wp-json\/wp\/v2\/posts\/27416\/revisions"}],"predecessor-version":[{"id":27417,"href":"https:\/\/blogdoeloiltoncajuhy.com.br\/site\/wp-json\/wp\/v2\/posts\/27416\/revisions\/27417"}],"wp:attachment":[{"href":"https:\/\/blogdoeloiltoncajuhy.com.br\/site\/wp-json\/wp\/v2\/media?parent=27416"}],"wp:term":[{"taxonomy":"category","embeddable":true,"href":"https:\/\/blogdoeloiltoncajuhy.com.br\/site\/wp-json\/wp\/v2\/categories?post=27416"},{"taxonomy":"post_tag","embeddable":true,"href":"https:\/\/blogdoeloiltoncajuhy.com.br\/site\/wp-json\/wp\/v2\/tags?post=27416"}],"curies":[{"name":"wp","href":"https:\/\/api.w.org\/{rel}","templated":true}]}}