{"id":27413,"date":"2018-08-22T09:11:33","date_gmt":"2018-08-22T12:11:33","guid":{"rendered":"http:\/\/blogdoeloiltoncajuhy.com.br\/site\/?p=27413"},"modified":"2018-08-22T09:11:33","modified_gmt":"2018-08-22T12:11:33","slug":"garoto-de-17-anos-suspeito-de-matar-pro-reitor-do-ifba-se-entrega-e-confessa-crime","status":"publish","type":"post","link":"https:\/\/blogdoeloiltoncajuhy.com.br\/site\/garoto-de-17-anos-suspeito-de-matar-pro-reitor-do-ifba-se-entrega-e-confessa-crime\/","title":{"rendered":"Garoto de 17 anos suspeito de matar pr\u00f3-reitor do Ifba se entrega e confessa crime"},"content":{"rendered":"<h5 style=\"text-align: center;\"><em>Garoto foi apreendido e levado para a Delegacia para o Adolescente Infrator (DAI) para prestar depoimento. V\u00edtima foi morta a facadas e teve carro roubado. Ve\u00edculo ainda n\u00e3o foi localizado<\/em><\/h5>\n<figure id=\"attachment_27414\" aria-describedby=\"caption-attachment-27414\" style=\"width: 984px\" class=\"wp-caption aligncenter\"><a href=\"https:\/\/i0.wp.com\/blogdoeloiltoncajuhy.com.br\/site\/wp-content\/uploads\/2018\/08\/pr%C3%B3-reitor_anilson.jpg\"><img data-recalc-dims=\"1\" fetchpriority=\"high\" decoding=\"async\" class=\"wp-image-27414 size-full\" src=\"https:\/\/i0.wp.com\/blogdoeloiltoncajuhy.com.br\/site\/wp-content\/uploads\/2018\/08\/pr%C3%B3-reitor_anilson.jpg?resize=800%2C501\" alt=\"\" width=\"800\" height=\"501\" srcset=\"https:\/\/i0.wp.com\/blogdoeloiltoncajuhy.com.br\/site\/wp-content\/uploads\/2018\/08\/pr%C3%B3-reitor_anilson.jpg?w=984&amp;ssl=1 984w, https:\/\/i0.wp.com\/blogdoeloiltoncajuhy.com.br\/site\/wp-content\/uploads\/2018\/08\/pr%C3%B3-reitor_anilson.jpg?resize=300%2C188&amp;ssl=1 300w, https:\/\/i0.wp.com\/blogdoeloiltoncajuhy.com.br\/site\/wp-content\/uploads\/2018\/08\/pr%C3%B3-reitor_anilson.jpg?resize=768%2C481&amp;ssl=1 768w, https:\/\/i0.wp.com\/blogdoeloiltoncajuhy.com.br\/site\/wp-content\/uploads\/2018\/08\/pr%C3%B3-reitor_anilson.jpg?resize=250%2C157&amp;ssl=1 250w\" sizes=\"(max-width: 800px) 100vw, 800px\" \/><\/a><figcaption id=\"caption-attachment-27414\" class=\"wp-caption-text\">Pr\u00f3-reitor foi encontrado morto dentro do apartamento que morava, com perfura\u00e7\u00f5es por arma branca (Foto: Reprodu\u00e7\u00e3o\/Redes Sociais)<\/figcaption><\/figure>\n<p>O adolescente de 17 anos suspeito de matar o professor <strong>Anilson Roberto Cerqueira Gomes<\/strong>, de 45 anos, em Salvador, se entregou \u00e0 pol\u00edcia e confessou o crime, na tarde desta ter\u00e7a-feira (21). A informa\u00e7\u00e3o foi divulgada pela Pol\u00edcia Civil.<\/p>\n<p>Anilson Roberto era pr\u00f3-reitor de Desenvolvimento Institucional e Infraestrutura do Instituto Federal da Bahia (Ifba). Ele foi morto a facadas dentro do apartamento onde morava, no bairro de Brotas, na segunda-feira (13). Imagens do circuito interno do pr\u00e9dio flagraram o adolescente entrando no local com o professor e, em seguida, saindo com o carro dele.<\/p>\n<p>De acordo com a pol\u00edcia, o garoto, que era procurado desde a semana passada, se apresentou, com um advogado, na sede do Departamento de Homic\u00eddios e Prote\u00e7\u00e3o \u00e0 Pessoa (DHPP), no bairro da Pituba. Em seguida, ele foi levado para a Delegacia para o Adolescente Infrator (DAI), em Brotas, para prestar depoimento.<\/p>\n<p>Segundo a pol\u00edcia, a unidade especializada j\u00e1 solicitou \u00e0 Justi\u00e7a a interna\u00e7\u00e3o provis\u00f3ria do adolescente. O carro da v\u00edtima ainda n\u00e3o foi localizado. N\u00e3o h\u00e1 detalhes sobre a motiva\u00e7\u00e3o do homic\u00eddio.<\/p>\n<p><strong>Crime<\/strong><\/p>\n<p>O professor foi encontrado morto no final da noite da segunda-feira (13). A faca usada no crime estava ao lado do corpo da v\u00edtima. O objeto foi encaminhado para a per\u00edcia, no Departamento de Pol\u00edcia T\u00e9cnica (DPT).<\/p>\n<p>Anilson Roberto foi enterrado na tarde da ter\u00e7a-feira (14). O sepultamento foi realizado no Cemit\u00e9rio Jardim da Saudade, tamb\u00e9m em Brotas. Dezenas de familiares e amigos compareceram \u00e0 cerim\u00f4nia.<\/p>\n<p>O Ifba decretou, na segunda-feira, luto oficial de tr\u00eas dias e suspendeu as atividades na institui\u00e7\u00e3o. Por meio de nota, o Instituto lamentou a morte de Anilson, que foi o respons\u00e1vel por implantar novas unidades do Ifba no interior da Bahia.<\/p>\n<p><em><strong>*Por G1 BA<\/strong><\/em><\/p>\n","protected":false},"excerpt":{"rendered":"<p>Garoto foi apreendido e levado para a Delegacia para o Adolescente Infrator (DAI) para prestar depoimento. V\u00edtima foi morta a facadas e teve carro roubado. Ve\u00edculo ainda n\u00e3o foi localizado O adolescente de 17 anos suspeito de matar o professor Anilson Roberto Cerqueira Gomes, de 45 anos, em Salvador, se entregou \u00e0 pol\u00edcia e confessou [&hellip;]<\/p>\n","protected":false},"author":2,"featured_media":27414,"comment_status":"open","ping_status":"open","sticky":false,"template":"","format":"standard","meta":{"_acf_changed":false,"_monsterinsights_skip_tracking":false,"_monsterinsights_sitenote_active":false,"_monsterinsights_sitenote_note":"","_monsterinsights_sitenote_category":0,"_jetpack_memberships_contains_paid_content":false,"footnotes":"","jetpack_publicize_message":"","jetpack_publicize_feature_enabled":true,"jetpack_social_post_already_shared":true,"jetpack_social_options":{"image_generator_settings":{"template":"highway","default_image_id":0,"font":"","enabled":false},"version":2}},"categories":[5,1],"tags":[],"class_list":["post-27413","post","type-post","status-publish","format-standard","has-post-thumbnail","hentry","category-cotidiano","category-noticias"],"acf":[],"jetpack_publicize_connections":[],"jetpack_featured_media_url":"https:\/\/i0.wp.com\/blogdoeloiltoncajuhy.com.br\/site\/wp-content\/uploads\/2018\/08\/pr%C3%B3-reitor_anilson.jpg?fit=984%2C616&ssl=1","jetpack_sharing_enabled":true,"publishpress_future_workflow_manual_trigger":{"enabledWorkflows":[]},"_links":{"self":[{"href":"https:\/\/blogdoeloiltoncajuhy.com.br\/site\/wp-json\/wp\/v2\/posts\/27413","targetHints":{"allow":["GET"]}}],"collection":[{"href":"https:\/\/blogdoeloiltoncajuhy.com.br\/site\/wp-json\/wp\/v2\/posts"}],"about":[{"href":"https:\/\/blogdoeloiltoncajuhy.com.br\/site\/wp-json\/wp\/v2\/types\/post"}],"author":[{"embeddable":true,"href":"https:\/\/blogdoeloiltoncajuhy.com.br\/site\/wp-json\/wp\/v2\/users\/2"}],"replies":[{"embeddable":true,"href":"https:\/\/blogdoeloiltoncajuhy.com.br\/site\/wp-json\/wp\/v2\/comments?post=27413"}],"version-history":[{"count":1,"href":"https:\/\/blogdoeloiltoncajuhy.com.br\/site\/wp-json\/wp\/v2\/posts\/27413\/revisions"}],"predecessor-version":[{"id":27415,"href":"https:\/\/blogdoeloiltoncajuhy.com.br\/site\/wp-json\/wp\/v2\/posts\/27413\/revisions\/27415"}],"wp:featuredmedia":[{"embeddable":true,"href":"https:\/\/blogdoeloiltoncajuhy.com.br\/site\/wp-json\/wp\/v2\/media\/27414"}],"wp:attachment":[{"href":"https:\/\/blogdoeloiltoncajuhy.com.br\/site\/wp-json\/wp\/v2\/media?parent=27413"}],"wp:term":[{"taxonomy":"category","embeddable":true,"href":"https:\/\/blogdoeloiltoncajuhy.com.br\/site\/wp-json\/wp\/v2\/categories?post=27413"},{"taxonomy":"post_tag","embeddable":true,"href":"https:\/\/blogdoeloiltoncajuhy.com.br\/site\/wp-json\/wp\/v2\/tags?post=27413"}],"curies":[{"name":"wp","href":"https:\/\/api.w.org\/{rel}","templated":true}]}}