{"id":27407,"date":"2018-08-21T21:39:38","date_gmt":"2018-08-22T00:39:38","guid":{"rendered":"http:\/\/blogdoeloiltoncajuhy.com.br\/site\/?p=27407"},"modified":"2018-08-21T21:40:20","modified_gmt":"2018-08-22T00:40:20","slug":"esportes-e-um-sonho-de-menino-realizado-diz-junior-brumado-sobre-convocacao-para-selecao-brasileira-sub-20","status":"publish","type":"post","link":"https:\/\/blogdoeloiltoncajuhy.com.br\/site\/esportes-e-um-sonho-de-menino-realizado-diz-junior-brumado-sobre-convocacao-para-selecao-brasileira-sub-20\/","title":{"rendered":"ESPORTES: &#8220;\u00c9 um sonho de menino realizado&#8221;, diz J\u00fanior Brumado sobre convoca\u00e7\u00e3o para Sele\u00e7\u00e3o Brasileira Sub-20"},"content":{"rendered":"<figure id=\"attachment_27408\" aria-describedby=\"caption-attachment-27408\" style=\"width: 450px\" class=\"wp-caption aligncenter\"><a href=\"https:\/\/i0.wp.com\/blogdoeloiltoncajuhy.com.br\/site\/wp-content\/uploads\/2018\/08\/junior-brumado.jpg\"><img data-recalc-dims=\"1\" fetchpriority=\"high\" decoding=\"async\" class=\"wp-image-27408 size-full\" src=\"https:\/\/i0.wp.com\/blogdoeloiltoncajuhy.com.br\/site\/wp-content\/uploads\/2018\/08\/junior-brumado.jpg?resize=450%2C300\" alt=\"\" width=\"450\" height=\"300\" srcset=\"https:\/\/i0.wp.com\/blogdoeloiltoncajuhy.com.br\/site\/wp-content\/uploads\/2018\/08\/junior-brumado.jpg?w=450&amp;ssl=1 450w, https:\/\/i0.wp.com\/blogdoeloiltoncajuhy.com.br\/site\/wp-content\/uploads\/2018\/08\/junior-brumado.jpg?resize=300%2C200&amp;ssl=1 300w, https:\/\/i0.wp.com\/blogdoeloiltoncajuhy.com.br\/site\/wp-content\/uploads\/2018\/08\/junior-brumado.jpg?resize=250%2C167&amp;ssl=1 250w\" sizes=\"(max-width: 450px) 100vw, 450px\" \/><\/a><figcaption id=\"caption-attachment-27408\" class=\"wp-caption-text\">Foto: Felipe Oliveira\/EC Bahia<\/figcaption><\/figure>\n<p>Em entrevista ao site <strong>Achei Sudoeste<\/strong>, o atacante do Bahia, J\u00fanior Brumado, falou sobre a convoca\u00e7\u00e3o para a Sele\u00e7\u00e3o Brasileira de Futebol Sub-20. \u00danico representante do Norte-Nordeste a figurar na nova convoca\u00e7\u00e3o da sele\u00e7\u00e3o sub-20, o atleta disse que \u00e9 um sonho realizado.<\/p>\n<p>\u201c<em>Isso \u00e9 uma grande motiva\u00e7\u00e3o para nunca desistir dos seus sonhos. De um menino que saiu do interior, que praticamente n\u00e3o \u00e9 conhecido, e est\u00e1 realizando esse sonho hoje<\/em>\u201d, disse. No dia 2 de setembro, o atleta se junta \u00e0 delega\u00e7\u00e3o brasileira para os treinos preparat\u00f3rios.<\/p>\n<p>Sobre a sua atual fase no Bahia, o jogador destacou que viveu um momento dif\u00edcil, visto que sofreu uma les\u00e3o, mas agora est\u00e1 recuperado e pronto para mostrar todo seu potencial ao clube. J\u00fanior Brumado destacou que est\u00e1 \u00e0 disposi\u00e7\u00e3o do t\u00e9cnico e que tem treinado para quando for requisitado.<\/p>\n<p><em><strong>*Achei Sudoeste<\/strong><\/em><\/p>\n","protected":false},"excerpt":{"rendered":"<p>Em entrevista ao site Achei Sudoeste, o atacante do Bahia, J\u00fanior Brumado, falou sobre a convoca\u00e7\u00e3o para a Sele\u00e7\u00e3o Brasileira de Futebol Sub-20. \u00danico representante do Norte-Nordeste a figurar na nova convoca\u00e7\u00e3o da sele\u00e7\u00e3o sub-20, o atleta disse que \u00e9 um sonho realizado. \u201cIsso \u00e9 uma grande motiva\u00e7\u00e3o para nunca desistir dos seus sonhos. De [&hellip;]<\/p>\n","protected":false},"author":2,"featured_media":27408,"comment_status":"open","ping_status":"open","sticky":false,"template":"","format":"standard","meta":{"_acf_changed":false,"_monsterinsights_skip_tracking":false,"_monsterinsights_sitenote_active":false,"_monsterinsights_sitenote_note":"","_monsterinsights_sitenote_category":0,"_jetpack_memberships_contains_paid_content":false,"footnotes":"","jetpack_publicize_message":"","jetpack_publicize_feature_enabled":true,"jetpack_social_post_already_shared":true,"jetpack_social_options":{"image_generator_settings":{"template":"highway","default_image_id":0,"font":"","enabled":false},"version":2}},"categories":[14,1],"tags":[],"class_list":["post-27407","post","type-post","status-publish","format-standard","has-post-thumbnail","hentry","category-educacao","category-noticias"],"acf":[],"jetpack_publicize_connections":[],"jetpack_featured_media_url":"https:\/\/i0.wp.com\/blogdoeloiltoncajuhy.com.br\/site\/wp-content\/uploads\/2018\/08\/junior-brumado.jpg?fit=450%2C300&ssl=1","jetpack_sharing_enabled":true,"publishpress_future_workflow_manual_trigger":{"enabledWorkflows":[]},"_links":{"self":[{"href":"https:\/\/blogdoeloiltoncajuhy.com.br\/site\/wp-json\/wp\/v2\/posts\/27407","targetHints":{"allow":["GET"]}}],"collection":[{"href":"https:\/\/blogdoeloiltoncajuhy.com.br\/site\/wp-json\/wp\/v2\/posts"}],"about":[{"href":"https:\/\/blogdoeloiltoncajuhy.com.br\/site\/wp-json\/wp\/v2\/types\/post"}],"author":[{"embeddable":true,"href":"https:\/\/blogdoeloiltoncajuhy.com.br\/site\/wp-json\/wp\/v2\/users\/2"}],"replies":[{"embeddable":true,"href":"https:\/\/blogdoeloiltoncajuhy.com.br\/site\/wp-json\/wp\/v2\/comments?post=27407"}],"version-history":[{"count":2,"href":"https:\/\/blogdoeloiltoncajuhy.com.br\/site\/wp-json\/wp\/v2\/posts\/27407\/revisions"}],"predecessor-version":[{"id":27410,"href":"https:\/\/blogdoeloiltoncajuhy.com.br\/site\/wp-json\/wp\/v2\/posts\/27407\/revisions\/27410"}],"wp:featuredmedia":[{"embeddable":true,"href":"https:\/\/blogdoeloiltoncajuhy.com.br\/site\/wp-json\/wp\/v2\/media\/27408"}],"wp:attachment":[{"href":"https:\/\/blogdoeloiltoncajuhy.com.br\/site\/wp-json\/wp\/v2\/media?parent=27407"}],"wp:term":[{"taxonomy":"category","embeddable":true,"href":"https:\/\/blogdoeloiltoncajuhy.com.br\/site\/wp-json\/wp\/v2\/categories?post=27407"},{"taxonomy":"post_tag","embeddable":true,"href":"https:\/\/blogdoeloiltoncajuhy.com.br\/site\/wp-json\/wp\/v2\/tags?post=27407"}],"curies":[{"name":"wp","href":"https:\/\/api.w.org\/{rel}","templated":true}]}}