{"id":27405,"date":"2018-08-21T21:32:59","date_gmt":"2018-08-22T00:32:59","guid":{"rendered":"http:\/\/blogdoeloiltoncajuhy.com.br\/site\/?p=27405"},"modified":"2018-08-21T21:32:59","modified_gmt":"2018-08-22T00:32:59","slug":"cresce-a-preocupacao-dos-brasileiros-com-as-tarifas-de-energia-eletrica","status":"publish","type":"post","link":"https:\/\/blogdoeloiltoncajuhy.com.br\/site\/cresce-a-preocupacao-dos-brasileiros-com-as-tarifas-de-energia-eletrica\/","title":{"rendered":"Cresce a preocupa\u00e7\u00e3o dos brasileiros com as tarifas de energia el\u00e9trica"},"content":{"rendered":"<h5 style=\"text-align: center;\"><em>Segundo o Ibope, saltou de 67% para 83% o n\u00famero dos brasileiros que consideram a conta de luz cara nos \u00faltimos cinco anos<\/em><\/h5>\n<p><a href=\"https:\/\/i0.wp.com\/blogdoeloiltoncajuhy.com.br\/site\/wp-content\/uploads\/2015\/08\/Luz-e1517006074822.jpg\"><img data-recalc-dims=\"1\" fetchpriority=\"high\" decoding=\"async\" class=\"wp-image-2724 alignright\" src=\"https:\/\/i0.wp.com\/blogdoeloiltoncajuhy.com.br\/site\/wp-content\/uploads\/2015\/08\/Luz-e1517006074822.jpg?resize=410%2C339\" alt=\"\" width=\"410\" height=\"339\" \/><\/a>Oitenta e tr\u00eas por cento dos brasileiros consideram as tarifas de energia caras ou muito caras no Brasil, um salto de 16% nessa percep\u00e7\u00e3o nos \u00faltimos cinco anos. O resultado \u00e9 fruto da pesquisa Ibope realizada este ano sob encomenda da Associa\u00e7\u00e3o Brasileira dos Comercializadores de Energia (Abraceel).<\/p>\n<p>O mesmo levantamento revela que 69% dos brasileiros querem a portabilidade da conta de luz, do mesmo modo como ocorre no setor de telefonia. Se tivessem a possibilidade de escolher o fornecedor de energia el\u00e9trica, nada menos do que 61% dos consumidores migrariam imediatamente as suas contas para outras empresas.<\/p>\n<p>Atualmente, apenas grandes ind\u00fastrias e com\u00e9rcios podem optar pelo mercado livre de energia, que, juntas, obtiveram uma redu\u00e7\u00e3o m\u00e9dia de 23% nas contas de luz nos \u00faltimos 15 anos. A atual regulamenta\u00e7\u00e3o prev\u00ea que somente empresas com consumo acima de 500 kW s\u00e3o eleg\u00edveis, um universo limitado a cerca de 15 mil neg\u00f3cios no Brasil. \u201c<em>A pesquisa do Ibope mostra claramente que os cidad\u00e3os querem ter direito aos mesmos benef\u00edcios das grandes empresas<\/em>\u201d, explica Reginaldo Medeiros, presidente da Abraceel.<\/p>\n<p>O projeto de lei de reforma do setor el\u00e9trico, PL 1917\/15, prev\u00ea uma abertura para os consumidores residenciais somente em 2028. Mesmo a totalidade das empresas do Grupo A, de alta tens\u00e3o, composto por 182 mil pequenas e m\u00e9dias ind\u00fastrias e estabelecimentos comerciais do Brasil, somente em 2026 seria contemplado. Um estudo da Abraceel mostra que inexistiria impacto para as distribuidoras e para os contratos vigentes se o benef\u00edcio fosse adiantado para 2021. \u201c<em>Com a atual crise, seria o momento do setor produtivo dar um salto em sua competitividade<\/em>\u201d, afirma Medeiros.<\/p>\n<p>Os brasileiros consideram o pre\u00e7o como o principal motivo para a troca do fornecedor de energia el\u00e9trica, com 67% das men\u00e7\u00f5es. Em segundo lugar, com 17% das respostas, surge a quest\u00e3o da qualidade do servi\u00e7o e, em terceiro lugar, com 12%, aparece o desejo de utilizar fontes limpas, tais como energia e\u00f3lica e solar.<\/p>\n<p>O desejo de produzir energia el\u00e9trica na pr\u00f3pria casa tamb\u00e9m apresentou um grande aumento nos \u00faltimos cinco anos. Saltou de 77% em 2014 para 89% neste ano, nada menos do que 12 pontos percentuais. Os consumidores estariam dispostos a investir em pain\u00e9is solares ou geradores e\u00f3licos, entre outras fontes renov\u00e1veis, ainda que apenas 1% tenha respondido que efetivamente utiliza algo do tipo em suas resid\u00eancias.<\/p>\n<p>Para ter acesso \u00e0 pesquisa na \u00edntegra, basta consultar o site www.queroenergialivre.com.br, onde o cidad\u00e3o pode obter mais informa\u00e7\u00f5es sobre a ideia, verificar o quanto poderia economizar ao participar do Ambiente de Comercializa\u00e7\u00e3o Livre (ACL) e assinar um manifesto de apoio \u00e0 tese.<\/p>\n<p><em><strong>*Ariane Locatelli<\/strong><\/em><br \/>\n<em>Retoque Comunica\u00e7\u00e3o<\/em><br \/>\n<em>Telefone: (11) 3088-0990<\/em><br \/>\n<em>ariane.locatelli@retoquejor.com.br<\/em><\/p>\n","protected":false},"excerpt":{"rendered":"<p>Segundo o Ibope, saltou de 67% para 83% o n\u00famero dos brasileiros que consideram a conta de luz cara nos \u00faltimos cinco anos Oitenta e tr\u00eas por cento dos brasileiros consideram as tarifas de energia caras ou muito caras no Brasil, um salto de 16% nessa percep\u00e7\u00e3o nos \u00faltimos cinco anos. O resultado \u00e9 fruto [&hellip;]<\/p>\n","protected":false},"author":2,"featured_media":0,"comment_status":"open","ping_status":"open","sticky":false,"template":"","format":"standard","meta":{"_acf_changed":false,"_monsterinsights_skip_tracking":false,"_monsterinsights_sitenote_active":false,"_monsterinsights_sitenote_note":"","_monsterinsights_sitenote_category":0,"_jetpack_memberships_contains_paid_content":false,"footnotes":"","jetpack_publicize_message":"","jetpack_publicize_feature_enabled":true,"jetpack_social_post_already_shared":true,"jetpack_social_options":{"image_generator_settings":{"template":"highway","default_image_id":0,"font":"","enabled":false},"version":2}},"categories":[5,1],"tags":[],"class_list":["post-27405","post","type-post","status-publish","format-standard","hentry","category-cotidiano","category-noticias"],"acf":[],"jetpack_publicize_connections":[],"jetpack_featured_media_url":"","jetpack_sharing_enabled":true,"publishpress_future_workflow_manual_trigger":{"enabledWorkflows":[]},"_links":{"self":[{"href":"https:\/\/blogdoeloiltoncajuhy.com.br\/site\/wp-json\/wp\/v2\/posts\/27405","targetHints":{"allow":["GET"]}}],"collection":[{"href":"https:\/\/blogdoeloiltoncajuhy.com.br\/site\/wp-json\/wp\/v2\/posts"}],"about":[{"href":"https:\/\/blogdoeloiltoncajuhy.com.br\/site\/wp-json\/wp\/v2\/types\/post"}],"author":[{"embeddable":true,"href":"https:\/\/blogdoeloiltoncajuhy.com.br\/site\/wp-json\/wp\/v2\/users\/2"}],"replies":[{"embeddable":true,"href":"https:\/\/blogdoeloiltoncajuhy.com.br\/site\/wp-json\/wp\/v2\/comments?post=27405"}],"version-history":[{"count":1,"href":"https:\/\/blogdoeloiltoncajuhy.com.br\/site\/wp-json\/wp\/v2\/posts\/27405\/revisions"}],"predecessor-version":[{"id":27406,"href":"https:\/\/blogdoeloiltoncajuhy.com.br\/site\/wp-json\/wp\/v2\/posts\/27405\/revisions\/27406"}],"wp:attachment":[{"href":"https:\/\/blogdoeloiltoncajuhy.com.br\/site\/wp-json\/wp\/v2\/media?parent=27405"}],"wp:term":[{"taxonomy":"category","embeddable":true,"href":"https:\/\/blogdoeloiltoncajuhy.com.br\/site\/wp-json\/wp\/v2\/categories?post=27405"},{"taxonomy":"post_tag","embeddable":true,"href":"https:\/\/blogdoeloiltoncajuhy.com.br\/site\/wp-json\/wp\/v2\/tags?post=27405"}],"curies":[{"name":"wp","href":"https:\/\/api.w.org\/{rel}","templated":true}]}}