{"id":27402,"date":"2018-08-21T10:10:28","date_gmt":"2018-08-21T13:10:28","guid":{"rendered":"http:\/\/blogdoeloiltoncajuhy.com.br\/site\/?p=27402"},"modified":"2018-08-21T10:10:28","modified_gmt":"2018-08-21T13:10:28","slug":"bonfim-esta-chegando-o-dia-do-maior-evento-do-atletismo-da-regiao","status":"publish","type":"post","link":"https:\/\/blogdoeloiltoncajuhy.com.br\/site\/bonfim-esta-chegando-o-dia-do-maior-evento-do-atletismo-da-regiao\/","title":{"rendered":"BONFIM: Est\u00e1 chegando o dia do maior evento do atletismo da regi\u00e3o"},"content":{"rendered":"<h5 style=\"text-align: center;\"><em>Inscri\u00e7\u00f5es seguem abertas at\u00e9 o dia 31 de agosto<\/em><\/h5>\n<p><a href=\"https:\/\/i0.wp.com\/blogdoeloiltoncajuhy.com.br\/site\/wp-content\/uploads\/2018\/08\/meia-maratona-bonfim.jpg\"><img data-recalc-dims=\"1\" fetchpriority=\"high\" decoding=\"async\" class=\"aligncenter size-full wp-image-27403\" src=\"https:\/\/i0.wp.com\/blogdoeloiltoncajuhy.com.br\/site\/wp-content\/uploads\/2018\/08\/meia-maratona-bonfim.jpg?resize=560%2C410\" alt=\"\" width=\"560\" height=\"410\" srcset=\"https:\/\/i0.wp.com\/blogdoeloiltoncajuhy.com.br\/site\/wp-content\/uploads\/2018\/08\/meia-maratona-bonfim.jpg?w=560&amp;ssl=1 560w, https:\/\/i0.wp.com\/blogdoeloiltoncajuhy.com.br\/site\/wp-content\/uploads\/2018\/08\/meia-maratona-bonfim.jpg?resize=300%2C220&amp;ssl=1 300w, https:\/\/i0.wp.com\/blogdoeloiltoncajuhy.com.br\/site\/wp-content\/uploads\/2018\/08\/meia-maratona-bonfim.jpg?resize=250%2C183&amp;ssl=1 250w\" sizes=\"(max-width: 560px) 100vw, 560px\" \/><\/a>Tudo est\u00e1 sendo preparado com a maior dedica\u00e7\u00e3o e carinho para oferecer o melhor, no maior evento do atletismo da regi\u00e3o. A <strong>1\u00aa MEIA MARATONA DA INDEPEND\u00caNCIA<\/strong>, que vai acontecer em Senhor do Bonfim no pr\u00f3ximo dia 9 de setembro, contar\u00e1 com toda infraestrutura:<\/p>\n<p>Cronometragem, banheiros qu\u00edmicos, stands dos patrocinadores, hidrata\u00e7\u00e3o na concentra\u00e7\u00e3o e em todo o percurso, sinaliza\u00e7\u00e3o, alimenta\u00e7\u00e3o p\u00f3s corrida, ambul\u00e2ncia e policiamento.<\/p>\n<p>Mais de 30 mil reais em premia\u00e7\u00e3o ser\u00e3o oferecidos aos ganhadores. Estar\u00e3o presentes atletas da cidade e regi\u00e3o, assim como atletas de toda a Bahia e de outros estados, entre amadores e profissionais.<\/p>\n<p>Com o objetivo de promover, realizar e incentivar o esporte, e fazer o melhor pelo social, a AUGB-Clube de Corrida, tem a certeza que s\u00f3 est\u00e1 sendo poss\u00edvel realizar um evento com essa grandeza contando com o apoio dos amigos e parceiros que acreditam no esporte como um meio de inclus\u00e3o social. Fa\u00e7a parte desta hist\u00f3ria!<\/p>\n<p><em><strong>*BLOG DO ELOILTON CAJUHY &#8211; Com informa\u00e7\u00f5es de\u00a0<\/strong><strong>Carlos Carneiro<\/strong><\/em><\/p>\n","protected":false},"excerpt":{"rendered":"<p>Inscri\u00e7\u00f5es seguem abertas at\u00e9 o dia 31 de agosto Tudo est\u00e1 sendo preparado com a maior dedica\u00e7\u00e3o e carinho para oferecer o melhor, no maior evento do atletismo da regi\u00e3o. A 1\u00aa MEIA MARATONA DA INDEPEND\u00caNCIA, que vai acontecer em Senhor do Bonfim no pr\u00f3ximo dia 9 de setembro, contar\u00e1 com toda infraestrutura: Cronometragem, banheiros [&hellip;]<\/p>\n","protected":false},"author":2,"featured_media":27403,"comment_status":"open","ping_status":"open","sticky":false,"template":"","format":"standard","meta":{"_acf_changed":false,"_monsterinsights_skip_tracking":false,"_monsterinsights_sitenote_active":false,"_monsterinsights_sitenote_note":"","_monsterinsights_sitenote_category":0,"_jetpack_memberships_contains_paid_content":false,"footnotes":"","jetpack_publicize_message":"","jetpack_publicize_feature_enabled":true,"jetpack_social_post_already_shared":true,"jetpack_social_options":{"image_generator_settings":{"template":"highway","default_image_id":0,"font":"","enabled":false},"version":2}},"categories":[6,1,4],"tags":[],"class_list":["post-27402","post","type-post","status-publish","format-standard","has-post-thumbnail","hentry","category-esportes","category-noticias","category-local"],"acf":[],"jetpack_publicize_connections":[],"jetpack_featured_media_url":"https:\/\/i0.wp.com\/blogdoeloiltoncajuhy.com.br\/site\/wp-content\/uploads\/2018\/08\/meia-maratona-bonfim.jpg?fit=560%2C410&ssl=1","jetpack_sharing_enabled":true,"publishpress_future_workflow_manual_trigger":{"enabledWorkflows":[]},"_links":{"self":[{"href":"https:\/\/blogdoeloiltoncajuhy.com.br\/site\/wp-json\/wp\/v2\/posts\/27402","targetHints":{"allow":["GET"]}}],"collection":[{"href":"https:\/\/blogdoeloiltoncajuhy.com.br\/site\/wp-json\/wp\/v2\/posts"}],"about":[{"href":"https:\/\/blogdoeloiltoncajuhy.com.br\/site\/wp-json\/wp\/v2\/types\/post"}],"author":[{"embeddable":true,"href":"https:\/\/blogdoeloiltoncajuhy.com.br\/site\/wp-json\/wp\/v2\/users\/2"}],"replies":[{"embeddable":true,"href":"https:\/\/blogdoeloiltoncajuhy.com.br\/site\/wp-json\/wp\/v2\/comments?post=27402"}],"version-history":[{"count":1,"href":"https:\/\/blogdoeloiltoncajuhy.com.br\/site\/wp-json\/wp\/v2\/posts\/27402\/revisions"}],"predecessor-version":[{"id":27404,"href":"https:\/\/blogdoeloiltoncajuhy.com.br\/site\/wp-json\/wp\/v2\/posts\/27402\/revisions\/27404"}],"wp:featuredmedia":[{"embeddable":true,"href":"https:\/\/blogdoeloiltoncajuhy.com.br\/site\/wp-json\/wp\/v2\/media\/27403"}],"wp:attachment":[{"href":"https:\/\/blogdoeloiltoncajuhy.com.br\/site\/wp-json\/wp\/v2\/media?parent=27402"}],"wp:term":[{"taxonomy":"category","embeddable":true,"href":"https:\/\/blogdoeloiltoncajuhy.com.br\/site\/wp-json\/wp\/v2\/categories?post=27402"},{"taxonomy":"post_tag","embeddable":true,"href":"https:\/\/blogdoeloiltoncajuhy.com.br\/site\/wp-json\/wp\/v2\/tags?post=27402"}],"curies":[{"name":"wp","href":"https:\/\/api.w.org\/{rel}","templated":true}]}}