{"id":27399,"date":"2018-08-21T09:45:03","date_gmt":"2018-08-21T12:45:03","guid":{"rendered":"http:\/\/blogdoeloiltoncajuhy.com.br\/site\/?p=27399"},"modified":"2018-08-21T09:45:03","modified_gmt":"2018-08-21T12:45:03","slug":"andorinha-vai-realizar-1o-forum-comunitario-do-selo-unicef-nesta-quinta-feira-23-de-agosto","status":"publish","type":"post","link":"https:\/\/blogdoeloiltoncajuhy.com.br\/site\/andorinha-vai-realizar-1o-forum-comunitario-do-selo-unicef-nesta-quinta-feira-23-de-agosto\/","title":{"rendered":"Andorinha vai realizar 1\u00ba F\u00f3rum Comunit\u00e1rio do Selo Unicef nesta quinta-feira, 23 de agosto"},"content":{"rendered":"<p><a href=\"https:\/\/i0.wp.com\/blogdoeloiltoncajuhy.com.br\/site\/wp-content\/uploads\/2018\/08\/SELO-UNICEF.jpg\"><img data-recalc-dims=\"1\" fetchpriority=\"high\" decoding=\"async\" class=\"aligncenter size-full wp-image-27400\" src=\"https:\/\/i0.wp.com\/blogdoeloiltoncajuhy.com.br\/site\/wp-content\/uploads\/2018\/08\/SELO-UNICEF.jpg?resize=540%2C386\" alt=\"\" width=\"540\" height=\"386\" srcset=\"https:\/\/i0.wp.com\/blogdoeloiltoncajuhy.com.br\/site\/wp-content\/uploads\/2018\/08\/SELO-UNICEF.jpg?w=540&amp;ssl=1 540w, https:\/\/i0.wp.com\/blogdoeloiltoncajuhy.com.br\/site\/wp-content\/uploads\/2018\/08\/SELO-UNICEF.jpg?resize=300%2C214&amp;ssl=1 300w, https:\/\/i0.wp.com\/blogdoeloiltoncajuhy.com.br\/site\/wp-content\/uploads\/2018\/08\/SELO-UNICEF.jpg?resize=250%2C179&amp;ssl=1 250w\" sizes=\"(max-width: 540px) 100vw, 540px\" \/><\/a>O primeiro F\u00f3rum Comunit\u00e1rio do Selo Fundo das Na\u00e7\u00f5es Unidas para Inf\u00e2ncia (Unicef) vai acontecer na manh\u00e3 da pr\u00f3xima quinta-feira (23), a partir das 7h30, na C\u00e2mara de Vereadores de Andorinha.<\/p>\n<p>O evento vai debater e trocar informa\u00e7\u00f5es acerca das pol\u00edticas p\u00fablicas voltadas para as crian\u00e7as e adolescentes do munic\u00edpio, onde ser\u00e1 desenvolvido um di\u00e1logo participativo abrangendo todos os setores e pessoas que convivem diretamente com a popula\u00e7\u00e3o infanto-juvenil.<\/p>\n<p>O F\u00f3rum \u00e9 aberto para membros da comunidade interessados em contribuir com o debate. O objetivo do munic\u00edpio \u00e9 atingir a meta para conquista do Selo Unicef edi\u00e7\u00e3o 2017-2020.<\/p>\n<p>\u201c<em>Al\u00e9m da ades\u00e3o do munic\u00edpio ao Selo Unicef, o projeto \u00e9 uma motiva\u00e7\u00e3o para que todos possam se unir para trabalhar as pol\u00edticas p\u00fablicas de modo efetivo voltadas para \u00e1rea da crian\u00e7a e do adolescente em nosso munic\u00edpio<\/em>\u201d, disse o prefeito Renato Brand\u00e3o.<\/p>\n<p>O evento \u00e9 realizado pelo Conselho Municipal dos Direitos da Crian\u00e7a e Adolescente (CMDCA), N\u00facleo de Cidadania dos Adolescentes (NUCA), Conselho Tutelar, Unicef e Prefeitura de Andorinha.<\/p>\n<p><strong>Sobre o Selo Unicef<\/strong><\/p>\n<p>O Unicef incentiva e apoia gestores municipais, sociedade civil e empresas para que executem a\u00e7\u00f5es estrat\u00e9gicas de pol\u00edticas p\u00fablicas e de participa\u00e7\u00e3o social, com o objetivo de melhorar as condi\u00e7\u00f5es de vida da crian\u00e7a e adolescente. Monitora e avalia a o desempenho dos munic\u00edpios nas \u00e1reas de educa\u00e7\u00e3o, sa\u00fade, prote\u00e7\u00e3o e participa\u00e7\u00e3o social. Eles s\u00e3o agrupados de acordo com os seus indicadores econ\u00f4micos e sociais e s\u00e3o avaliados no \u00e2mbito de seu estado.<\/p>\n<p><em><strong>*Ascom Prefeitura Municipal de Andorinha-BA<\/strong><\/em><\/p>\n","protected":false},"excerpt":{"rendered":"<p>O primeiro F\u00f3rum Comunit\u00e1rio do Selo Fundo das Na\u00e7\u00f5es Unidas para Inf\u00e2ncia (Unicef) vai acontecer na manh\u00e3 da pr\u00f3xima quinta-feira (23), a partir das 7h30, na C\u00e2mara de Vereadores de Andorinha. O evento vai debater e trocar informa\u00e7\u00f5es acerca das pol\u00edticas p\u00fablicas voltadas para as crian\u00e7as e adolescentes do munic\u00edpio, onde ser\u00e1 desenvolvido um di\u00e1logo [&hellip;]<\/p>\n","protected":false},"author":2,"featured_media":27400,"comment_status":"open","ping_status":"open","sticky":false,"template":"","format":"standard","meta":{"_acf_changed":false,"_monsterinsights_skip_tracking":false,"_monsterinsights_sitenote_active":false,"_monsterinsights_sitenote_note":"","_monsterinsights_sitenote_category":0,"_jetpack_memberships_contains_paid_content":false,"footnotes":"","jetpack_publicize_message":"","jetpack_publicize_feature_enabled":true,"jetpack_social_post_already_shared":true,"jetpack_social_options":{"image_generator_settings":{"template":"highway","default_image_id":0,"font":"","enabled":false},"version":2}},"categories":[1,11],"tags":[],"class_list":["post-27399","post","type-post","status-publish","format-standard","has-post-thumbnail","hentry","category-noticias","category-regional"],"acf":[],"jetpack_publicize_connections":[],"jetpack_featured_media_url":"https:\/\/i0.wp.com\/blogdoeloiltoncajuhy.com.br\/site\/wp-content\/uploads\/2018\/08\/SELO-UNICEF.jpg?fit=540%2C386&ssl=1","jetpack_sharing_enabled":true,"publishpress_future_workflow_manual_trigger":{"enabledWorkflows":[]},"_links":{"self":[{"href":"https:\/\/blogdoeloiltoncajuhy.com.br\/site\/wp-json\/wp\/v2\/posts\/27399","targetHints":{"allow":["GET"]}}],"collection":[{"href":"https:\/\/blogdoeloiltoncajuhy.com.br\/site\/wp-json\/wp\/v2\/posts"}],"about":[{"href":"https:\/\/blogdoeloiltoncajuhy.com.br\/site\/wp-json\/wp\/v2\/types\/post"}],"author":[{"embeddable":true,"href":"https:\/\/blogdoeloiltoncajuhy.com.br\/site\/wp-json\/wp\/v2\/users\/2"}],"replies":[{"embeddable":true,"href":"https:\/\/blogdoeloiltoncajuhy.com.br\/site\/wp-json\/wp\/v2\/comments?post=27399"}],"version-history":[{"count":1,"href":"https:\/\/blogdoeloiltoncajuhy.com.br\/site\/wp-json\/wp\/v2\/posts\/27399\/revisions"}],"predecessor-version":[{"id":27401,"href":"https:\/\/blogdoeloiltoncajuhy.com.br\/site\/wp-json\/wp\/v2\/posts\/27399\/revisions\/27401"}],"wp:featuredmedia":[{"embeddable":true,"href":"https:\/\/blogdoeloiltoncajuhy.com.br\/site\/wp-json\/wp\/v2\/media\/27400"}],"wp:attachment":[{"href":"https:\/\/blogdoeloiltoncajuhy.com.br\/site\/wp-json\/wp\/v2\/media?parent=27399"}],"wp:term":[{"taxonomy":"category","embeddable":true,"href":"https:\/\/blogdoeloiltoncajuhy.com.br\/site\/wp-json\/wp\/v2\/categories?post=27399"},{"taxonomy":"post_tag","embeddable":true,"href":"https:\/\/blogdoeloiltoncajuhy.com.br\/site\/wp-json\/wp\/v2\/tags?post=27399"}],"curies":[{"name":"wp","href":"https:\/\/api.w.org\/{rel}","templated":true}]}}