{"id":27377,"date":"2018-08-20T08:20:58","date_gmt":"2018-08-20T11:20:58","guid":{"rendered":"http:\/\/blogdoeloiltoncajuhy.com.br\/site\/?p=27377"},"modified":"2018-08-20T08:20:58","modified_gmt":"2018-08-20T11:20:58","slug":"por-falta-de-verba-censo-2020-do-ibge-pode-nao-acontecer","status":"publish","type":"post","link":"https:\/\/blogdoeloiltoncajuhy.com.br\/site\/por-falta-de-verba-censo-2020-do-ibge-pode-nao-acontecer\/","title":{"rendered":"Por falta de verba, censo 2020 do IBGE pode n\u00e3o acontecer"},"content":{"rendered":"<p><a href=\"https:\/\/i0.wp.com\/blogdoeloiltoncajuhy.com.br\/site\/wp-content\/uploads\/2015\/12\/concurso-ibge.jpg\"><img data-recalc-dims=\"1\" fetchpriority=\"high\" decoding=\"async\" class=\"aligncenter size-full wp-image-6672\" src=\"https:\/\/i0.wp.com\/blogdoeloiltoncajuhy.com.br\/site\/wp-content\/uploads\/2015\/12\/concurso-ibge.jpg?resize=500%2C331\" alt=\"\" width=\"500\" height=\"331\" srcset=\"https:\/\/i0.wp.com\/blogdoeloiltoncajuhy.com.br\/site\/wp-content\/uploads\/2015\/12\/concurso-ibge.jpg?w=500&amp;ssl=1 500w, https:\/\/i0.wp.com\/blogdoeloiltoncajuhy.com.br\/site\/wp-content\/uploads\/2015\/12\/concurso-ibge.jpg?resize=300%2C199&amp;ssl=1 300w, https:\/\/i0.wp.com\/blogdoeloiltoncajuhy.com.br\/site\/wp-content\/uploads\/2015\/12\/concurso-ibge.jpg?resize=250%2C166&amp;ssl=1 250w\" sizes=\"(max-width: 500px) 100vw, 500px\" \/><\/a>O Censo Demogr\u00e1fico 2020 pode ficar mais enxuto para n\u00e3o deixar de existir. Uma das principais pesquisas estat\u00edsticas do pa\u00eds feita pelo Instituto Brasileiro de Geografia e Estat\u00edstica (IBGE) deve custar, na sua pr\u00f3xima edi\u00e7\u00e3o, R$ 3,4 bilh\u00f5es, valor que o governo federal afirmou que n\u00e3o pode pagar.<\/p>\n<p>De acordo com um levantamento realizado pelo jornal Estado de S.Paulo, para seguir com os preparativos do censo 2020, que vai coletar dados na casa de todos os brasileiros, o IBGE precisaria de R$ 1 bilh\u00e3o j\u00e1 em 2019. O instituto, por\u00e9m, s\u00f3 deve receber entre R$ 200 milh\u00f5es e R$ 250 milh\u00f5es no pr\u00f3ximo ano. A dificuldade para garantir a verba de 2019 torna ainda mais remota a possibilidade de obter os R$ 2,4 bilh\u00f5es restantes em 2020.<\/p>\n<p>A avalia\u00e7\u00e3o da equipe econ\u00f4mica \u00e9 que o IBGE vai ter de \u201cracionalizar\u201d o levantamento, o que pode se traduzir em um n\u00famero menor de entrevistadores e question\u00e1rios mais enxutos. O instituto j\u00e1 havia indicado em outras ocasi\u00f5es que \u00e9 dif\u00edcil levar a pesquisa a campo com o or\u00e7amento reduzido. Estrat\u00e9gia semelhante foi adotada pelo IBGE para realiza\u00e7\u00e3o do Censo Agropecu\u00e1rio 2017.<\/p>\n<p>Ainda de acordo com a reportagem, em junho, quando anunciou o in\u00edcio dos trabalhos do censo demogr\u00e1fico, o presidente do IBGE, Roberto Olinto, refutou a possibilidade de a pesquisa ser reduzida caso a verba necess\u00e1ria n\u00e3o fosse aprovada. O Instituto diz n\u00e3o ter um posicionamento oficial do governo sobre o tema e que s\u00f3 se manifestar\u00e1 quando isso ocorrer.<\/p>\n<p><strong>Na contram\u00e3o<\/strong><\/p>\n<p>Do lado oposto da falta de verbas para o censo, os dados do pr\u00f3prio IBGE indicam que, se prosperar, o reajuste de 16,38% a ju\u00edzes e procuradores dever\u00e1 aumentar o abismo entre ricos e pobres no Brasil. A m\u00e9dia de renda do grupo \u00e9 de R$ 59 mil mensais, segundo contas do economista Marcelo Neri, coordenador do FGV Social, que combina informa\u00e7\u00f5es do Instituto Brasileiro de Geografia e Estat\u00edstica e do Imposto de Renda.<\/p>\n<p><em><strong>*Bahia Not\u00edcias<\/strong><\/em><\/p>\n","protected":false},"excerpt":{"rendered":"<p>O Censo Demogr\u00e1fico 2020 pode ficar mais enxuto para n\u00e3o deixar de existir. Uma das principais pesquisas estat\u00edsticas do pa\u00eds feita pelo Instituto Brasileiro de Geografia e Estat\u00edstica (IBGE) deve custar, na sua pr\u00f3xima edi\u00e7\u00e3o, R$ 3,4 bilh\u00f5es, valor que o governo federal afirmou que n\u00e3o pode pagar. De acordo com um levantamento realizado pelo [&hellip;]<\/p>\n","protected":false},"author":2,"featured_media":0,"comment_status":"open","ping_status":"open","sticky":false,"template":"","format":"standard","meta":{"_acf_changed":false,"_monsterinsights_skip_tracking":false,"_monsterinsights_sitenote_active":false,"_monsterinsights_sitenote_note":"","_monsterinsights_sitenote_category":0,"_jetpack_memberships_contains_paid_content":false,"footnotes":"","jetpack_publicize_message":"","jetpack_publicize_feature_enabled":true,"jetpack_social_post_already_shared":true,"jetpack_social_options":{"image_generator_settings":{"template":"highway","default_image_id":0,"font":"","enabled":false},"version":2}},"categories":[5,1],"tags":[],"class_list":["post-27377","post","type-post","status-publish","format-standard","hentry","category-cotidiano","category-noticias"],"acf":[],"jetpack_publicize_connections":[],"jetpack_featured_media_url":"","jetpack_sharing_enabled":true,"publishpress_future_workflow_manual_trigger":{"enabledWorkflows":[]},"_links":{"self":[{"href":"https:\/\/blogdoeloiltoncajuhy.com.br\/site\/wp-json\/wp\/v2\/posts\/27377","targetHints":{"allow":["GET"]}}],"collection":[{"href":"https:\/\/blogdoeloiltoncajuhy.com.br\/site\/wp-json\/wp\/v2\/posts"}],"about":[{"href":"https:\/\/blogdoeloiltoncajuhy.com.br\/site\/wp-json\/wp\/v2\/types\/post"}],"author":[{"embeddable":true,"href":"https:\/\/blogdoeloiltoncajuhy.com.br\/site\/wp-json\/wp\/v2\/users\/2"}],"replies":[{"embeddable":true,"href":"https:\/\/blogdoeloiltoncajuhy.com.br\/site\/wp-json\/wp\/v2\/comments?post=27377"}],"version-history":[{"count":1,"href":"https:\/\/blogdoeloiltoncajuhy.com.br\/site\/wp-json\/wp\/v2\/posts\/27377\/revisions"}],"predecessor-version":[{"id":27378,"href":"https:\/\/blogdoeloiltoncajuhy.com.br\/site\/wp-json\/wp\/v2\/posts\/27377\/revisions\/27378"}],"wp:attachment":[{"href":"https:\/\/blogdoeloiltoncajuhy.com.br\/site\/wp-json\/wp\/v2\/media?parent=27377"}],"wp:term":[{"taxonomy":"category","embeddable":true,"href":"https:\/\/blogdoeloiltoncajuhy.com.br\/site\/wp-json\/wp\/v2\/categories?post=27377"},{"taxonomy":"post_tag","embeddable":true,"href":"https:\/\/blogdoeloiltoncajuhy.com.br\/site\/wp-json\/wp\/v2\/tags?post=27377"}],"curies":[{"name":"wp","href":"https:\/\/api.w.org\/{rel}","templated":true}]}}