{"id":27375,"date":"2018-08-20T08:09:42","date_gmt":"2018-08-20T11:09:42","guid":{"rendered":"http:\/\/blogdoeloiltoncajuhy.com.br\/site\/?p=27375"},"modified":"2018-08-20T08:09:42","modified_gmt":"2018-08-20T11:09:42","slug":"concursos-100-orgaos-com-inscricoes-abertas-reunem-mais-de-18-mil-vagas","status":"publish","type":"post","link":"https:\/\/blogdoeloiltoncajuhy.com.br\/site\/concursos-100-orgaos-com-inscricoes-abertas-reunem-mais-de-18-mil-vagas\/","title":{"rendered":"Concursos: 100 \u00f3rg\u00e3os com inscri\u00e7\u00f5es abertas re\u00fanem mais de 18 mil vagas"},"content":{"rendered":"<h5 style=\"text-align: center;\"><em>Oportunidades s\u00e3o para profissionais de todos os n\u00edveis de escolaridade; sal\u00e1rios chegam a R$ 23,5 mil no Tribunal de Justi\u00e7a de Mato Grosso<\/em><\/h5>\n<div class=\"mc-column content-text active-extra-styles active-capital-letter\" data-block-type=\"unstyled\" data-block-weight=\"23\" data-block-id=\"1\">\n<p class=\"content-text__container theme-color-primary-first-letter\" data-track-category=\"Link no Texto\" data-track-links=\"\"><a href=\"https:\/\/i0.wp.com\/blogdoeloiltoncajuhy.com.br\/site\/wp-content\/uploads\/2017\/08\/concursos-abertos-e1502031896813.png\"><img data-recalc-dims=\"1\" fetchpriority=\"high\" decoding=\"async\" class=\"aligncenter size-full wp-image-19311\" src=\"https:\/\/i0.wp.com\/blogdoeloiltoncajuhy.com.br\/site\/wp-content\/uploads\/2017\/08\/concursos-abertos-e1502031896813.png?resize=600%2C339\" alt=\"\" width=\"600\" height=\"339\" \/><\/a>Cem concursos p\u00fablicos com inscri\u00e7\u00f5es abertas re\u00fanem 18,2 mil vagas para profissionais de todos os n\u00edveis de escolaridade e diversos estados pelo pa\u00eds.<\/p>\n<\/div>\n<div class=\"wall\">\n<div class=\"mc-column content-text active-extra-styles \" data-block-type=\"unstyled\" data-block-weight=\"32\" data-block-id=\"2\">\n<p class=\"content-text__container \" data-track-category=\"Link no Texto\" data-track-links=\"\">Al\u00e9m dos postos de trabalho abertos, h\u00e1 concursos para forma\u00e7\u00e3o de cadastro de reserva \u2013 ou seja, os candidatos aprovados s\u00e3o chamados conforme a abertura de vagas durante a validade do concurso.<\/p>\n<\/div>\n<div class=\"mc-column content-text active-extra-styles \" data-block-type=\"unstyled\" data-block-weight=\"9\" data-block-id=\"3\">\n<p class=\"content-text__container \" data-track-category=\"Link no Texto\" data-track-links=\"\"><a href=\"http:\/\/especiais.g1.globo.com\/economia\/concursos-e-emprego\/lista-de-concursos-publicos-e-vagas-de-emprego\/\" target=\"_blank\" rel=\"noopener\">CONFIRA AQUI A LISTA COMPLETA DE CONCURSOS E OPORTUNIDADES<\/a><\/p>\n<\/div>\n<div class=\"mc-column content-text active-extra-styles \" data-block-type=\"unstyled\" data-block-weight=\"31\" data-block-id=\"4\">\n<p class=\"content-text__container \" data-track-category=\"Link no Texto\" data-track-links=\"\">S\u00f3 na\u00a0<a href=\"https:\/\/g1.globo.com\/economia\/concursos-e-emprego\/noticia\/2018\/08\/06\/policia-militar-abre-27-mil-vagas-para-soldado.ghtml\">Pol\u00edcia Militar de S\u00e3o Paulo<\/a>\u00a0s\u00e3o 2,7 mil vagas para profissionais de n\u00edvel m\u00e9dio, com sal\u00e1rio de R$ 3,1 mil. As inscri\u00e7\u00f5es v\u00e3o at\u00e9 o dia 10 de setembro.<\/p>\n<\/div>\n<div class=\"mc-column content-text active-extra-styles \" data-block-type=\"unstyled\" data-block-weight=\"34\" data-block-id=\"5\">\n<p class=\"content-text__container \" data-track-category=\"Link no Texto\" data-track-links=\"\">J\u00e1 no\u00a0<a href=\"https:\/\/g1.globo.com\/mt\/mato-grosso\/concursos-e-emprego\/noticia\/2018\/08\/16\/tribunal-de-justica-de-mato-grosso-abre-9-vagas-para-juizes-com-salario-de-r-235-mil.ghtml\">Tribunal de Justi\u00e7a do Mato Grosso\u00a0<\/a>os sal\u00e1rios chegam a R$ 23,5 mil, para 9 postos. Os interessados devem ter ensino superior e podem se candidatar at\u00e9 o dia 26 de setembro.<\/p>\n<\/div>\n<div class=\"mc-column content-text active-extra-styles \" data-block-type=\"unstyled\" data-block-weight=\"17\" data-block-id=\"6\">\n<p class=\"content-text__container \" data-track-category=\"Link no Texto\" data-track-links=\"\">Somente nesta segunda (20), 14 \u00f3rg\u00e3os abrem inscri\u00e7\u00f5es para mais de 500 vagas. Veja abaixo quais s\u00e3o:<\/p>\n<\/div>\n<div class=\"mc-column content-text active-extra-styles\" data-block-type=\"raw\" data-block-weight=\"5\" data-block-id=\"7\">\n<div class=\"content-intertitle\">\n<h2>C\u00e2mara Municipal de Cachoeira Dourada<\/h2>\n<\/div>\n<\/div>\n<div class=\"mc-column content-text active-extra-styles\" data-block-type=\"raw\" data-block-weight=\"18\" data-block-id=\"8\">\n<ul class=\"content-unordered-list\">\n<li>Inscri\u00e7\u00f5es at\u00e9: 20\/09\/2018<\/li>\n<li>Vagas: 5<\/li>\n<li>Sal\u00e1rio m\u00e1ximo: R$ 2.100,00<\/li>\n<li>Escolaridade: fundamental e m\u00e9dio<\/li>\n<li>Estado: Goi\u00e1s<\/li>\n<li><a href=\"http:\/\/concursos.fesg.org.br\/index.php\/concursos\/em-andamento\/cachoeira-dourada-001-2018\" target=\"_blank\" rel=\"noopener\">Veja o edital<\/a><\/li>\n<\/ul>\n<\/div>\n<div class=\"mc-column content-text active-extra-styles\" data-block-type=\"raw\" data-block-weight=\"3\" data-block-id=\"9\">\n<div class=\"content-intertitle\">\n<h2>Marinha do Brasil<\/h2>\n<\/div>\n<\/div>\n<div class=\"mc-column content-text active-extra-styles\" data-block-type=\"raw\" data-block-weight=\"10\" data-block-id=\"10\">\n<ul class=\"content-unordered-list\">\n<li>Inscri\u00e7\u00f5es at\u00e9: 10\/09\/2018<\/li>\n<li>Vagas: 90<\/li>\n<li>Escolaridade: t\u00e9cnico<\/li>\n<li><a href=\"https:\/\/www.marinha.mil.br\/\" target=\"_blank\" rel=\"noopener\">Veja o edital<\/a><\/li>\n<\/ul>\n<\/div>\n<div class=\"mc-column content-text active-extra-styles\" data-block-type=\"raw\" data-block-weight=\"3\" data-block-id=\"11\">\n<div class=\"content-intertitle\">\n<h2>Prefeitura de Alfenas<\/h2>\n<\/div>\n<\/div>\n<div class=\"mc-column content-text active-extra-styles\" data-block-type=\"raw\" data-block-weight=\"17\" data-block-id=\"12\">\n<ul class=\"content-unordered-list\">\n<li>Inscri\u00e7\u00f5es at\u00e9: 21\/08\/2108<\/li>\n<li>Vagas: 29<\/li>\n<li>Sal\u00e1rio m\u00e1ximo: R$ 11.072,80<\/li>\n<li>Escolaridade: superior<\/li>\n<li>Estado: Minas Gerais<\/li>\n<li><a href=\"http:\/\/www.alfenas.mg.gov.br\/\" target=\"_blank\" rel=\"noopener\">Veja o edital<\/a><\/li>\n<\/ul>\n<\/div>\n<div class=\"mc-column content-text active-extra-styles\" data-block-type=\"raw\" data-block-weight=\"5\" data-block-id=\"13\">\n<div class=\"content-intertitle\">\n<h2>Prefeitura de Cocal do Sul<\/h2>\n<\/div>\n<\/div>\n<div class=\"mc-column content-text active-extra-styles\" data-block-type=\"raw\" data-block-weight=\"19\" data-block-id=\"14\">\n<ul class=\"content-unordered-list\">\n<li>Inscri\u00e7\u00f5es at\u00e9: 09\/09\/2018<\/li>\n<li>Sal\u00e1rio m\u00e1ximo: R$ 6.627,07<\/li>\n<li>Escolaridade: fundamental, m\u00e9dio, t\u00e9cnico e superior<\/li>\n<li>Estado: Santa Catarina<\/li>\n<li><a href=\"http:\/\/www.institutoexcelenciapr.com.br\/concursos\/aberto\" target=\"_blank\" rel=\"noopener\">Veja o edital<\/a><\/li>\n<\/ul>\n<\/div>\n<div class=\"mc-column content-text active-extra-styles\" data-block-type=\"raw\" data-block-weight=\"3\" data-block-id=\"15\">\n<div class=\"content-intertitle\">\n<h2>Prefeitura de Coromandel<\/h2>\n<\/div>\n<\/div>\n<div class=\"mc-column content-text active-extra-styles\" data-block-type=\"raw\" data-block-weight=\"19\" data-block-id=\"16\">\n<ul class=\"content-unordered-list\">\n<li>Inscri\u00e7\u00f5es at\u00e9: 26\/08\/2018<\/li>\n<li>Vagas: 29<\/li>\n<li>Sal\u00e1rio m\u00e1ximo: R$ 1.134,29<\/li>\n<li>Escolaridade: m\u00e9dio e t\u00e9cnico<\/li>\n<li>Estado: Minas Gerais<\/li>\n<li><a href=\"http:\/\/www.reisauditores.com.br\/concurso\/11\/detalhes\" target=\"_blank\" rel=\"noopener\">Veja o edital<\/a><\/li>\n<\/ul>\n<\/div>\n<div class=\"mc-column content-text active-extra-styles\" data-block-type=\"raw\" data-block-weight=\"6\" data-block-id=\"17\">\n<div class=\"content-intertitle\">\n<h2>Prefeitura de Nossa Senhora da Gl\u00f3ria<\/h2>\n<\/div>\n<\/div>\n<div class=\"mc-column content-text active-extra-styles\" data-block-type=\"raw\" data-block-weight=\"19\" data-block-id=\"18\">\n<ul class=\"content-unordered-list\">\n<li>Inscri\u00e7\u00f5es at\u00e9: 21\/09\/2018<\/li>\n<li>Vagas: 199<\/li>\n<li>Sal\u00e1rio m\u00e1ximo: R$ 11.353,14<\/li>\n<li>Escolaridade: fundamental, m\u00e9dio e superior<\/li>\n<li>Estado: Sergipe<\/li>\n<li><a href=\"http:\/\/www.amigapublica.com.br\/concursos\/\" target=\"_blank\" rel=\"noopener\">Veja o edital<\/a><\/li>\n<\/ul>\n<\/div>\n<div class=\"mc-column content-text active-extra-styles\" data-block-type=\"raw\" data-block-weight=\"3\" data-block-id=\"19\">\n<div class=\"content-intertitle\">\n<h2>Prefeitura de Os\u00f3rio<\/h2>\n<\/div>\n<\/div>\n<div class=\"mc-column content-text active-extra-styles\" data-block-type=\"raw\" data-block-weight=\"21\" data-block-id=\"20\">\n<ul class=\"content-unordered-list\">\n<li>Inscri\u00e7\u00f5es at\u00e9: 31\/08\/2018<\/li>\n<li>Vagas: 6<\/li>\n<li>Sal\u00e1rio m\u00e1ximo: R$ 7.498,60<\/li>\n<li>Escolaridade: t\u00e9cnico e superior<\/li>\n<li>Estado: Rio Grande do Sul<\/li>\n<li><a href=\"http:\/\/www.osorio.rs.gov.br\/site\/home\" target=\"_blank\" rel=\"noopener\">Veja o edital<\/a><\/li>\n<\/ul>\n<\/div>\n<div class=\"mc-column content-text active-extra-styles\" data-block-type=\"raw\" data-block-weight=\"3\" data-block-id=\"21\">\n<div class=\"content-intertitle\">\n<h2>Prefeitura de Romel\u00e2ndia<\/h2>\n<\/div>\n<\/div>\n<div class=\"mc-column content-text active-extra-styles\" data-block-type=\"raw\" data-block-weight=\"21\" data-block-id=\"22\">\n<ul class=\"content-unordered-list\">\n<li>Inscri\u00e7\u00f5es at\u00e9: 18\/09\/2018<\/li>\n<li>Vagas: 10<\/li>\n<li>Sal\u00e1rio m\u00e1ximo: R$ 20.421,21<\/li>\n<li>Escolaridade: alfabetizado, fundamental, m\u00e9dio, t\u00e9cnico, superior<\/li>\n<li>Estado: Santa Catarina<\/li>\n<li><a href=\"https:\/\/gestoreditais.com.br\/midias\/edital\/117\/1710\/edital-cp-romelandia_6-retificacao-pdf_82.pdf\" target=\"_blank\" rel=\"noopener\">Veja o edital<\/a><\/li>\n<\/ul>\n<\/div>\n<div class=\"mc-column content-text active-extra-styles\" data-block-type=\"raw\" data-block-weight=\"6\" data-block-id=\"23\">\n<div class=\"content-intertitle\">\n<h2>Prefeitura de S\u00e3o Francisco de Sales<\/h2>\n<div class=\"wall\">\n<div class=\"mc-column content-text active-extra-styles\" data-block-type=\"raw\" data-block-weight=\"19\" data-block-id=\"25\">\n<ul class=\"content-unordered-list\">\n<li>Inscri\u00e7\u00f5es at\u00e9: 19\/09\/2018<\/li>\n<li>Vagas: 74<\/li>\n<li>Sal\u00e1rio m\u00e1ximo: 1972,99<\/li>\n<li>Escolaridade: fundamental, m\u00e9dio e superior<\/li>\n<li>Estado: Minas Gerais<\/li>\n<li><a href=\"http:\/\/www.saofranciscodesales.mg.gov.br\/concurso-publico\" target=\"_blank\" rel=\"noopener\">Veja o edital<\/a><\/li>\n<\/ul>\n<\/div>\n<div class=\"mc-column content-text active-extra-styles\" data-block-type=\"raw\" data-block-weight=\"4\" data-block-id=\"26\">\n<div class=\"content-intertitle\">\n<h2>Prefeitura de V\u00e1rzea Paulista<\/h2>\n<\/div>\n<\/div>\n<div class=\"mc-column content-text active-extra-styles\" data-block-type=\"raw\" data-block-weight=\"17\" data-block-id=\"27\">\n<ul class=\"content-unordered-list\">\n<li>Inscri\u00e7\u00f5es at\u00e9: 09\/09\/2018<\/li>\n<li>Vagas: 7<\/li>\n<li>Sal\u00e1rio m\u00e1ximo: R$ 5.032,04<\/li>\n<li>Escolaridade: superior<\/li>\n<li>Estado: S\u00e3o Paulo<\/li>\n<li><a href=\"http:\/\/gove.varzeapaulista.sp.gov.br\/?pag=223&amp;opt=0\" target=\"_blank\" rel=\"noopener\">Veja o edital<\/a><\/li>\n<\/ul>\n<\/div>\n<div class=\"mc-column content-text active-extra-styles\" data-block-type=\"raw\" data-block-weight=\"9\" data-block-id=\"28\">\n<div class=\"content-intertitle\">\n<h2>Servi\u00e7o Aut\u00f4nomo de \u00c1gua e Esgoto (SAAE) de Nepomuceno<\/h2>\n<\/div>\n<\/div>\n<div class=\"mc-column content-text active-extra-styles\" data-block-type=\"raw\" data-block-weight=\"19\" data-block-id=\"29\">\n<ul class=\"content-unordered-list\">\n<li>Inscri\u00e7\u00f5es at\u00e9: 18\/09\/2018<\/li>\n<li>Vagas: 20<\/li>\n<li>Sal\u00e1rio m\u00e1ximo: R$ 2.980,50<\/li>\n<li>Escolaridade: fundamental e m\u00e9dio<\/li>\n<li>Estado: Minas Gerais<\/li>\n<li><a href=\"http:\/\/www.saaenep.com.br\/contest\/edital_001-2018.pdf\" target=\"_blank\" rel=\"noopener\">Veja o edital<\/a><\/li>\n<\/ul>\n<\/div>\n<div class=\"mc-column content-text active-extra-styles\" data-block-type=\"raw\" data-block-weight=\"6\" data-block-id=\"30\">\n<div class=\"content-intertitle\">\n<h2>Tribunal de Justi\u00e7a de Mato Grosso<\/h2>\n<\/div>\n<\/div>\n<div class=\"mc-column content-text active-extra-styles\" data-block-type=\"raw\" data-block-weight=\"17\" data-block-id=\"31\">\n<ul class=\"content-unordered-list\">\n<li>Inscri\u00e7\u00f5es at\u00e9: 26\/09\/2018<\/li>\n<li>Vagas: 9<\/li>\n<li>Sal\u00e1rio m\u00e1ximo: R$ 23.577,96<\/li>\n<li>Escolaridade: superior<\/li>\n<li>Estado: Mato Grosso<\/li>\n<li><a href=\"https:\/\/g1.globo.com\/mt\/mato-grosso\/concursos-e-emprego\/noticia\/2018\/08\/16\/tribunal-de-justica-de-mato-grosso-abre-9-vagas-para-juizes-com-salario-de-r-235-mil.ghtml\">Veja o edital<\/a><\/li>\n<\/ul>\n<\/div>\n<div class=\"mc-column content-text active-extra-styles\" data-block-type=\"raw\" data-block-weight=\"7\" data-block-id=\"32\">\n<div class=\"content-intertitle\">\n<h2>Universidade Estadual do Norte do Paran\u00e1 (UENP)<\/h2>\n<\/div>\n<\/div>\n<div class=\"mc-column content-text active-extra-styles\" data-block-type=\"raw\" data-block-weight=\"20\" data-block-id=\"33\">\n<ul class=\"content-unordered-list\">\n<li>Inscri\u00e7\u00f5es at\u00e9: 02\/10\/2018<\/li>\n<li>Vagas: 6<\/li>\n<li>Sal\u00e1rio m\u00e1ximo: R$ 3.253,72<\/li>\n<li>Escolaridade: fundamental, m\u00e9dio, t\u00e9cnico e superior<\/li>\n<li>Estado: Paran\u00e1<\/li>\n<li><a href=\"https:\/\/uenp.edu.br\/concurso-agentes\/concurso-agente-112-2018\/11224-edital-112-2018-abertura-de-concurso-para-contratacao-de-agentes-universitarios\/file\" target=\"_blank\" rel=\"noopener\">Veja o edital<\/a><\/li>\n<\/ul>\n<\/div>\n<div class=\"mc-column content-text active-extra-styles\" data-block-type=\"raw\" data-block-weight=\"6\" data-block-id=\"34\">\n<div class=\"content-intertitle\">\n<h2>Universidade Federal de Mato Grosso (UFMT)<\/h2>\n<\/div>\n<\/div>\n<\/div>\n<div data-track-category=\"fim do conteudo\" data-track-action=\"ultimo chunk conteudo\" data-track-noninteraction=\"false\" data-track-scroll=\"entrada completa viewport\">\n<div class=\"mc-column content-text active-extra-styles\" data-block-type=\"raw\" data-block-weight=\"17\" data-block-id=\"35\">\n<ul class=\"content-unordered-list\">\n<li>Inscri\u00e7\u00f5es at\u00e9: 16\/09\/2018<\/li>\n<li>Vagas: 31<\/li>\n<li>Sal\u00e1rio m\u00e1ximo: R$ 10.043,67<\/li>\n<li>Escolaridade: superior<\/li>\n<li>Estado: Mato Grosso<\/li>\n<li><a href=\"http:\/\/www.ufmt.br\/ufmt\/site\/\" target=\"_blank\" rel=\"noopener\">Veja o edital<\/a><\/li>\n<\/ul>\n<p><em><strong>*Por G1<\/strong><\/em><\/p>\n<\/div>\n<\/div>\n<\/div>\n<\/div>\n<\/div>\n","protected":false},"excerpt":{"rendered":"<p>Oportunidades s\u00e3o para profissionais de todos os n\u00edveis de escolaridade; sal\u00e1rios chegam a R$ 23,5 mil no Tribunal de Justi\u00e7a de Mato Grosso Cem concursos p\u00fablicos com inscri\u00e7\u00f5es abertas re\u00fanem 18,2 mil vagas para profissionais de todos os n\u00edveis de escolaridade e diversos estados pelo pa\u00eds. Al\u00e9m dos postos de trabalho abertos, h\u00e1 concursos para [&hellip;]<\/p>\n","protected":false},"author":2,"featured_media":0,"comment_status":"open","ping_status":"open","sticky":false,"template":"","format":"standard","meta":{"_acf_changed":false,"_monsterinsights_skip_tracking":false,"_monsterinsights_sitenote_active":false,"_monsterinsights_sitenote_note":"","_monsterinsights_sitenote_category":0,"_jetpack_memberships_contains_paid_content":false,"footnotes":"","jetpack_publicize_message":"","jetpack_publicize_feature_enabled":true,"jetpack_social_post_already_shared":true,"jetpack_social_options":{"image_generator_settings":{"template":"highway","default_image_id":0,"font":"","enabled":false},"version":2}},"categories":[5,1],"tags":[],"class_list":["post-27375","post","type-post","status-publish","format-standard","hentry","category-cotidiano","category-noticias"],"acf":[],"jetpack_publicize_connections":[],"jetpack_featured_media_url":"","jetpack_sharing_enabled":true,"publishpress_future_workflow_manual_trigger":{"enabledWorkflows":[]},"_links":{"self":[{"href":"https:\/\/blogdoeloiltoncajuhy.com.br\/site\/wp-json\/wp\/v2\/posts\/27375","targetHints":{"allow":["GET"]}}],"collection":[{"href":"https:\/\/blogdoeloiltoncajuhy.com.br\/site\/wp-json\/wp\/v2\/posts"}],"about":[{"href":"https:\/\/blogdoeloiltoncajuhy.com.br\/site\/wp-json\/wp\/v2\/types\/post"}],"author":[{"embeddable":true,"href":"https:\/\/blogdoeloiltoncajuhy.com.br\/site\/wp-json\/wp\/v2\/users\/2"}],"replies":[{"embeddable":true,"href":"https:\/\/blogdoeloiltoncajuhy.com.br\/site\/wp-json\/wp\/v2\/comments?post=27375"}],"version-history":[{"count":1,"href":"https:\/\/blogdoeloiltoncajuhy.com.br\/site\/wp-json\/wp\/v2\/posts\/27375\/revisions"}],"predecessor-version":[{"id":27376,"href":"https:\/\/blogdoeloiltoncajuhy.com.br\/site\/wp-json\/wp\/v2\/posts\/27375\/revisions\/27376"}],"wp:attachment":[{"href":"https:\/\/blogdoeloiltoncajuhy.com.br\/site\/wp-json\/wp\/v2\/media?parent=27375"}],"wp:term":[{"taxonomy":"category","embeddable":true,"href":"https:\/\/blogdoeloiltoncajuhy.com.br\/site\/wp-json\/wp\/v2\/categories?post=27375"},{"taxonomy":"post_tag","embeddable":true,"href":"https:\/\/blogdoeloiltoncajuhy.com.br\/site\/wp-json\/wp\/v2\/tags?post=27375"}],"curies":[{"name":"wp","href":"https:\/\/api.w.org\/{rel}","templated":true}]}}