{"id":27364,"date":"2018-08-19T11:59:13","date_gmt":"2018-08-19T14:59:13","guid":{"rendered":"http:\/\/blogdoeloiltoncajuhy.com.br\/site\/?p=27364"},"modified":"2018-08-19T11:59:13","modified_gmt":"2018-08-19T14:59:13","slug":"senhor-do-bonfim-familia-procura-por-menor-desaparecido-de-sua-residencia","status":"publish","type":"post","link":"https:\/\/blogdoeloiltoncajuhy.com.br\/site\/senhor-do-bonfim-familia-procura-por-menor-desaparecido-de-sua-residencia\/","title":{"rendered":"Senhor do Bonfim: Fam\u00edlia procura por menor desaparecido de sua resid\u00eancia"},"content":{"rendered":"<figure id=\"attachment_27365\" aria-describedby=\"caption-attachment-27365\" style=\"width: 401px\" class=\"wp-caption aligncenter\"><a href=\"https:\/\/i0.wp.com\/blogdoeloiltoncajuhy.com.br\/site\/wp-content\/uploads\/2018\/08\/glaydson-luciano.jpg\"><img data-recalc-dims=\"1\" fetchpriority=\"high\" decoding=\"async\" class=\"wp-image-27365 size-full\" src=\"https:\/\/i0.wp.com\/blogdoeloiltoncajuhy.com.br\/site\/wp-content\/uploads\/2018\/08\/glaydson-luciano.jpg?resize=401%2C480\" alt=\"\" width=\"401\" height=\"480\" srcset=\"https:\/\/i0.wp.com\/blogdoeloiltoncajuhy.com.br\/site\/wp-content\/uploads\/2018\/08\/glaydson-luciano.jpg?w=401&amp;ssl=1 401w, https:\/\/i0.wp.com\/blogdoeloiltoncajuhy.com.br\/site\/wp-content\/uploads\/2018\/08\/glaydson-luciano.jpg?resize=251%2C300&amp;ssl=1 251w, https:\/\/i0.wp.com\/blogdoeloiltoncajuhy.com.br\/site\/wp-content\/uploads\/2018\/08\/glaydson-luciano.jpg?resize=209%2C250&amp;ssl=1 209w\" sizes=\"(max-width: 401px) 100vw, 401px\" \/><\/a><figcaption id=\"caption-attachment-27365\" class=\"wp-caption-text\">Foto: Redes sociais<\/figcaption><\/figure>\n<p>Encontra-se desparecido o menor <strong>Glaydson Luciano Moraes da Silva<\/strong>, de 17 anos, morador do Bairro Promorar em Senhor do Bonfim. Conforme ocorr\u00eancia registrada por familiares na delegacia de pol\u00edcia, ele saiu de casa na \u00faltima sexta-feira (17), por volta das 19h e, desde ent\u00e3o, ningu\u00e9m sabe deu seu paradeiro.<\/p>\n<p>Aflita, a fam\u00edlia procura pelo rapaz. Quem tiver qualquer informa\u00e7\u00e3o sobre o paradeiro de Glaydson, deve entrar em contato com o n\u00famero 74 99142-7271. Ou ainda na delegacia de pol\u00edcia ou Conselho Tutelar de Senhor do Bonfim.<\/p>\n<p><em><strong>*BLOG DO ELOILTON CAJUHY<\/strong><\/em><\/p>\n","protected":false},"excerpt":{"rendered":"<p>Encontra-se desparecido o menor Glaydson Luciano Moraes da Silva, de 17 anos, morador do Bairro Promorar em Senhor do Bonfim. Conforme ocorr\u00eancia registrada por familiares na delegacia de pol\u00edcia, ele saiu de casa na \u00faltima sexta-feira (17), por volta das 19h e, desde ent\u00e3o, ningu\u00e9m sabe deu seu paradeiro. Aflita, a fam\u00edlia procura pelo rapaz. [&hellip;]<\/p>\n","protected":false},"author":2,"featured_media":27365,"comment_status":"open","ping_status":"open","sticky":false,"template":"","format":"standard","meta":{"_acf_changed":false,"_monsterinsights_skip_tracking":false,"_monsterinsights_sitenote_active":false,"_monsterinsights_sitenote_note":"","_monsterinsights_sitenote_category":0,"_jetpack_memberships_contains_paid_content":false,"footnotes":"","jetpack_publicize_message":"","jetpack_publicize_feature_enabled":true,"jetpack_social_post_already_shared":true,"jetpack_social_options":{"image_generator_settings":{"template":"highway","default_image_id":0,"font":"","enabled":false},"version":2}},"categories":[1,4],"tags":[],"class_list":["post-27364","post","type-post","status-publish","format-standard","has-post-thumbnail","hentry","category-noticias","category-local"],"acf":[],"jetpack_publicize_connections":[],"jetpack_featured_media_url":"https:\/\/i0.wp.com\/blogdoeloiltoncajuhy.com.br\/site\/wp-content\/uploads\/2018\/08\/glaydson-luciano.jpg?fit=401%2C480&ssl=1","jetpack_sharing_enabled":true,"publishpress_future_workflow_manual_trigger":{"enabledWorkflows":[]},"_links":{"self":[{"href":"https:\/\/blogdoeloiltoncajuhy.com.br\/site\/wp-json\/wp\/v2\/posts\/27364","targetHints":{"allow":["GET"]}}],"collection":[{"href":"https:\/\/blogdoeloiltoncajuhy.com.br\/site\/wp-json\/wp\/v2\/posts"}],"about":[{"href":"https:\/\/blogdoeloiltoncajuhy.com.br\/site\/wp-json\/wp\/v2\/types\/post"}],"author":[{"embeddable":true,"href":"https:\/\/blogdoeloiltoncajuhy.com.br\/site\/wp-json\/wp\/v2\/users\/2"}],"replies":[{"embeddable":true,"href":"https:\/\/blogdoeloiltoncajuhy.com.br\/site\/wp-json\/wp\/v2\/comments?post=27364"}],"version-history":[{"count":1,"href":"https:\/\/blogdoeloiltoncajuhy.com.br\/site\/wp-json\/wp\/v2\/posts\/27364\/revisions"}],"predecessor-version":[{"id":27366,"href":"https:\/\/blogdoeloiltoncajuhy.com.br\/site\/wp-json\/wp\/v2\/posts\/27364\/revisions\/27366"}],"wp:featuredmedia":[{"embeddable":true,"href":"https:\/\/blogdoeloiltoncajuhy.com.br\/site\/wp-json\/wp\/v2\/media\/27365"}],"wp:attachment":[{"href":"https:\/\/blogdoeloiltoncajuhy.com.br\/site\/wp-json\/wp\/v2\/media?parent=27364"}],"wp:term":[{"taxonomy":"category","embeddable":true,"href":"https:\/\/blogdoeloiltoncajuhy.com.br\/site\/wp-json\/wp\/v2\/categories?post=27364"},{"taxonomy":"post_tag","embeddable":true,"href":"https:\/\/blogdoeloiltoncajuhy.com.br\/site\/wp-json\/wp\/v2\/tags?post=27364"}],"curies":[{"name":"wp","href":"https:\/\/api.w.org\/{rel}","templated":true}]}}