{"id":27336,"date":"2018-08-17T21:27:33","date_gmt":"2018-08-18T00:27:33","guid":{"rendered":"http:\/\/blogdoeloiltoncajuhy.com.br\/site\/?p=27336"},"modified":"2018-08-17T21:27:33","modified_gmt":"2018-08-18T00:27:33","slug":"comece-o-sabado-meditando-43","status":"publish","type":"post","link":"https:\/\/blogdoeloiltoncajuhy.com.br\/site\/comece-o-sabado-meditando-43\/","title":{"rendered":"Comece o s\u00e1bado meditando"},"content":{"rendered":"<h5 style=\"text-align: center;\"><span style=\"color: #0000ff;\"><strong>Evangelho &#8211; Mt 19,13-15 &#8211;\u00a0Deixai as crian\u00e7as, e n\u00e3o as proibais de virem a mim,\u00a0porque delas \u00e9 o Reino dos C\u00e9us<\/strong><\/span><\/h5>\n<p><a href=\"https:\/\/i0.wp.com\/blogdoeloiltoncajuhy.com.br\/site\/wp-content\/uploads\/2016\/09\/liturgia_set_16-2.jpg\"><img data-recalc-dims=\"1\" fetchpriority=\"high\" decoding=\"async\" class=\"aligncenter size-full wp-image-12279\" src=\"https:\/\/i0.wp.com\/blogdoeloiltoncajuhy.com.br\/site\/wp-content\/uploads\/2016\/09\/liturgia_set_16-2.jpg?resize=320%2C180\" alt=\"\" width=\"320\" height=\"180\" srcset=\"https:\/\/i0.wp.com\/blogdoeloiltoncajuhy.com.br\/site\/wp-content\/uploads\/2016\/09\/liturgia_set_16-2.jpg?w=320&amp;ssl=1 320w, https:\/\/i0.wp.com\/blogdoeloiltoncajuhy.com.br\/site\/wp-content\/uploads\/2016\/09\/liturgia_set_16-2.jpg?resize=300%2C169&amp;ssl=1 300w, https:\/\/i0.wp.com\/blogdoeloiltoncajuhy.com.br\/site\/wp-content\/uploads\/2016\/09\/liturgia_set_16-2.jpg?resize=250%2C141&amp;ssl=1 250w\" sizes=\"(max-width: 320px) 100vw, 320px\" \/><\/a>Naquele tempo: Levaram crian\u00e7as a Jesus, para que impusesse as m\u00e3os sobre elas e fizesse uma ora\u00e7\u00e3o. Os disc\u00edpulos, por\u00e9m, as repreendiam. Ent\u00e3o Jesus disse: &#8216;Deixai as crian\u00e7as, e n\u00e3o as proibais de virem a mim, porque delas \u00e9 o Reino dos C\u00e9us&#8217;.\u00a0E depois de imp\u00f4r as m\u00e3os sobre elas, Jesus partiu dali.<\/p>\n<p><em><strong>Palavra da Salva\u00e7\u00e3o!<\/strong><\/em><\/p>\n<p><strong>*<a href=\"http:\/\/liturgiadiaria.cnbb.org.br\/app\/user\/user\/UserView.php?ano=2018&amp;mes=8&amp;dia=18\">CNBB<\/a><\/strong><\/p>\n","protected":false},"excerpt":{"rendered":"<p>Evangelho &#8211; Mt 19,13-15 &#8211;\u00a0Deixai as crian\u00e7as, e n\u00e3o as proibais de virem a mim,\u00a0porque delas \u00e9 o Reino dos C\u00e9us Naquele tempo: Levaram crian\u00e7as a Jesus, para que impusesse as m\u00e3os sobre elas e fizesse uma ora\u00e7\u00e3o. Os disc\u00edpulos, por\u00e9m, as repreendiam. Ent\u00e3o Jesus disse: &#8216;Deixai as crian\u00e7as, e n\u00e3o as proibais de virem [&hellip;]<\/p>\n","protected":false},"author":2,"featured_media":0,"comment_status":"open","ping_status":"open","sticky":false,"template":"","format":"standard","meta":{"_acf_changed":false,"_monsterinsights_skip_tracking":false,"_monsterinsights_sitenote_active":false,"_monsterinsights_sitenote_note":"","_monsterinsights_sitenote_category":0,"_jetpack_memberships_contains_paid_content":false,"footnotes":"","jetpack_publicize_message":"","jetpack_publicize_feature_enabled":true,"jetpack_social_post_already_shared":true,"jetpack_social_options":{"image_generator_settings":{"template":"highway","default_image_id":0,"font":"","enabled":false},"version":2}},"categories":[1,9],"tags":[],"class_list":["post-27336","post","type-post","status-publish","format-standard","hentry","category-noticias","category-reflexao"],"acf":[],"jetpack_publicize_connections":[],"jetpack_featured_media_url":"","jetpack_sharing_enabled":true,"publishpress_future_workflow_manual_trigger":{"enabledWorkflows":[]},"_links":{"self":[{"href":"https:\/\/blogdoeloiltoncajuhy.com.br\/site\/wp-json\/wp\/v2\/posts\/27336","targetHints":{"allow":["GET"]}}],"collection":[{"href":"https:\/\/blogdoeloiltoncajuhy.com.br\/site\/wp-json\/wp\/v2\/posts"}],"about":[{"href":"https:\/\/blogdoeloiltoncajuhy.com.br\/site\/wp-json\/wp\/v2\/types\/post"}],"author":[{"embeddable":true,"href":"https:\/\/blogdoeloiltoncajuhy.com.br\/site\/wp-json\/wp\/v2\/users\/2"}],"replies":[{"embeddable":true,"href":"https:\/\/blogdoeloiltoncajuhy.com.br\/site\/wp-json\/wp\/v2\/comments?post=27336"}],"version-history":[{"count":1,"href":"https:\/\/blogdoeloiltoncajuhy.com.br\/site\/wp-json\/wp\/v2\/posts\/27336\/revisions"}],"predecessor-version":[{"id":27337,"href":"https:\/\/blogdoeloiltoncajuhy.com.br\/site\/wp-json\/wp\/v2\/posts\/27336\/revisions\/27337"}],"wp:attachment":[{"href":"https:\/\/blogdoeloiltoncajuhy.com.br\/site\/wp-json\/wp\/v2\/media?parent=27336"}],"wp:term":[{"taxonomy":"category","embeddable":true,"href":"https:\/\/blogdoeloiltoncajuhy.com.br\/site\/wp-json\/wp\/v2\/categories?post=27336"},{"taxonomy":"post_tag","embeddable":true,"href":"https:\/\/blogdoeloiltoncajuhy.com.br\/site\/wp-json\/wp\/v2\/tags?post=27336"}],"curies":[{"name":"wp","href":"https:\/\/api.w.org\/{rel}","templated":true}]}}