{"id":27333,"date":"2018-08-17T21:23:20","date_gmt":"2018-08-18T00:23:20","guid":{"rendered":"http:\/\/blogdoeloiltoncajuhy.com.br\/site\/?p=27333"},"modified":"2018-08-17T21:23:20","modified_gmt":"2018-08-18T00:23:20","slug":"mp-ba-recomenda-que-municipios-convoquem-pais-a-vacinarem-criancas-e-adolescentes-entre-os-citados-campo-formoso-e-antonio-goncalves","status":"publish","type":"post","link":"https:\/\/blogdoeloiltoncajuhy.com.br\/site\/mp-ba-recomenda-que-municipios-convoquem-pais-a-vacinarem-criancas-e-adolescentes-entre-os-citados-campo-formoso-e-antonio-goncalves\/","title":{"rendered":"MP-BA recomenda que munic\u00edpios convoquem pais a vacinarem crian\u00e7as e adolescentes. Entre os citados, Campo Formoso e Antonio Gon\u00e7alves"},"content":{"rendered":"<figure id=\"attachment_27334\" aria-describedby=\"caption-attachment-27334\" style=\"width: 380px\" class=\"wp-caption alignleft\"><a href=\"https:\/\/i0.wp.com\/blogdoeloiltoncajuhy.com.br\/site\/wp-content\/uploads\/2018\/08\/vacina%C3%A7%C3%A3o-ago2018.jpg\"><img data-recalc-dims=\"1\" fetchpriority=\"high\" decoding=\"async\" class=\"wp-image-27334 size-full\" src=\"https:\/\/i0.wp.com\/blogdoeloiltoncajuhy.com.br\/site\/wp-content\/uploads\/2018\/08\/vacina%C3%A7%C3%A3o-ago2018.jpg?resize=380%2C280\" alt=\"\" width=\"380\" height=\"280\" srcset=\"https:\/\/i0.wp.com\/blogdoeloiltoncajuhy.com.br\/site\/wp-content\/uploads\/2018\/08\/vacina%C3%A7%C3%A3o-ago2018.jpg?w=380&amp;ssl=1 380w, https:\/\/i0.wp.com\/blogdoeloiltoncajuhy.com.br\/site\/wp-content\/uploads\/2018\/08\/vacina%C3%A7%C3%A3o-ago2018.jpg?resize=300%2C221&amp;ssl=1 300w, https:\/\/i0.wp.com\/blogdoeloiltoncajuhy.com.br\/site\/wp-content\/uploads\/2018\/08\/vacina%C3%A7%C3%A3o-ago2018.jpg?resize=250%2C184&amp;ssl=1 250w\" sizes=\"(max-width: 380px) 100vw, 380px\" \/><\/a><figcaption id=\"caption-attachment-27334\" class=\"wp-caption-text\">Foto: Reprodu\u00e7\u00e3o \/ EBC<\/figcaption><\/figure>\n<p>O Minist\u00e9rio P\u00fablico do Estado da Bahia expediu uma s\u00e9rie de recomenda\u00e7\u00f5es para que os munic\u00edpios de Barreiras, Irec\u00ea, Valen\u00e7a, Cairu, Presidente Tancredo Neves, <strong>Campo Formoso<\/strong> e <strong>Ant\u00f4nio Gon\u00e7alves<\/strong> empreendam esfor\u00e7os na divulga\u00e7\u00e3o e convoca\u00e7\u00e3o de pais para atendimento ao chamamento da Campanha de Vacina\u00e7\u00e3o Nacional.<\/p>\n<p>O objetivo da atua\u00e7\u00e3o dos promotores \u00e9 garantir a imuniza\u00e7\u00e3o das crian\u00e7as e jovens, al\u00e9m do controle de doen\u00e7as contagiosas preven\u00edveis. Os Munic\u00edpios foram orientados a divulgar, como aviso de utilidade p\u00fablica, a obrigatoriedade da vacina\u00e7\u00e3o para as crian\u00e7as assim como a Campanha atrav\u00e9s dos meios de comunica\u00e7\u00e3o. As recomenda\u00e7\u00f5es do MP foram direcionadas aos secret\u00e1rios de Sa\u00fade e de Educa\u00e7\u00e3o, \u00e0 Coordena\u00e7\u00e3o da Imuniza\u00e7\u00e3o dos Munic\u00edpios e aos Sindicatos das Escolas Privadas.<\/p>\n<p>No documento, os promotores de Justi\u00e7a recomendam \u00e0s Secretarias Municipais de Educa\u00e7\u00e3o e escolas municipais que exijam a apresenta\u00e7\u00e3o do Cart\u00e3o de Vacina atualizado no ato da matr\u00edcula escolar. Al\u00e9m disso, que solicitem aos respons\u00e1veis pelas crian\u00e7as e adolescentes que assinem um termo de autoriza\u00e7\u00e3o para atualiza\u00e7\u00e3o da caderneta vacinal em campanhas nacionais realizadas durante o ano letivo.<\/p>\n<p>As recomenda\u00e7\u00f5es tamb\u00e9m foram dirigidas aos Sindicatos das Escolas Privadas, para que orientem os propriet\u00e1rios das escolas a disponibilizar espa\u00e7o f\u00edsico para vacina\u00e7\u00e3o e para cobrar os cart\u00f5es de vacina no ato da matr\u00edcula. Os dias e hor\u00e1rios de vacina\u00e7\u00e3o nas escolas e creches devem ser articulados em conjunto com a coordena\u00e7\u00e3o de Imuniza\u00e7\u00e3o, a ger\u00eancia de Aten\u00e7\u00e3o B\u00e1sica e a secretaria de Educa\u00e7\u00e3o de cada Munic\u00edpio.<\/p>\n<p><em><strong>*Bahia Not\u00edcias<\/strong><\/em><\/p>\n","protected":false},"excerpt":{"rendered":"<p>O Minist\u00e9rio P\u00fablico do Estado da Bahia expediu uma s\u00e9rie de recomenda\u00e7\u00f5es para que os munic\u00edpios de Barreiras, Irec\u00ea, Valen\u00e7a, Cairu, Presidente Tancredo Neves, Campo Formoso e Ant\u00f4nio Gon\u00e7alves empreendam esfor\u00e7os na divulga\u00e7\u00e3o e convoca\u00e7\u00e3o de pais para atendimento ao chamamento da Campanha de Vacina\u00e7\u00e3o Nacional. O objetivo da atua\u00e7\u00e3o dos promotores \u00e9 garantir a [&hellip;]<\/p>\n","protected":false},"author":2,"featured_media":27334,"comment_status":"open","ping_status":"open","sticky":false,"template":"","format":"standard","meta":{"_acf_changed":false,"_monsterinsights_skip_tracking":false,"_monsterinsights_sitenote_active":false,"_monsterinsights_sitenote_note":"","_monsterinsights_sitenote_category":0,"_jetpack_memberships_contains_paid_content":false,"footnotes":"","jetpack_publicize_message":"","jetpack_publicize_feature_enabled":true,"jetpack_social_post_already_shared":true,"jetpack_social_options":{"image_generator_settings":{"template":"highway","default_image_id":0,"font":"","enabled":false},"version":2}},"categories":[1,7],"tags":[],"class_list":["post-27333","post","type-post","status-publish","format-standard","has-post-thumbnail","hentry","category-noticias","category-saude"],"acf":[],"jetpack_publicize_connections":[],"jetpack_featured_media_url":"https:\/\/i0.wp.com\/blogdoeloiltoncajuhy.com.br\/site\/wp-content\/uploads\/2018\/08\/vacina%C3%A7%C3%A3o-ago2018.jpg?fit=380%2C280&ssl=1","jetpack_sharing_enabled":true,"publishpress_future_workflow_manual_trigger":{"enabledWorkflows":[]},"_links":{"self":[{"href":"https:\/\/blogdoeloiltoncajuhy.com.br\/site\/wp-json\/wp\/v2\/posts\/27333","targetHints":{"allow":["GET"]}}],"collection":[{"href":"https:\/\/blogdoeloiltoncajuhy.com.br\/site\/wp-json\/wp\/v2\/posts"}],"about":[{"href":"https:\/\/blogdoeloiltoncajuhy.com.br\/site\/wp-json\/wp\/v2\/types\/post"}],"author":[{"embeddable":true,"href":"https:\/\/blogdoeloiltoncajuhy.com.br\/site\/wp-json\/wp\/v2\/users\/2"}],"replies":[{"embeddable":true,"href":"https:\/\/blogdoeloiltoncajuhy.com.br\/site\/wp-json\/wp\/v2\/comments?post=27333"}],"version-history":[{"count":1,"href":"https:\/\/blogdoeloiltoncajuhy.com.br\/site\/wp-json\/wp\/v2\/posts\/27333\/revisions"}],"predecessor-version":[{"id":27335,"href":"https:\/\/blogdoeloiltoncajuhy.com.br\/site\/wp-json\/wp\/v2\/posts\/27333\/revisions\/27335"}],"wp:featuredmedia":[{"embeddable":true,"href":"https:\/\/blogdoeloiltoncajuhy.com.br\/site\/wp-json\/wp\/v2\/media\/27334"}],"wp:attachment":[{"href":"https:\/\/blogdoeloiltoncajuhy.com.br\/site\/wp-json\/wp\/v2\/media?parent=27333"}],"wp:term":[{"taxonomy":"category","embeddable":true,"href":"https:\/\/blogdoeloiltoncajuhy.com.br\/site\/wp-json\/wp\/v2\/categories?post=27333"},{"taxonomy":"post_tag","embeddable":true,"href":"https:\/\/blogdoeloiltoncajuhy.com.br\/site\/wp-json\/wp\/v2\/tags?post=27333"}],"curies":[{"name":"wp","href":"https:\/\/api.w.org\/{rel}","templated":true}]}}