{"id":27330,"date":"2018-08-17T20:12:05","date_gmt":"2018-08-17T23:12:05","guid":{"rendered":"http:\/\/blogdoeloiltoncajuhy.com.br\/site\/?p=27330"},"modified":"2018-08-17T20:12:05","modified_gmt":"2018-08-17T23:12:05","slug":"politica-onu-pede-que-brasil-garanta-candidatura-de-lula-e-participacao-em-debates","status":"publish","type":"post","link":"https:\/\/blogdoeloiltoncajuhy.com.br\/site\/politica-onu-pede-que-brasil-garanta-candidatura-de-lula-e-participacao-em-debates\/","title":{"rendered":"POL\u00cdTICA: ONU pede que Brasil garanta candidatura de Lula e participa\u00e7\u00e3o em debates"},"content":{"rendered":"<figure id=\"attachment_27331\" aria-describedby=\"caption-attachment-27331\" style=\"width: 380px\" class=\"wp-caption aligncenter\"><a href=\"https:\/\/i0.wp.com\/blogdoeloiltoncajuhy.com.br\/site\/wp-content\/uploads\/2018\/08\/lula-recomenda%C3%A7%C3%A3o-onu.jpg\"><img data-recalc-dims=\"1\" fetchpriority=\"high\" decoding=\"async\" class=\"wp-image-27331 size-full\" src=\"https:\/\/i0.wp.com\/blogdoeloiltoncajuhy.com.br\/site\/wp-content\/uploads\/2018\/08\/lula-recomenda%C3%A7%C3%A3o-onu.jpg?resize=380%2C280\" alt=\"\" width=\"380\" height=\"280\" srcset=\"https:\/\/i0.wp.com\/blogdoeloiltoncajuhy.com.br\/site\/wp-content\/uploads\/2018\/08\/lula-recomenda%C3%A7%C3%A3o-onu.jpg?w=380&amp;ssl=1 380w, https:\/\/i0.wp.com\/blogdoeloiltoncajuhy.com.br\/site\/wp-content\/uploads\/2018\/08\/lula-recomenda%C3%A7%C3%A3o-onu.jpg?resize=300%2C221&amp;ssl=1 300w, https:\/\/i0.wp.com\/blogdoeloiltoncajuhy.com.br\/site\/wp-content\/uploads\/2018\/08\/lula-recomenda%C3%A7%C3%A3o-onu.jpg?resize=250%2C184&amp;ssl=1 250w\" sizes=\"(max-width: 380px) 100vw, 380px\" \/><\/a><figcaption id=\"caption-attachment-27331\" class=\"wp-caption-text\">Foto: Ricardo Stuckert \/ Instituto Lula<\/figcaption><\/figure>\n<p>O Comit\u00ea de Direitos Humanos da Organiza\u00e7\u00e3o das Na\u00e7\u00f5es Unidas (ONU) recomendou nesta sexta-feira (17) que o Brasil garanta os direitos pol\u00edticos do ex-presidente Luiz In\u00e1cio Lula da Silva. Preso em Curitiba ap\u00f3s ter sido condenado a 12 anos e 1 m\u00eas de pris\u00e3o, Lula registrou candidatura \u00e0 Presid\u00eancia da Rep\u00fablica. O comit\u00ea atendeu pedido feito pela defesa do ex-presidente.<\/p>\n<p>Apesar do pedido feito pelo \u00f3rg\u00e3o, o documento \u00e9 apenas uma recomenda\u00e7\u00e3o e o Estado brasileiro n\u00e3o tem obriga\u00e7\u00e3o de cumpri-la. No comunicado, a ONU ainda recomendou que Lula possa ter \u201c<em>acesso apropriado \u00e0 imprensa e membros de seu partido pol\u00edtico<\/em>\u201d. &#8220;<em>O Comit\u00ea tamb\u00e9m solicita ao Brasil que n\u00e3o o impe\u00e7a de concorrer \u00e0s elei\u00e7\u00f5es para presidente em 2018, at\u00e9 que seus recursos diante das cortes tenham sido completados em processos jur\u00eddicos justos<\/em>&#8220;, declarou a ONU no comunicado.<\/p>\n<p>O \u00f3rg\u00e3o colegiado ainda ponderou que concedeu apenas medidas provis\u00f3rias ao candidato e que o m\u00e9rito do processo do ex-presidente na ONU s\u00f3 ser\u00e1 avaliado em 2019.<\/p>\n<p>&#8220;<em>Essa solicita\u00e7\u00e3o n\u00e3o significa que o Comit\u00ea concluiu ainda que existiam viola\u00e7\u00f5es &#8211; trata-se de medidas urgentes para preservar os direitos de Lula, enquanto o m\u00e9rito do caso continua em considera\u00e7\u00e3o<\/em>&#8220;, explicou. &#8220;<em>Isso ocorreria no ano que vem<\/em>&#8220;, disse.<\/p>\n<p><em><strong>*Bahia Not\u00edcias<\/strong><\/em><\/p>\n","protected":false},"excerpt":{"rendered":"<p>O Comit\u00ea de Direitos Humanos da Organiza\u00e7\u00e3o das Na\u00e7\u00f5es Unidas (ONU) recomendou nesta sexta-feira (17) que o Brasil garanta os direitos pol\u00edticos do ex-presidente Luiz In\u00e1cio Lula da Silva. Preso em Curitiba ap\u00f3s ter sido condenado a 12 anos e 1 m\u00eas de pris\u00e3o, Lula registrou candidatura \u00e0 Presid\u00eancia da Rep\u00fablica. O comit\u00ea atendeu pedido [&hellip;]<\/p>\n","protected":false},"author":2,"featured_media":27331,"comment_status":"open","ping_status":"open","sticky":false,"template":"","format":"standard","meta":{"_acf_changed":false,"_monsterinsights_skip_tracking":false,"_monsterinsights_sitenote_active":false,"_monsterinsights_sitenote_note":"","_monsterinsights_sitenote_category":0,"_jetpack_memberships_contains_paid_content":false,"footnotes":"","jetpack_publicize_message":"","jetpack_publicize_feature_enabled":true,"jetpack_social_post_already_shared":true,"jetpack_social_options":{"image_generator_settings":{"template":"highway","default_image_id":0,"font":"","enabled":false},"version":2}},"categories":[1,3],"tags":[],"class_list":["post-27330","post","type-post","status-publish","format-standard","has-post-thumbnail","hentry","category-noticias","category-politica"],"acf":[],"jetpack_publicize_connections":[],"jetpack_featured_media_url":"https:\/\/i0.wp.com\/blogdoeloiltoncajuhy.com.br\/site\/wp-content\/uploads\/2018\/08\/lula-recomenda%C3%A7%C3%A3o-onu.jpg?fit=380%2C280&ssl=1","jetpack_sharing_enabled":true,"publishpress_future_workflow_manual_trigger":{"enabledWorkflows":[]},"_links":{"self":[{"href":"https:\/\/blogdoeloiltoncajuhy.com.br\/site\/wp-json\/wp\/v2\/posts\/27330","targetHints":{"allow":["GET"]}}],"collection":[{"href":"https:\/\/blogdoeloiltoncajuhy.com.br\/site\/wp-json\/wp\/v2\/posts"}],"about":[{"href":"https:\/\/blogdoeloiltoncajuhy.com.br\/site\/wp-json\/wp\/v2\/types\/post"}],"author":[{"embeddable":true,"href":"https:\/\/blogdoeloiltoncajuhy.com.br\/site\/wp-json\/wp\/v2\/users\/2"}],"replies":[{"embeddable":true,"href":"https:\/\/blogdoeloiltoncajuhy.com.br\/site\/wp-json\/wp\/v2\/comments?post=27330"}],"version-history":[{"count":1,"href":"https:\/\/blogdoeloiltoncajuhy.com.br\/site\/wp-json\/wp\/v2\/posts\/27330\/revisions"}],"predecessor-version":[{"id":27332,"href":"https:\/\/blogdoeloiltoncajuhy.com.br\/site\/wp-json\/wp\/v2\/posts\/27330\/revisions\/27332"}],"wp:featuredmedia":[{"embeddable":true,"href":"https:\/\/blogdoeloiltoncajuhy.com.br\/site\/wp-json\/wp\/v2\/media\/27331"}],"wp:attachment":[{"href":"https:\/\/blogdoeloiltoncajuhy.com.br\/site\/wp-json\/wp\/v2\/media?parent=27330"}],"wp:term":[{"taxonomy":"category","embeddable":true,"href":"https:\/\/blogdoeloiltoncajuhy.com.br\/site\/wp-json\/wp\/v2\/categories?post=27330"},{"taxonomy":"post_tag","embeddable":true,"href":"https:\/\/blogdoeloiltoncajuhy.com.br\/site\/wp-json\/wp\/v2\/tags?post=27330"}],"curies":[{"name":"wp","href":"https:\/\/api.w.org\/{rel}","templated":true}]}}