{"id":27327,"date":"2018-08-17T11:37:33","date_gmt":"2018-08-17T14:37:33","guid":{"rendered":"http:\/\/blogdoeloiltoncajuhy.com.br\/site\/?p=27327"},"modified":"2018-08-17T11:37:33","modified_gmt":"2018-08-17T14:37:33","slug":"esportes-dede-paqueta-e-pedro-sao-novidades-em-convocacao-de-tite-para-a-selecao-brasileira","status":"publish","type":"post","link":"https:\/\/blogdoeloiltoncajuhy.com.br\/site\/esportes-dede-paqueta-e-pedro-sao-novidades-em-convocacao-de-tite-para-a-selecao-brasileira\/","title":{"rendered":"ESPORTES: Ded\u00e9, Paquet\u00e1 e Pedro s\u00e3o novidades em convoca\u00e7\u00e3o de Tite para a Sele\u00e7\u00e3o Brasileira"},"content":{"rendered":"<figure id=\"attachment_27328\" aria-describedby=\"caption-attachment-27328\" style=\"width: 380px\" class=\"wp-caption alignright\"><a href=\"https:\/\/i0.wp.com\/blogdoeloiltoncajuhy.com.br\/site\/wp-content\/uploads\/2018\/08\/tite_convocacao_ago2018.jpg\"><img data-recalc-dims=\"1\" fetchpriority=\"high\" decoding=\"async\" class=\"wp-image-27328 size-full\" src=\"https:\/\/i0.wp.com\/blogdoeloiltoncajuhy.com.br\/site\/wp-content\/uploads\/2018\/08\/tite_convocacao_ago2018.jpg?resize=380%2C280\" alt=\"\" width=\"380\" height=\"280\" srcset=\"https:\/\/i0.wp.com\/blogdoeloiltoncajuhy.com.br\/site\/wp-content\/uploads\/2018\/08\/tite_convocacao_ago2018.jpg?w=380&amp;ssl=1 380w, https:\/\/i0.wp.com\/blogdoeloiltoncajuhy.com.br\/site\/wp-content\/uploads\/2018\/08\/tite_convocacao_ago2018.jpg?resize=300%2C221&amp;ssl=1 300w, https:\/\/i0.wp.com\/blogdoeloiltoncajuhy.com.br\/site\/wp-content\/uploads\/2018\/08\/tite_convocacao_ago2018.jpg?resize=250%2C184&amp;ssl=1 250w\" sizes=\"(max-width: 380px) 100vw, 380px\" \/><\/a><figcaption id=\"caption-attachment-27328\" class=\"wp-caption-text\">Foto: Divulga\u00e7\u00e3o \/ CBF<\/figcaption><\/figure>\n<p>Pouco mais de um m\u00eas ap\u00f3s ter sido eliminada da Copa do Mundo pela B\u00e9lgica, a Sele\u00e7\u00e3o Brasileira foi convocada na manh\u00e3 desta sexta-feira (17) pelo t\u00e9cnico Tite para os amistosos contra Estados Unidos e El Salvador, marcados para os dias 7 e 11 de setembro, respectivamente. As duas partidas ser\u00e3o em solo americano.<\/p>\n<p>Os destaques da lista de 24 jogadores chamados s\u00e3o as presen\u00e7as do zagueiro Ded\u00e9, do meia Lucas Paquet\u00e1 e dos atacantes Pedro e Everton, que jogam no Cruzeiro, Flamengo, Fluminense e Gr\u00eamio, respectivamente.<\/p>\n<p>Titular na disputa da Copa, o atacante Gabriel Jesus n\u00e3o foi chamado pelo treinador. No Mundial, o atleta do Manchester City passou cinco partidas sem marcar. O lateral-esquerdo Marcelo tamb\u00e9m n\u00e3o est\u00e1 na lista.<\/p>\n<p>O goleiro Ederson, do Manchester City, foi liberado pela comiss\u00e3o t\u00e9cnica por motivos pessoais.<\/p>\n<p><strong>Confira a lista completa:<\/strong><\/p>\n<p><strong>Goleiros:<\/strong> Alisson (Liverpool), Hugo (Flamengo) e Neto (Valencia)<\/p>\n<p><strong>Defensores:<\/strong> Alex Sandro (Juventus), Ded\u00e9 (Cruzeiro), Fabinho (Liverpool), Fagner (Corinthians), Felipe (Porto), Filipe Luis (Atl\u00e9tico de Madri), Marquinhos (PSG) e Thiago Silva (PSG)<\/p>\n<p><strong>Meio-campistas:<\/strong> Andreas Pereira (Manchester United), Arthur (Barcelona), Casemiro (Real Madrid), Fred (Manchester United), Lucas Paquet\u00e1 (Flamengo), Philippe Coutinho (Barcelona), Renato Augusto (Beijing Guoan)<\/p>\n<p><strong>Atacantes:<\/strong> Douglas Costa (Juventus), Everton (Gr\u00eamio), Roberto Firmino (Liverpool), Neymar (PSG), Pedro (Fluminense), Willian (Chelsea)<\/p>\n<p><em><strong>*Bahia Not\u00edcias<\/strong><\/em><\/p>\n","protected":false},"excerpt":{"rendered":"<p>Pouco mais de um m\u00eas ap\u00f3s ter sido eliminada da Copa do Mundo pela B\u00e9lgica, a Sele\u00e7\u00e3o Brasileira foi convocada na manh\u00e3 desta sexta-feira (17) pelo t\u00e9cnico Tite para os amistosos contra Estados Unidos e El Salvador, marcados para os dias 7 e 11 de setembro, respectivamente. As duas partidas ser\u00e3o em solo americano. Os [&hellip;]<\/p>\n","protected":false},"author":2,"featured_media":27328,"comment_status":"open","ping_status":"open","sticky":false,"template":"","format":"standard","meta":{"_acf_changed":false,"_monsterinsights_skip_tracking":false,"_monsterinsights_sitenote_active":false,"_monsterinsights_sitenote_note":"","_monsterinsights_sitenote_category":0,"_jetpack_memberships_contains_paid_content":false,"footnotes":"","jetpack_publicize_message":"","jetpack_publicize_feature_enabled":true,"jetpack_social_post_already_shared":true,"jetpack_social_options":{"image_generator_settings":{"template":"highway","default_image_id":0,"font":"","enabled":false},"version":2}},"categories":[6,1],"tags":[],"class_list":["post-27327","post","type-post","status-publish","format-standard","has-post-thumbnail","hentry","category-esportes","category-noticias"],"acf":[],"jetpack_publicize_connections":[],"jetpack_featured_media_url":"https:\/\/i0.wp.com\/blogdoeloiltoncajuhy.com.br\/site\/wp-content\/uploads\/2018\/08\/tite_convocacao_ago2018.jpg?fit=380%2C280&ssl=1","jetpack_sharing_enabled":true,"publishpress_future_workflow_manual_trigger":{"enabledWorkflows":[]},"_links":{"self":[{"href":"https:\/\/blogdoeloiltoncajuhy.com.br\/site\/wp-json\/wp\/v2\/posts\/27327","targetHints":{"allow":["GET"]}}],"collection":[{"href":"https:\/\/blogdoeloiltoncajuhy.com.br\/site\/wp-json\/wp\/v2\/posts"}],"about":[{"href":"https:\/\/blogdoeloiltoncajuhy.com.br\/site\/wp-json\/wp\/v2\/types\/post"}],"author":[{"embeddable":true,"href":"https:\/\/blogdoeloiltoncajuhy.com.br\/site\/wp-json\/wp\/v2\/users\/2"}],"replies":[{"embeddable":true,"href":"https:\/\/blogdoeloiltoncajuhy.com.br\/site\/wp-json\/wp\/v2\/comments?post=27327"}],"version-history":[{"count":1,"href":"https:\/\/blogdoeloiltoncajuhy.com.br\/site\/wp-json\/wp\/v2\/posts\/27327\/revisions"}],"predecessor-version":[{"id":27329,"href":"https:\/\/blogdoeloiltoncajuhy.com.br\/site\/wp-json\/wp\/v2\/posts\/27327\/revisions\/27329"}],"wp:featuredmedia":[{"embeddable":true,"href":"https:\/\/blogdoeloiltoncajuhy.com.br\/site\/wp-json\/wp\/v2\/media\/27328"}],"wp:attachment":[{"href":"https:\/\/blogdoeloiltoncajuhy.com.br\/site\/wp-json\/wp\/v2\/media?parent=27327"}],"wp:term":[{"taxonomy":"category","embeddable":true,"href":"https:\/\/blogdoeloiltoncajuhy.com.br\/site\/wp-json\/wp\/v2\/categories?post=27327"},{"taxonomy":"post_tag","embeddable":true,"href":"https:\/\/blogdoeloiltoncajuhy.com.br\/site\/wp-json\/wp\/v2\/tags?post=27327"}],"curies":[{"name":"wp","href":"https:\/\/api.w.org\/{rel}","templated":true}]}}