{"id":27325,"date":"2018-08-17T08:10:06","date_gmt":"2018-08-17T11:10:06","guid":{"rendered":"http:\/\/blogdoeloiltoncajuhy.com.br\/site\/?p=27325"},"modified":"2018-08-17T08:10:06","modified_gmt":"2018-08-17T11:10:06","slug":"dia-d-de-vacinacao-contra-polio-e-sarampo-sera-neste-sabado","status":"publish","type":"post","link":"https:\/\/blogdoeloiltoncajuhy.com.br\/site\/dia-d-de-vacinacao-contra-polio-e-sarampo-sera-neste-sabado\/","title":{"rendered":"Dia D de vacina\u00e7\u00e3o contra p\u00f3lio e sarampo ser\u00e1 neste s\u00e1bado"},"content":{"rendered":"<figure id=\"attachment_26941\" aria-describedby=\"caption-attachment-26941\" style=\"width: 580px\" class=\"wp-caption aligncenter\"><a href=\"https:\/\/i0.wp.com\/blogdoeloiltoncajuhy.com.br\/site\/wp-content\/uploads\/2018\/07\/vacina%C3%A7%C3%A3o-2018_ago.jpg\"><img data-recalc-dims=\"1\" fetchpriority=\"high\" decoding=\"async\" class=\"size-full wp-image-26941\" src=\"https:\/\/i0.wp.com\/blogdoeloiltoncajuhy.com.br\/site\/wp-content\/uploads\/2018\/07\/vacina%C3%A7%C3%A3o-2018_ago.jpg?resize=580%2C387\" alt=\"\" width=\"580\" height=\"387\" srcset=\"https:\/\/i0.wp.com\/blogdoeloiltoncajuhy.com.br\/site\/wp-content\/uploads\/2018\/07\/vacina%C3%A7%C3%A3o-2018_ago.jpg?w=580&amp;ssl=1 580w, https:\/\/i0.wp.com\/blogdoeloiltoncajuhy.com.br\/site\/wp-content\/uploads\/2018\/07\/vacina%C3%A7%C3%A3o-2018_ago.jpg?resize=300%2C200&amp;ssl=1 300w, https:\/\/i0.wp.com\/blogdoeloiltoncajuhy.com.br\/site\/wp-content\/uploads\/2018\/07\/vacina%C3%A7%C3%A3o-2018_ago.jpg?resize=250%2C167&amp;ssl=1 250w\" sizes=\"(max-width: 580px) 100vw, 580px\" \/><\/a><figcaption id=\"caption-attachment-26941\" class=\"wp-caption-text\">Foto: Tomaz Silva\/Ag\u00eancia Brasil<\/figcaption><\/figure>\n<p>Postos de sa\u00fade em todo o pa\u00eds abrem as portas neste s\u00e1bado (18), para o chamado Dia D de Mobiliza\u00e7\u00e3o Nacional contra o sarampo e a poliomielite.\u00a0Todas as crian\u00e7as com idade entre um ano e menores de 5 anos devem receber as doses, independentemente de sua situa\u00e7\u00e3o vacinal. A campanha segue at\u00e9 31 de agosto.<\/p>\n<p>A meta do governo federal \u00e9 imunizar 11,2 milh\u00f5es de crian\u00e7as e atingir o marco de 95% de cobertura vacinal nessa faixa et\u00e1ria, conforme recomendado pela Organiza\u00e7\u00e3o Mundial da Sa\u00fade (OMS).\u00a0At\u00e9 a \u00faltima ter\u00e7a-feira (14), no entanto, 84% das crian\u00e7as que integram o p\u00fablico-alvo ainda n\u00e3o haviam recebido as doses.<\/p>\n<p>Este ano, a vacina\u00e7\u00e3o ser\u00e1 feita de forma indiscriminada, o que significa que mesmo as crian\u00e7as que j\u00e1 est\u00e3o com esquema vacinal completo devem ser levadas aos postos de sa\u00fade para receber mais um refor\u00e7o.<\/p>\n<p>No caso da p\u00f3lio, as que n\u00e3o tomaram nenhuma dose ao longo da vida v\u00e3o receber a vacina injet\u00e1vel e as que j\u00e1 tomaram uma ou mais doses devem receber a oral.\u00a0Para o sarampo, todas as crian\u00e7as com idade entre um ano e menores de 5 anos v\u00e3o receber uma dose da Tr\u00edplice Viral, desde que n\u00e3o tenham sido vacinadas nos \u00faltimos 30 dias.<\/p>\n<p><strong>Casos de sarampo<\/strong><\/p>\n<p>Atualmente, o pa\u00eds enfrenta dois surtos de sarampo &#8211; em Roraima e no Amazonas. At\u00e9 a \u00faltima ter\u00e7a-feira (14), foram confirmados 910 casos no Amazonas, onde 5.630 outros casos permanecem em investiga\u00e7\u00e3o. J\u00e1 em Roraima, s\u00e3o 296 casos confirmados e 101 em investiga\u00e7\u00e3o.<\/p>\n<p>H\u00e1 ainda, de acordo com o Minist\u00e9rio da Sa\u00fade, casos isolados e relacionados \u00e0 importa\u00e7\u00e3o nos seguintes estados: S\u00e3o Paulo (1), Rio de Janeiro (14), Rio Grande do Sul (13), Rond\u00f4nia (1) e Par\u00e1 (2).<\/p>\n<p>At\u00e9 o momento, foram confirmadas no Brasil seis mortes por sarampo, sendo quatro em Roraima (tr\u00eas em estrangeiros e um em brasileiro) e dois no Amazonas (brasileiros).<\/p>\n<p><em><strong>*Ag\u00eancia Brasil<\/strong><\/em><\/p>\n","protected":false},"excerpt":{"rendered":"<p>Postos de sa\u00fade em todo o pa\u00eds abrem as portas neste s\u00e1bado (18), para o chamado Dia D de Mobiliza\u00e7\u00e3o Nacional contra o sarampo e a poliomielite.\u00a0Todas as crian\u00e7as com idade entre um ano e menores de 5 anos devem receber as doses, independentemente de sua situa\u00e7\u00e3o vacinal. A campanha segue at\u00e9 31 de agosto. [&hellip;]<\/p>\n","protected":false},"author":2,"featured_media":0,"comment_status":"open","ping_status":"open","sticky":false,"template":"","format":"standard","meta":{"_acf_changed":false,"_monsterinsights_skip_tracking":false,"_monsterinsights_sitenote_active":false,"_monsterinsights_sitenote_note":"","_monsterinsights_sitenote_category":0,"_jetpack_memberships_contains_paid_content":false,"footnotes":"","jetpack_publicize_message":"","jetpack_publicize_feature_enabled":true,"jetpack_social_post_already_shared":true,"jetpack_social_options":{"image_generator_settings":{"template":"highway","default_image_id":0,"font":"","enabled":false},"version":2}},"categories":[1,7],"tags":[],"class_list":["post-27325","post","type-post","status-publish","format-standard","hentry","category-noticias","category-saude"],"acf":[],"jetpack_publicize_connections":[],"jetpack_featured_media_url":"","jetpack_sharing_enabled":true,"publishpress_future_workflow_manual_trigger":{"enabledWorkflows":[]},"_links":{"self":[{"href":"https:\/\/blogdoeloiltoncajuhy.com.br\/site\/wp-json\/wp\/v2\/posts\/27325","targetHints":{"allow":["GET"]}}],"collection":[{"href":"https:\/\/blogdoeloiltoncajuhy.com.br\/site\/wp-json\/wp\/v2\/posts"}],"about":[{"href":"https:\/\/blogdoeloiltoncajuhy.com.br\/site\/wp-json\/wp\/v2\/types\/post"}],"author":[{"embeddable":true,"href":"https:\/\/blogdoeloiltoncajuhy.com.br\/site\/wp-json\/wp\/v2\/users\/2"}],"replies":[{"embeddable":true,"href":"https:\/\/blogdoeloiltoncajuhy.com.br\/site\/wp-json\/wp\/v2\/comments?post=27325"}],"version-history":[{"count":1,"href":"https:\/\/blogdoeloiltoncajuhy.com.br\/site\/wp-json\/wp\/v2\/posts\/27325\/revisions"}],"predecessor-version":[{"id":27326,"href":"https:\/\/blogdoeloiltoncajuhy.com.br\/site\/wp-json\/wp\/v2\/posts\/27325\/revisions\/27326"}],"wp:attachment":[{"href":"https:\/\/blogdoeloiltoncajuhy.com.br\/site\/wp-json\/wp\/v2\/media?parent=27325"}],"wp:term":[{"taxonomy":"category","embeddable":true,"href":"https:\/\/blogdoeloiltoncajuhy.com.br\/site\/wp-json\/wp\/v2\/categories?post=27325"},{"taxonomy":"post_tag","embeddable":true,"href":"https:\/\/blogdoeloiltoncajuhy.com.br\/site\/wp-json\/wp\/v2\/tags?post=27325"}],"curies":[{"name":"wp","href":"https:\/\/api.w.org\/{rel}","templated":true}]}}