{"id":27157,"date":"2018-08-09T08:28:47","date_gmt":"2018-08-09T11:28:47","guid":{"rendered":"http:\/\/blogdoeloiltoncajuhy.com.br\/site\/?p=27157"},"modified":"2018-08-09T08:28:47","modified_gmt":"2018-08-09T11:28:47","slug":"oito-meses-depois-de-crime-dna-confirma-que-suspeito-de-matar-mulher-gravida-era-pai-da-crianca-bebe-nao-sobreviveu","status":"publish","type":"post","link":"https:\/\/blogdoeloiltoncajuhy.com.br\/site\/oito-meses-depois-de-crime-dna-confirma-que-suspeito-de-matar-mulher-gravida-era-pai-da-crianca-bebe-nao-sobreviveu\/","title":{"rendered":"Oito meses depois de crime, DNA confirma que suspeito de matar mulher gr\u00e1vida era pai da crian\u00e7a; beb\u00ea n\u00e3o sobreviveu"},"content":{"rendered":"<h5 style=\"text-align: center;\"><em>Segundo informa\u00e7\u00f5es da Pol\u00edcia Civil, suspeito continua custodiado no Pres\u00eddio de Serrinha. Caso aconteceu em dezembro de 2017<\/em><\/h5>\n<figure id=\"attachment_22033\" aria-describedby=\"caption-attachment-22033\" style=\"width: 600px\" class=\"wp-caption aligncenter\"><a href=\"https:\/\/i0.wp.com\/blogdoeloiltoncajuhy.com.br\/site\/wp-content\/uploads\/2017\/12\/serrinha-jovem-morta.jpg\"><img data-recalc-dims=\"1\" fetchpriority=\"high\" decoding=\"async\" class=\"wp-image-22033 size-full\" src=\"https:\/\/i0.wp.com\/blogdoeloiltoncajuhy.com.br\/site\/wp-content\/uploads\/2017\/12\/serrinha-jovem-morta.jpg?resize=600%2C376\" alt=\"\" width=\"600\" height=\"376\" srcset=\"https:\/\/i0.wp.com\/blogdoeloiltoncajuhy.com.br\/site\/wp-content\/uploads\/2017\/12\/serrinha-jovem-morta.jpg?w=600&amp;ssl=1 600w, https:\/\/i0.wp.com\/blogdoeloiltoncajuhy.com.br\/site\/wp-content\/uploads\/2017\/12\/serrinha-jovem-morta.jpg?resize=300%2C188&amp;ssl=1 300w, https:\/\/i0.wp.com\/blogdoeloiltoncajuhy.com.br\/site\/wp-content\/uploads\/2017\/12\/serrinha-jovem-morta.jpg?resize=250%2C157&amp;ssl=1 250w\" sizes=\"(max-width: 600px) 100vw, 600px\" \/><\/a><figcaption id=\"caption-attachment-22033\" class=\"wp-caption-text\">Jovem de 25 anos foi encontrada morta em matagal (Foto: Reprodu\u00e7\u00e3o\/Facebook)<\/figcaption><\/figure>\n<p>Um exame de DNA confirmou que o beb\u00ea que <strong>Daiane Reis Mota<\/strong>, de 25 anos, esperava quando foi morta pelo marido, em dezembro de 2017, na cidade de Serrinha, era filho do autor do crime, segundo informa\u00e7\u00f5es da Pol\u00edcia Civil. A crian\u00e7a n\u00e3o sobreviveu.<\/p>\n<p>De acordo com um familiar, que n\u00e3o quis ser identificado, o resultado do laudo que foi entregue na ter\u00e7a-feira (7), n\u00e3o trouxe surpresas para a fam\u00edlia, que j\u00e1 esperava que a menina fosse filha de <strong>Adilson Prado Lima J\u00fanior<\/strong>.<\/p>\n<p>Conforme a pol\u00edcia, o suspeito que tamb\u00e9m tem 25 anos, ainda n\u00e3o foi julgado, mas continua custodiado no pres\u00eddio da cidade. Adilson J\u00fanior foi preso dois dias ap\u00f3s o crime. Ele chegou a denunciar o desaparecimento da mulher, a ajudar a pol\u00edcia nas buscas pela jovem e foi ao vel\u00f3rio da v\u00edtima. O suspeito confessou que matou a mulher ap\u00f3s as investiga\u00e7\u00f5es apontarem que Daiane saiu de casa pela \u00faltima vez na companhia dele.<\/p>\n<p>\u00c0 pol\u00edcia, o suspeito disse que decidiu cometer o crime ap\u00f3s encontrar mensagens no celular de Daiane. O conte\u00fado das mensagens n\u00e3o foi divulgado. Adilson detalhou, ainda, que a v\u00edtima foi baleada quando estava de costas e n\u00e3o teria desconfiado que seria morta.<\/p>\n<p>Segundo a pol\u00edcia, Adilson matou a mulher com um tiro na nuca, depois de ter usado a desculpa de que mostraria a ela um terreno que seria comprado pelo casal. A jovem estava com o parto marcado para dois dias ap\u00f3s o crime.<\/p>\n<p>Conforme a pol\u00edcia, Adilson J\u00fanior confessou o crime e disse que matou a jovem ap\u00f3s encontrar mensagens no WhatsApp dela.<\/p>\n<p><strong>O caso<\/strong><\/p>\n<figure id=\"attachment_22047\" aria-describedby=\"caption-attachment-22047\" style=\"width: 550px\" class=\"wp-caption aligncenter\"><a href=\"https:\/\/i0.wp.com\/blogdoeloiltoncajuhy.com.br\/site\/wp-content\/uploads\/2017\/12\/daiane-gravida.jpg\"><img data-recalc-dims=\"1\" decoding=\"async\" class=\"wp-image-22047 size-full\" src=\"https:\/\/i0.wp.com\/blogdoeloiltoncajuhy.com.br\/site\/wp-content\/uploads\/2017\/12\/daiane-gravida.jpg?resize=550%2C344\" alt=\"\" width=\"550\" height=\"344\" srcset=\"https:\/\/i0.wp.com\/blogdoeloiltoncajuhy.com.br\/site\/wp-content\/uploads\/2017\/12\/daiane-gravida.jpg?w=550&amp;ssl=1 550w, https:\/\/i0.wp.com\/blogdoeloiltoncajuhy.com.br\/site\/wp-content\/uploads\/2017\/12\/daiane-gravida.jpg?resize=300%2C188&amp;ssl=1 300w, https:\/\/i0.wp.com\/blogdoeloiltoncajuhy.com.br\/site\/wp-content\/uploads\/2017\/12\/daiane-gravida.jpg?resize=250%2C156&amp;ssl=1 250w\" sizes=\"(max-width: 550px) 100vw, 550px\" \/><\/a><figcaption id=\"caption-attachment-22047\" class=\"wp-caption-text\">Homem confessou ter matado jovem gr\u00e1vida antes do parto (Foto: Reprodu\u00e7\u00e3o\/ Facebook)<\/figcaption><\/figure>\n<p>O corpo de Daiane, que estava gr\u00e1vida de nove meses, foi encontrado no dia 17 de dezembro, em um matagal na localidade de Barra do Vento, em Serrinha, por ciclistas que faziam trilhas na regi\u00e3o. O grupo acionou a pol\u00edcia.<\/p>\n<p>O marido da v\u00edtima foi preso ap\u00f3s a pol\u00edcia desconfiar da vers\u00e3o apresentada por ele. Adilson tamb\u00e9m afirmou que escondeu o celular da v\u00edtima para dificultar as investiga\u00e7\u00f5es. De acordo com a pol\u00edcia, a carteira e o celular da v\u00edtima foram encontrados sobre um arm\u00e1rio na casa do casal.<\/p>\n<p><em><strong>*Por G1 BA<\/strong><\/em><\/p>\n","protected":false},"excerpt":{"rendered":"<p>Segundo informa\u00e7\u00f5es da Pol\u00edcia Civil, suspeito continua custodiado no Pres\u00eddio de Serrinha. Caso aconteceu em dezembro de 2017 Um exame de DNA confirmou que o beb\u00ea que Daiane Reis Mota, de 25 anos, esperava quando foi morta pelo marido, em dezembro de 2017, na cidade de Serrinha, era filho do autor do crime, segundo informa\u00e7\u00f5es [&hellip;]<\/p>\n","protected":false},"author":2,"featured_media":0,"comment_status":"open","ping_status":"open","sticky":false,"template":"","format":"standard","meta":{"_acf_changed":false,"_monsterinsights_skip_tracking":false,"_monsterinsights_sitenote_active":false,"_monsterinsights_sitenote_note":"","_monsterinsights_sitenote_category":0,"_jetpack_memberships_contains_paid_content":false,"footnotes":"","jetpack_publicize_message":"","jetpack_publicize_feature_enabled":true,"jetpack_social_post_already_shared":true,"jetpack_social_options":{"image_generator_settings":{"template":"highway","default_image_id":0,"font":"","enabled":false},"version":2}},"categories":[5,1,11],"tags":[],"class_list":["post-27157","post","type-post","status-publish","format-standard","hentry","category-cotidiano","category-noticias","category-regional"],"acf":[],"jetpack_publicize_connections":[],"jetpack_featured_media_url":"","jetpack_sharing_enabled":true,"publishpress_future_workflow_manual_trigger":{"enabledWorkflows":[]},"_links":{"self":[{"href":"https:\/\/blogdoeloiltoncajuhy.com.br\/site\/wp-json\/wp\/v2\/posts\/27157","targetHints":{"allow":["GET"]}}],"collection":[{"href":"https:\/\/blogdoeloiltoncajuhy.com.br\/site\/wp-json\/wp\/v2\/posts"}],"about":[{"href":"https:\/\/blogdoeloiltoncajuhy.com.br\/site\/wp-json\/wp\/v2\/types\/post"}],"author":[{"embeddable":true,"href":"https:\/\/blogdoeloiltoncajuhy.com.br\/site\/wp-json\/wp\/v2\/users\/2"}],"replies":[{"embeddable":true,"href":"https:\/\/blogdoeloiltoncajuhy.com.br\/site\/wp-json\/wp\/v2\/comments?post=27157"}],"version-history":[{"count":1,"href":"https:\/\/blogdoeloiltoncajuhy.com.br\/site\/wp-json\/wp\/v2\/posts\/27157\/revisions"}],"predecessor-version":[{"id":27158,"href":"https:\/\/blogdoeloiltoncajuhy.com.br\/site\/wp-json\/wp\/v2\/posts\/27157\/revisions\/27158"}],"wp:attachment":[{"href":"https:\/\/blogdoeloiltoncajuhy.com.br\/site\/wp-json\/wp\/v2\/media?parent=27157"}],"wp:term":[{"taxonomy":"category","embeddable":true,"href":"https:\/\/blogdoeloiltoncajuhy.com.br\/site\/wp-json\/wp\/v2\/categories?post=27157"},{"taxonomy":"post_tag","embeddable":true,"href":"https:\/\/blogdoeloiltoncajuhy.com.br\/site\/wp-json\/wp\/v2\/tags?post=27157"}],"curies":[{"name":"wp","href":"https:\/\/api.w.org\/{rel}","templated":true}]}}