{"id":2037,"date":"2015-07-09T19:06:02","date_gmt":"2015-07-09T22:06:02","guid":{"rendered":"http:\/\/blogdoeloiltoncajuhy.com.br\/site\/?p=2037"},"modified":"2015-07-09T19:06:02","modified_gmt":"2015-07-09T22:06:02","slug":"padre-luis-tonetto-celebra-50-anos-de-sacerdocio","status":"publish","type":"post","link":"https:\/\/blogdoeloiltoncajuhy.com.br\/site\/padre-luis-tonetto-celebra-50-anos-de-sacerdocio\/","title":{"rendered":"Padre Lu\u00eds Tonetto celebra 50 anos de sacerd\u00f3cio"},"content":{"rendered":"<figure id=\"attachment_2038\" aria-describedby=\"caption-attachment-2038\" style=\"width: 1126px\" class=\"wp-caption aligncenter\"><a href=\"https:\/\/i0.wp.com\/blogdoeloiltoncajuhy.com.br\/site\/wp-content\/uploads\/2015\/07\/Padre-Luis-1.jpeg\"><img data-recalc-dims=\"1\" fetchpriority=\"high\" decoding=\"async\" class=\"wp-image-2038 size-full\" src=\"https:\/\/i0.wp.com\/blogdoeloiltoncajuhy.com.br\/site\/wp-content\/uploads\/2015\/07\/Padre-Luis-1.jpeg?resize=800%2C534\" alt=\"Padre Luis sendo cumprimentado por Jos\u00e9 de Jesus do MPA \/ Foto: Thomas\" width=\"800\" height=\"534\" srcset=\"https:\/\/i0.wp.com\/blogdoeloiltoncajuhy.com.br\/site\/wp-content\/uploads\/2015\/07\/Padre-Luis-1.jpeg?w=1126&amp;ssl=1 1126w, https:\/\/i0.wp.com\/blogdoeloiltoncajuhy.com.br\/site\/wp-content\/uploads\/2015\/07\/Padre-Luis-1.jpeg?resize=300%2C200&amp;ssl=1 300w, https:\/\/i0.wp.com\/blogdoeloiltoncajuhy.com.br\/site\/wp-content\/uploads\/2015\/07\/Padre-Luis-1.jpeg?resize=1024%2C683&amp;ssl=1 1024w, https:\/\/i0.wp.com\/blogdoeloiltoncajuhy.com.br\/site\/wp-content\/uploads\/2015\/07\/Padre-Luis-1.jpeg?resize=250%2C167&amp;ssl=1 250w\" sizes=\"(max-width: 800px) 100vw, 800px\" \/><\/a><figcaption id=\"caption-attachment-2038\" class=\"wp-caption-text\">Padre Luis sendo cumprimentado por Jos\u00e9 de Jesus do MPA \/ Foto: Thomas<\/figcaption><\/figure>\n<p>Em clima de muita f\u00e9, alegria e emo\u00e7\u00e3o, no \u00faltimo dia 02 de julho, o Padre Luis Tonetto celebrou seus 50 anos de sacerd\u00f3cio, na Igreja Matriz da Par\u00f3quia de S\u00e3o Gon\u00e7alo, na cidade de Caem. Na ocasi\u00e3o, os fi\u00e9is da cidade acolheram Dom Francisco Canind\u00e9 Palhano, bispo da Diocese de Bonfim, representantes da Diocese de Veneza, It\u00e1lia, padres, di\u00e1conos, religiosas e outras autoridades, al\u00e9m de fi\u00e9is de outras par\u00f3quias que foram\u00a0render homenagens ao referido sacerdote.<\/p>\n<p>S\u00e3o 50 anos de miss\u00e3o e compromisso desse mission\u00e1rio que deixou seu pa\u00eds, a It\u00e1lia, para servir os mais necessitados no sert\u00e3o da Bahia. Chegou \u00e0 Diocese de Bonfim no dia 27 de setembro de 1966, com 26 anos de idade. Trabalhou dois anos em Senhor do Bonfim, depois em Jaguarari, por 13 anos. Em seguida, voltou para Senhor do Bonfim onde permaneceu por 9 anos. Foi transferido para a rec\u00e9m-criada Par\u00f3quia de Santo Ant\u00f4nio, em Igara, passando 10 anos.<\/p>\n<p>Em outubro de 2000 chegou a Caem onde, juntamente com o ent\u00e3o Bispo Dom Jairo Ruy Matos da Silva, fundou a Par\u00f3quia S\u00e3o Gon\u00e7alo do Amarante. Ali formou 32 comunidades e se destacou, principalmente, pelo apoio dado aos camponeses, como diz Jos\u00e9 de Jesus, da comunidade V\u00e1rzea Queimada, membro do Movimento dos Pequenos Agricultores (MPA): \u201cEle nos ajudou a organizar a comunidade, a ligar o Evangelho de Jesus com a nossa vida e a lutar pelos nossos direitos, principalmente a luta pela \u00e1gua. N\u00f3s somos gratos pelo servi\u00e7o que ele presta a nossa Igreja\u201d, disse.<\/p>\n<p>Em 1979 se engajou na CPT (Comiss\u00e3o Pastoral da Terra) ajudando na organiza\u00e7\u00e3o da Miss\u00e3o da Terra, juntamente com Dom Jairo, de saudosa mem\u00f3ria.\u00a0 Dedicou-se \u00e0 pastoral entre os pobres e lavradores, apoiando os sindicatos dos trabalhadores rurais, os movimentos sociais na defesa do seu territ\u00f3rio, na luta pela terra e pela \u00e1gua. Muito fez pela organiza\u00e7\u00e3o das comunidades.<\/p>\n<figure id=\"attachment_2039\" aria-describedby=\"caption-attachment-2039\" style=\"width: 1104px\" class=\"wp-caption aligncenter\"><a href=\"https:\/\/i0.wp.com\/blogdoeloiltoncajuhy.com.br\/site\/wp-content\/uploads\/2015\/07\/Padre-Luis-2.jpeg\"><img data-recalc-dims=\"1\" decoding=\"async\" class=\"wp-image-2039 size-full\" src=\"https:\/\/i0.wp.com\/blogdoeloiltoncajuhy.com.br\/site\/wp-content\/uploads\/2015\/07\/Padre-Luis-2.jpeg?resize=800%2C533\" alt=\"Padre Luis celebrando seus 50 anos de sacerd\u00f3cio na Igreja de Ca\u00e9m \/ Foto: Thomas\" width=\"800\" height=\"533\" srcset=\"https:\/\/i0.wp.com\/blogdoeloiltoncajuhy.com.br\/site\/wp-content\/uploads\/2015\/07\/Padre-Luis-2.jpeg?w=1104&amp;ssl=1 1104w, https:\/\/i0.wp.com\/blogdoeloiltoncajuhy.com.br\/site\/wp-content\/uploads\/2015\/07\/Padre-Luis-2.jpeg?resize=300%2C200&amp;ssl=1 300w, https:\/\/i0.wp.com\/blogdoeloiltoncajuhy.com.br\/site\/wp-content\/uploads\/2015\/07\/Padre-Luis-2.jpeg?resize=1024%2C683&amp;ssl=1 1024w, https:\/\/i0.wp.com\/blogdoeloiltoncajuhy.com.br\/site\/wp-content\/uploads\/2015\/07\/Padre-Luis-2.jpeg?resize=250%2C167&amp;ssl=1 250w\" sizes=\"(max-width: 800px) 100vw, 800px\" \/><\/a><figcaption id=\"caption-attachment-2039\" class=\"wp-caption-text\">Padre Luis celebrando seus 50 anos de sacerd\u00f3cio na Igreja de Ca\u00e9m \/ Foto: Thomas<\/figcaption><\/figure>\n<p>Na homilia, Padre Luis disse que quando chegou a Bonfim o que o ajudou a ser padre foi ir para o meio do povo. \u201cAntes da missa eu sentava na cal\u00e7ada com as pessoas dialogando sobre a vida do povo. Tratava de assuntos como a viol\u00eancia descontrolada das periferias urbanas ou da grilagem de terras. A fome dos pequenos agricultores, a falta de perspectiva, o desemprego, problemas estruturais de um campo olig\u00e1rquico que mant\u00e9m imut\u00e1veis as diferen\u00e7as e injusti\u00e7as sociais. Isso me fez padre&#8221;, falou.<\/p>\n<p>Durante esses 50 anos de servi\u00e7o \u00e0 Diocese de Bonfim, Padre Luis Tonetto tem se destacado pelas celebra\u00e7\u00f5es de missas, casamentos, batismos, catequese, constru\u00e7\u00e3o de igrejas e de centros comunit\u00e1rios, estrutura\u00e7\u00e3o de 4 par\u00f3quias, escolas, casas de farinhas, cisternas, e diversas obras sociais nas comunidades.<\/p>\n<p>Tudo se conclui com as organiza\u00e7\u00f5es, amigos e amigas do Padre Luis abra\u00e7ando-o, prestando-lhe homenagens pelo belo servi\u00e7o prestado em todo o territ\u00f3rio da Diocese, principalmente nas par\u00f3quias por onde ele\u00a0passou.<\/p>\n<p><em>*Por Antonio\u00a0C\u00e9lio,\u00a0Agente da Comiss\u00e3o Pastoral da Terra da\u00a0Diocese de Bonfim-BA<\/em><\/p>\n","protected":false},"excerpt":{"rendered":"<p>Em clima de muita f\u00e9, alegria e emo\u00e7\u00e3o, no \u00faltimo dia 02 de julho, o Padre Luis Tonetto celebrou seus 50 anos de sacerd\u00f3cio, na Igreja Matriz da Par\u00f3quia de S\u00e3o Gon\u00e7alo, na cidade de Caem. Na ocasi\u00e3o, os fi\u00e9is da cidade acolheram Dom Francisco Canind\u00e9 Palhano, bispo da Diocese de Bonfim, representantes da Diocese [&hellip;]<\/p>\n","protected":false},"author":2,"featured_media":2039,"comment_status":"open","ping_status":"open","sticky":false,"template":"","format":"standard","meta":{"_acf_changed":false,"_monsterinsights_skip_tracking":false,"_monsterinsights_sitenote_active":false,"_monsterinsights_sitenote_note":"","_monsterinsights_sitenote_category":0,"_jetpack_memberships_contains_paid_content":false,"footnotes":"","jetpack_publicize_message":"","jetpack_publicize_feature_enabled":true,"jetpack_social_post_already_shared":true,"jetpack_social_options":{"image_generator_settings":{"template":"highway","default_image_id":0,"font":"","enabled":false},"version":2}},"categories":[1,11],"tags":[],"class_list":["post-2037","post","type-post","status-publish","format-standard","has-post-thumbnail","hentry","category-noticias","category-regional"],"acf":[],"jetpack_publicize_connections":[],"jetpack_featured_media_url":"https:\/\/i0.wp.com\/blogdoeloiltoncajuhy.com.br\/site\/wp-content\/uploads\/2015\/07\/Padre-Luis-2.jpeg?fit=1104%2C736&ssl=1","jetpack_sharing_enabled":true,"publishpress_future_workflow_manual_trigger":{"enabledWorkflows":[]},"_links":{"self":[{"href":"https:\/\/blogdoeloiltoncajuhy.com.br\/site\/wp-json\/wp\/v2\/posts\/2037","targetHints":{"allow":["GET"]}}],"collection":[{"href":"https:\/\/blogdoeloiltoncajuhy.com.br\/site\/wp-json\/wp\/v2\/posts"}],"about":[{"href":"https:\/\/blogdoeloiltoncajuhy.com.br\/site\/wp-json\/wp\/v2\/types\/post"}],"author":[{"embeddable":true,"href":"https:\/\/blogdoeloiltoncajuhy.com.br\/site\/wp-json\/wp\/v2\/users\/2"}],"replies":[{"embeddable":true,"href":"https:\/\/blogdoeloiltoncajuhy.com.br\/site\/wp-json\/wp\/v2\/comments?post=2037"}],"version-history":[{"count":1,"href":"https:\/\/blogdoeloiltoncajuhy.com.br\/site\/wp-json\/wp\/v2\/posts\/2037\/revisions"}],"predecessor-version":[{"id":2040,"href":"https:\/\/blogdoeloiltoncajuhy.com.br\/site\/wp-json\/wp\/v2\/posts\/2037\/revisions\/2040"}],"wp:featuredmedia":[{"embeddable":true,"href":"https:\/\/blogdoeloiltoncajuhy.com.br\/site\/wp-json\/wp\/v2\/media\/2039"}],"wp:attachment":[{"href":"https:\/\/blogdoeloiltoncajuhy.com.br\/site\/wp-json\/wp\/v2\/media?parent=2037"}],"wp:term":[{"taxonomy":"category","embeddable":true,"href":"https:\/\/blogdoeloiltoncajuhy.com.br\/site\/wp-json\/wp\/v2\/categories?post=2037"},{"taxonomy":"post_tag","embeddable":true,"href":"https:\/\/blogdoeloiltoncajuhy.com.br\/site\/wp-json\/wp\/v2\/tags?post=2037"}],"curies":[{"name":"wp","href":"https:\/\/api.w.org\/{rel}","templated":true}]}}